{"id":7176,"date":"2009-03-30T16:42:51","date_gmt":"2009-03-30T13:42:51","guid":{"rendered":"http:\/\/www.korhanyilmaz.com\/?p=7176"},"modified":"2009-03-30T16:42:51","modified_gmt":"2009-03-30T13:42:51","slug":"kabinenin-8-bakani-hanesine-eksi-yazdirdi","status":"publish","type":"post","link":"http:\/\/www.korhanyilmaz.com\/?p=7176","title":{"rendered":"Kabinenin 8 bakan\u0131 hanesine eksi yazd\u0131rd\u0131"},"content":{"rendered":"<p style=\"text-align: center;\"><img loading=\"lazy\" decoding=\"async\" class=\"aligncenter size-full wp-image-7177\" title=\"Kabinenin 8 bakan\u0131 hanesine eksi yazd\u0131rd\u0131 \" src=\"http:\/\/www.korhanyilmaz.com\/wp-content\/uploads\/2009\/03\/310320090356191881552.jpg\" alt=\"Kabinenin 8 bakan\u0131 hanesine eksi yazd\u0131rd\u0131 \" width=\"329\" height=\"210\" \/><\/p>\n<p style=\"text-align: justify;\"><strong>Erdo\u011fan, hedefledi\u011fi illerde se\u00e7imi kazanmak i\u00e7in baz\u0131 bakanlar\u0131 \u00f6zel olarak g\u00f6revlendirdi. Bakanlar da yo\u011fun g\u00fcndeme ra\u011fmen i\u015fi g\u00fcc\u00fc b\u0131rak\u0131p, b\u00f6lgelerindeki adaylara destek i\u00e7in \u00e7al\u0131\u015ft\u0131lar. Ama sonu\u00e7 ba\u015far\u0131s\u0131z oldu<\/strong>.<\/p>\n<p style=\"text-align: justify;\">SE\u00c7\u0130M sonu\u00e7lar\u0131n\u0131n a\u00e7\u0131klanmas\u0131yla g\u00f6zler Ba\u015fbakan Erdo\u011fan&#8217;\u0131n se\u00e7im b\u00f6lgelerinde \u00e7al\u0131\u015fmalar\u0131 i\u00e7in \u00f6zel olarak talimat verdi\u011fi bakanlara \u00e7evrildi. Sonu\u00e7lar, Ba\u015fbakan&#8217;\u0131n &#8216;mutlaka ba\u015far\u0131 bekledi\u011fi&#8217; illerde \u00e7al\u0131\u015fma y\u00fcr\u00fcten baz\u0131 bakanlar\u0131n, Erdo\u011fan&#8217;\u0131 hayal k\u0131r\u0131kl\u0131\u011f\u0131na u\u011fratt\u0131\u011f\u0131n\u0131 ortaya koydu. Buna g\u00f6re Adalet Bakan\u0131 Mehmet Ali \u015eahin, Enerji Bakan\u0131 Hilmi G\u00fcler, Devlet Bakan\u0131 K\u00fcr\u015fad T\u00fczmen, Milli E\u011fitim Bakan\u0131 H\u00fcseyin \u00c7elik, Maliye Bakan\u0131 Kemal Unak\u0131tan&#8217;\u0131n ba\u015far\u0131s\u0131zl\u0131\u011f\u0131 rakamlara yans\u0131d\u0131. Ekonomik kriz ba\u015fta olmak \u00fczere Ankara&#8217;n\u0131n yo\u011fun g\u00fcndemine ra\u011fmen i\u015fi g\u00fcc\u00fc b\u0131rak\u0131p se\u00e7im \u00e7al\u0131\u015fmas\u0131 y\u00fcr\u00fcten Bakanlar\u0131n hanesine de eksi kaydedilmi\u015f oldu. <!--more--><\/p>\n<p style=\"text-align: justify;\"><strong>ANTALYA:<\/strong> Erdo\u011fan&#8217;\u0131n se\u00e7im sonu\u00e7lar\u0131yla ilgili de\u011ferlendirmesinde Antalya i\u00e7in &#8220;\u00dcz\u00fcld\u00fcm&#8221; s\u00f6zleriyle partisinin ba\u015far\u0131s\u0131zl\u0131\u011f\u0131n\u0131 ortaya koydu. Ba\u015fbakan Yard\u0131mc\u0131s\u0131 \u015eahin&#8217;in aktif olarak \u00e7al\u0131\u015ft\u0131\u011f\u0131 Antalya, s\u00fcrpriz bir \u015fekilde CHP&#8217;ye gitti. Antalya&#8217;n\u0131n g\u00f6revdeki belediye ba\u015fkan\u0131 AKPli Menderes Tevfik T\u00fcrel, bu se\u00e7imlerde y\u00fczde 35.06&#8217;l\u0131k oy oran\u0131yla Antalya&#8217;y\u0131, y\u00fczde 40.72 oy alan CHPli Mustafa Akayd\u0131n&#8217;a b\u0131rakmak zorunda kald\u0131.<\/p>\n<p style=\"text-align: justify;\"><strong>ORDU:<\/strong> Enerji Bakan\u0131 Hilmi G\u00fcler, T\u00fcrkiye&#8217;nin enerji g\u00fcndemini b\u0131rakarak haftalarca Ordu&#8217;da se\u00e7im \u00e7al\u0131\u015fmalar\u0131na kat\u0131ld\u0131. AKP&#8217;nin Ordu Belediye ba\u015fkan ada\u015f\u0131 Ay\u015fe Bahar \u00c7ebi i\u00e7in \u00e7al\u0131\u015fan G\u00fcler, &#8220;Ordu bu kez bizim i\u00e7in \u00e7ok \u00f6nemli&#8221; yorumunu yapm\u0131\u015ft\u0131. Ancak 36 bin 346 oyla y\u00fczde 38.75&#8217;e ula\u015fan AKP, Ordu&#8217;yu bir kez daha y\u00fczde 51.92&#8217;lik oy oran\u0131yla se\u00e7imi kazanan DSP&#8217;ye b\u0131rakmak zorunda kald\u0131.<\/p>\n<p style=\"text-align: justify;\"><strong>MERS\u0130N:<\/strong> D\u0131\u015f Ticaretten sorumlu devlet bakan\u0131 K\u00fcr\u015fat t\u00fczmen&#8217;in aylarca yerel se\u00e7im i\u00e7in \u00e7al\u0131\u015ft\u0131\u011f\u0131 Mersin&#8217;de benzer bir sonu\u00e7 ya\u015fand\u0131. AKP&#8217;nin mutlaka almak istedi\u011fi belediye ba\u015fkanl\u0131k se\u00e7imini y\u00fczde 30.88&#8217;lik oyla yeniden CHP kazand\u0131. AKP&#8217;nin oy oran\u0131 y\u00fczde 21.27&#8217;de kald\u0131. Bu oyla AKP MHP&#8217;den sonra 3. parti olabildi.<\/p>\n<p style=\"text-align: justify;\"><strong>Erdo\u011fan padi\u015fah gibi<\/strong> <strong>VAN:<\/strong> Milli E\u011fitim Bakan\u0131 H\u00fcseyin \u00c7elik haftalarca \u00e7al\u0131\u015ft\u0131\u011f\u0131 Van&#8217;da oylar\u0131 DTP&#8217;ye kapt\u0131rd\u0131. DTP&#8217;nin a\u00e7\u0131k ara farkla kazand\u0131\u011f\u0131 Van, b\u00f6ylece \u00c7elik&#8217;in hanesine eksi yazd\u0131.<\/p>\n<p style=\"text-align: justify;\"><strong>D\u0130YARBAKIR:<\/strong> Tar\u0131m Bakan\u0131 Mehdi Eker de Diyarbakar&#8217;da b\u00fcy\u00fck bir ba\u015far\u0131s\u0131zl\u0131k ya\u015fad\u0131. DTPli Osman Baydemir, Eker&#8217;in se\u00e7im b\u00f6lgesi olan Diyarbak\u0131r&#8217;da ezici bir \u00e7o\u011funlukla oylar\u0131n\u0131 art\u0131rarak DTP&#8217;yi Diyarbak\u0131r&#8217;da lider yapt\u0131.<\/p>\n<p style=\"text-align: justify;\"><strong>ESK\u0130\u015eEH\u0130R:<\/strong> Maliye Bakan\u0131 Kemal Unak\u0131tan se\u00e7im b\u00f6lgesi Eski\u015fehir&#8217;de se\u00e7imlerden \u00e7ok \u00f6nce \u00e7al\u0131\u015fmaya ba\u015flad\u0131. 2007 se\u00e7imlerinden itibaren hemen her hafta sonunu Eski\u015fehir&#8217;de ge\u00e7iren Bakan Unak\u0131tan, se\u00e7ime k\u0131sa bir s\u00fcre kala rahats\u0131zlan\u0131nca, b\u00f6lgesine gidemedi. Uzun s\u00fcreli ve yo\u011fun \u00e7al\u0131\u015fmaya ra\u011fmen Unak\u0131tan, Eski\u015fehir&#8217;de varl\u0131k gesteremedi. Se\u00e7imi DSP&#8217;li Y\u0131lmaz B\u00fcy\u00fcker\u015fan a\u00e7\u0131k ara farkla kazand\u0131. Oylar\u0131n y\u00fczde 52.56&#8217;s\u0131n\u0131 kazanan DSPli B\u00fcy\u00fcker\u015fan, bir kez daha ba\u015fkanl\u0131k yapacak.<\/p>\n<p style=\"text-align: justify;\"><strong>\u0130ZM\u0130R:<\/strong> Bu se\u00e7imlerde mutlaka \u0130zmir&#8217;i almak isteyen Ba\u015fbakan Erdo\u011fan, Devlet Bakan\u0131 Mehmet Ayd\u0131n ve Milli Savunma Bakan\u0131 Vecdi G\u00f6n\u00fcl&#8217;\u00fcn \u00f6zel olarak \u00e7al\u0131\u015fmas\u0131n\u0131 istemi\u015fti. Ancak \u0130zmir&#8217;de AKP&#8217;ye iki bakan da beklenen sonucu ya\u015fatamad\u0131. CHP&#8217;li Aziz Kocao\u011flu se\u00e7imi a\u00e7\u0131k ara farkla kazand\u0131.<\/p>\n<p style=\"text-align: justify;\"><strong>G\u00f6zler kabine de\u011fi\u015fikli\u011finde<\/strong><\/p>\n<p style=\"text-align: justify;\">BA\u015eBAKAN Erdo\u011fan, \u00f6nceki ak\u015fam se\u00e7im sonu\u00e7lar\u0131n\u0131 kurmaylar\u0131yla iki saatlik bir toplant\u0131da de\u011ferlendirdi. Erdo\u011fan, Adalet Bakan\u0131 Mehmet Ali \u015eahin, Milli E\u011fitim Bakan\u0131 H\u00fcseyin \u00c7elik, eski Meclis Ba\u015fkan\u0131 B\u00fclent Ar\u0131n\u00e7&#8217;\u0131 ve kaybetti\u011fi illerin b\u00f6lge milletvekillerini telefonda arayarak, durum de\u011ferlendirmesi yapt\u0131\u011f\u0131 belirtiliyor. Erdo\u011fan, se\u00e7im sonu\u00e7lar\u0131n\u0131 de\u011ferlendirirken yapt\u0131\u011f\u0131 a\u00e7\u0131klamada, &#8220;Kabinede de\u011fi\u015fiklik se\u00e7im sonu\u00e7lar\u0131na ba\u011fl\u0131 olarak da olmayarak da yap\u0131labilir. B\u00f6yle davranmak grubumuz i\u00e7in de de kabine i\u00e7inde de anormal kar\u015f\u0131lanmamal\u0131d\u0131r. Zaman zaman bu de\u011fi\u015fiklikleri yapt\u0131k, bundan sonra da yapaca\u011f\u0131z&#8221; dedi. Bu s\u00f6zler kulisleri hareketlendirdi; tahminler ba\u015flad\u0131.<\/p>\n<p style=\"text-align: justify;\"><strong>K\u0130MLER G\u0130DEB\u0130L\u0130R?<\/strong><\/p>\n<p style=\"text-align: justify;\">Kulislerde Maliye Bakan\u0131 Kemal Unak\u0131tan&#8217;\u0131n kabine d\u0131\u015f\u0131nda kalmas\u0131n\u0131n a\u011f\u0131rl\u0131k ihtimal oldu\u011fu konu\u015fuluyor. \u00c7ocuklar\u0131n\u0131n i\u015fleri nedeniyle y\u0131prand\u0131\u011f\u0131 s\u00f6ylenen Unak\u0131tan&#8217;\u0131n sa\u011fl\u0131k sorunlar\u0131 y\u00fcz\u00fcnden de dinlenme s\u00fcrecine girece\u011fi ileri s\u00fcr\u00fcl\u00fcyor. \u0130kinci isim olarak da Adalet Bakan\u0131 Mehmet Ali \u015eahin g\u00f6steriliyor. AKP&#8217;nin Antalya&#8217;da se\u00e7imi kaybetmesinde \u015eahin&#8217;in se\u00e7mene g\u00f6zda\u011f\u0131 veren konu\u015fmas\u0131n\u0131n etkili oldu\u011fu yorumlar\u0131 yap\u0131l\u0131yor. Milli E\u011fitim Bakan\u0131 H\u00fcseyin \u00c7elik&#8217;in ismi de gidiciler aras\u0131nda ge\u00e7mesine ra\u011fmen kulislerde bu zay\u0131f ihtimal olarak de\u011ferlendiriliyor. \u00c7al\u0131\u015fma ve Sosyal G\u00fcvenlik Bakan\u0131 Faruk \u00c7elik&#8217;in de ismi konu\u015fuluyor.<\/p>\n<p style=\"text-align: justify;\"><strong>K\u0130MLER GELEB\u0130L\u0130R?<\/strong><\/p>\n<p style=\"text-align: justify;\">AKP Grup Ba\u015fkanvekili Nurettin Canikli&#8217;nin Unak\u0131tan yerine Maliye Bakanl\u0131\u011f\u0131 koltu\u011funa oturabilece\u011fi ileri s\u00fcr\u00fcl\u00fcyor. Adalet Bakanl\u0131\u011f\u0131&#8217;na gelebilecek AKP&#8217;li milletvekilleri aras\u0131nda Hayati Yaz\u0131c\u0131&#8217;n\u0131n ismi \u00f6n plana \u00e7\u0131kt\u0131. Halen Devlet Bakan\u0131 olan Yaz\u0131c\u0131 ile \u015eahin&#8217;in kabine i\u00e7inde yer de\u011fi\u015ftirebilece\u011fi veya \u015eahin&#8217;in komisyon ba\u015fkanl\u0131\u011f\u0131 veya grup ba\u015fkanvekilli\u011fi gibi bir g\u00f6reve kayd\u0131r\u0131labilece\u011fi konu\u015fuluyor. Kritik noktalarda g\u00f6rev yapan iki bakandan Milli Savunma Bakan\u0131 Vecdi G\u00f6n\u00fcl ile Devlet Bakan\u0131 Mehmet Ayd\u0131n&#8217;\u0131n da \u0130zmir&#8217;deki se\u00e7im sonu\u00e7lar\u0131n\u0131n faturas\u0131n\u0131 \u00f6deyebilece\u011fi konu\u015fuluyor ancak Erdo\u011fan&#8217;\u0131n iki bakan\u0131n da kabine d\u0131\u015f\u0131nda kalmas\u0131na s\u0131cak bakmad\u0131\u011f\u0131 belirtiliyor.<\/p>\n<p style=\"text-align: justify;\"><span style=\"color: #888888;\">Kaynak : Vatan Gazetesi<\/span><\/p>\n<p style=\"text-align: justify;\">\n","protected":false},"excerpt":{"rendered":"<p style=\"text-align: center;\">\n<p style=\"text-align: justify;\">Erdo\u011fan, hedefledi\u011fi illerde se\u00e7imi kazanmak i\u00e7in baz\u0131 bakanlar\u0131 \u00f6zel olarak g\u00f6revlendirdi. Bakanlar da yo\u011fun g\u00fcndeme ra\u011fmen i\u015fi g\u00fcc\u00fc b\u0131rak\u0131p, b\u00f6lgelerindeki adaylara destek i\u00e7in \u00e7al\u0131\u015ft\u0131lar. Ama sonu\u00e7 ba\u015far\u0131s\u0131z oldu.<\/p>\n<p style=\"text-align: justify;\">SE\u00c7\u0130M sonu\u00e7lar\u0131n\u0131n a\u00e7\u0131klanmas\u0131yla g\u00f6zler Ba\u015fbakan Erdo\u011fan&#8217;\u0131n se\u00e7im b\u00f6lgelerinde \u00e7al\u0131\u015fmalar\u0131 i\u00e7in \u00f6zel olarak talimat verdi\u011fi bakanlara \u00e7evrildi. Sonu\u00e7lar, Ba\u015fbakan&#8217;\u0131n &#8216;mutlaka ba\u015far\u0131 <\/p>\n","protected":false},"author":1,"featured_media":0,"comment_status":"open","ping_status":"closed","sticky":false,"template":"","format":"standard","meta":{"footnotes":""},"categories":[105],"tags":[],"class_list":["post-7176","post","type-post","status-publish","format-standard","hentry","category-gundem","odd"],"_links":{"self":[{"href":"http:\/\/www.korhanyilmaz.com\/index.php?rest_route=\/wp\/v2\/posts\/7176","targetHints":{"allow":["GET"]}}],"collection":[{"href":"http:\/\/www.korhanyilmaz.com\/index.php?rest_route=\/wp\/v2\/posts"}],"about":[{"href":"http:\/\/www.korhanyilmaz.com\/index.php?rest_route=\/wp\/v2\/types\/post"}],"author":[{"embeddable":true,"href":"http:\/\/www.korhanyilmaz.com\/index.php?rest_route=\/wp\/v2\/users\/1"}],"replies":[{"embeddable":true,"href":"http:\/\/www.korhanyilmaz.com\/index.php?rest_route=%2Fwp%2Fv2%2Fcomments&post=7176"}],"version-history":[{"count":0,"href":"http:\/\/www.korhanyilmaz.com\/index.php?rest_route=\/wp\/v2\/posts\/7176\/revisions"}],"wp:attachment":[{"href":"http:\/\/www.korhanyilmaz.com\/index.php?rest_route=%2Fwp%2Fv2%2Fmedia&parent=7176"}],"wp:term":[{"taxonomy":"category","embeddable":true,"href":"http:\/\/www.korhanyilmaz.com\/index.php?rest_route=%2Fwp%2Fv2%2Fcategories&post=7176"},{"taxonomy":"post_tag","embeddable":true,"href":"http:\/\/www.korhanyilmaz.com\/index.php?rest_route=%2Fwp%2Fv2%2Ftags&post=7176"}],"curies":[{"name":"wp","href":"https:\/\/api.w.org\/{rel}","templated":true}]}}