{"id":7143,"date":"2009-03-30T15:04:48","date_gmt":"2009-03-30T12:04:48","guid":{"rendered":"http:\/\/www.korhanyilmaz.com\/?p=7143"},"modified":"2009-03-30T15:04:48","modified_gmt":"2009-03-30T12:04:48","slug":"arap-birligi-zirvesi%e2%80%99nde-kaddafi-kriz-cikardi","status":"publish","type":"post","link":"http:\/\/www.korhanyilmaz.com\/?p=7143","title":{"rendered":"Arap Birli\u011fi Zirvesi\u2019nde Kaddafi kriz \u00e7\u0131kard\u0131"},"content":{"rendered":"<p style=\"text-align: center;\"><img loading=\"lazy\" decoding=\"async\" class=\"aligncenter size-full wp-image-7144\" title=\"Libya lideri Muammer Kaddafi\" src=\"http:\/\/www.korhanyilmaz.com\/wp-content\/uploads\/2009\/03\/fft28_mf146818.jpeg\" alt=\"Libya lideri Muammer Kaddafi\" width=\"306\" height=\"204\" \/><\/p>\n<p style=\"text-align: center;\">\n<p style=\"text-align: justify;\"><strong>&#8216;Ben M\u00fcsl\u00fcmanlar\u0131n imam\u0131y\u0131m&#8217; dedi, salonu terk etti.<\/strong><\/p>\n<p style=\"text-align: justify;\">DOHA &#8211; Libya lideri Muammer Kaddafi, Katar&#8217;\u0131n ba\u015fkenti Doha&#8217;da bug\u00fcn ba\u015flayan Arap Birli\u011fi zirvesine, a\u00e7\u0131l\u0131\u015f oturumuna 5 dakika kat\u0131l\u0131p sonra da terk ederek damgas\u0131n\u0131 vurdu.<br \/>\nArap Birli\u011fi 21. Zirvesine kat\u0131lmak i\u00e7in Doha&#8217;ya gelen Libya lideri Kaddafi, zirvenin a\u00e7\u0131l\u0131\u015f oturumuna, di\u011fer liderlerden sonra gelerek ge\u00e7 kat\u0131ld\u0131.<br \/>\nArap Birli\u011fi Genel Sekreteri Amr Musa&#8217;n\u0131n a\u00e7\u0131l\u0131\u015f konu\u015fmas\u0131 s\u0131ras\u0131nda yerinden konu\u015fmaya ba\u015flayan ve &#8220;Ben Arap d\u00fcnyas\u0131n\u0131n lideriyim. Ben M\u00fcsl\u00fcmanlar\u0131n imam\u0131y\u0131m&#8221; diyen Kaddafi&#8217;nin bu s\u00f6zlerine Katar Emiri \u015eeyh Hamid bin El Tani m\u00fcdahale ederek susmas\u0131n\u0131 istedi. Konu\u015fmas\u0131 kesilen Kaddafi bunun \u00fczerine, &#8220;Misafirperverli\u011finiz i\u00e7in te\u015fekk\u00fcr ederim&#8221; diyerek salondan ayr\u0131ld\u0131.<!--more--><br \/>\nKaddafi&#8217;nin Doha&#8217;da ge\u00e7en aylarda a\u00e7\u0131lan \u0130slam Eserleri M\u00fczesini ziyarete gitti\u011fi ve zirve toplant\u0131s\u0131na daha sonra kat\u0131l\u0131p kat\u0131lmayaca\u011f\u0131n\u0131n belli olmad\u0131\u011f\u0131 belirtildi.<br \/>\nKaddafi&#8217;nin salonu terk etmesi s\u0131ras\u0131nda di\u011fer liderlerin, \u015fa\u015fk\u0131nl\u0131k i\u00e7inde olanlar\u0131 izledi\u011fi bildirildi. Kaddafi, zirve \u00f6ncesi aile foto\u011fraf\u0131na da kat\u0131lmayarak protesto etti.<br \/>\nAmerikan Associated Press ajans\u0131 da Kaddafi&#8217;nin Suudi Kral\u0131 Abdullah&#8217;\u0131 ele\u015ftirerek, zirveyi terk etti\u011fini duyurmu\u015ftu.<br \/>\nAjans\u0131n haberinde Kaddafi&#8217;nin Kral Abdullah&#8217;\u0131, &#8220;\u0130ngiliz mahsul\u00fc ve Amerikan m\u00fcttefiki&#8221; olarak nitelendirdi\u011fi belirtilmi\u015fti.\n<\/p>\n<p style=\"text-align: justify;\">Bu arada haberinde Kaddafi&#8217;nin daha sonra Suudi Kral\u0131&#8217;ndan \u00f6z\u00fcr diledi\u011fini de veren AP ajans\u0131, bir d\u00fczeltme yaparak, Libya liderinin Kral Abdullah&#8217;tan \u00f6z\u00fcr dilemedi\u011fini bildirdi.<\/p>\n<p style=\"text-align: justify;\"><span style=\"color: #888888;\">Kaynak : Radikal<\/span><\/p>\n","protected":false},"excerpt":{"rendered":"<p style=\"text-align: center;\">\n<p style=\"text-align: center;\">\n<p style=\"text-align: justify;\">&#8216;Ben M\u00fcsl\u00fcmanlar\u0131n imam\u0131y\u0131m&#8217; dedi, salonu terk etti.<\/p>\n<p style=\"text-align: justify;\">DOHA &#8211; Libya lideri Muammer Kaddafi, Katar&#8217;\u0131n ba\u015fkenti Doha&#8217;da bug\u00fcn ba\u015flayan Arap Birli\u011fi zirvesine, a\u00e7\u0131l\u0131\u015f oturumuna 5 dakika kat\u0131l\u0131p sonra da terk ederek damgas\u0131n\u0131 vurdu. Arap Birli\u011fi 21. Zirvesine kat\u0131lmak i\u00e7in Doha&#8217;ya gelen Libya lideri Kaddafi, zirvenin a\u00e7\u0131l\u0131\u015f <\/p>\n","protected":false},"author":1,"featured_media":0,"comment_status":"open","ping_status":"closed","sticky":false,"template":"","format":"standard","meta":{"footnotes":""},"categories":[3],"tags":[],"class_list":["post-7143","post","type-post","status-publish","format-standard","hentry","category-dunya","odd"],"_links":{"self":[{"href":"http:\/\/www.korhanyilmaz.com\/index.php?rest_route=\/wp\/v2\/posts\/7143","targetHints":{"allow":["GET"]}}],"collection":[{"href":"http:\/\/www.korhanyilmaz.com\/index.php?rest_route=\/wp\/v2\/posts"}],"about":[{"href":"http:\/\/www.korhanyilmaz.com\/index.php?rest_route=\/wp\/v2\/types\/post"}],"author":[{"embeddable":true,"href":"http:\/\/www.korhanyilmaz.com\/index.php?rest_route=\/wp\/v2\/users\/1"}],"replies":[{"embeddable":true,"href":"http:\/\/www.korhanyilmaz.com\/index.php?rest_route=%2Fwp%2Fv2%2Fcomments&post=7143"}],"version-history":[{"count":0,"href":"http:\/\/www.korhanyilmaz.com\/index.php?rest_route=\/wp\/v2\/posts\/7143\/revisions"}],"wp:attachment":[{"href":"http:\/\/www.korhanyilmaz.com\/index.php?rest_route=%2Fwp%2Fv2%2Fmedia&parent=7143"}],"wp:term":[{"taxonomy":"category","embeddable":true,"href":"http:\/\/www.korhanyilmaz.com\/index.php?rest_route=%2Fwp%2Fv2%2Fcategories&post=7143"},{"taxonomy":"post_tag","embeddable":true,"href":"http:\/\/www.korhanyilmaz.com\/index.php?rest_route=%2Fwp%2Fv2%2Ftags&post=7143"}],"curies":[{"name":"wp","href":"https:\/\/api.w.org\/{rel}","templated":true}]}}