{"id":71251,"date":"2023-11-10T15:58:05","date_gmt":"2023-11-10T12:58:05","guid":{"rendered":"http:\/\/www.korhanyilmaz.com\/?p=71251"},"modified":"2023-11-11T15:15:04","modified_gmt":"2023-11-11T12:15:04","slug":"ozgur-ozelden-erdogana-sen-darbecisin","status":"publish","type":"post","link":"http:\/\/www.korhanyilmaz.com\/?p=71251","title":{"rendered":"\u00d6zg\u00fcr \u00d6zel\u2019den Erdo\u011fan\u2019a: Sen darbecisin"},"content":{"rendered":"<p style=\"text-align: justify;\"><a href=\"http:\/\/www.korhanyilmaz.com\/wp-content\/uploads\/2023\/11\/2023-11-10_181006.png\"  class=\"lightview\"><img loading=\"lazy\" decoding=\"async\" class=\"wp-image-71252 aligncenter\" src=\"http:\/\/www.korhanyilmaz.com\/wp-content\/uploads\/2023\/11\/2023-11-10_181006.png\" alt=\"\" width=\"400\" height=\"307\" \/><\/a><\/p>\n<p class=\"spot\" style=\"text-align: justify;\">CHP lideri \u00d6zel, Cumhurba\u015fkan\u0131 Erdo\u011fan&#8217;\u0131n yarg\u0131 krizine dair s\u00f6zlerini ele\u015ftirdi. \u00d6zel &#8220;<span style=\"text-decoration: underline;\">Yarg\u0131tay ile birlikte anayasan\u0131n h\u00fckm\u00fcn\u00fc yok saymaya \u00e7al\u0131\u015fmakta. Halk sana bu yetkiyi vermedi. Sen bu y\u00fczden darbecisin. Bu bir darbe giri\u015fimi<\/span>&#8221; dedi.<\/p>\n<p style=\"text-align: justify;\">CHP\u00a0Genel Ba\u015fkan\u0131 \u00d6zg\u00fcr \u00d6zel, y\u00fcksek yarg\u0131daki krizin ard\u0131ndan T\u00fcrkiye Barolar Birli\u011fi\u2019nin \u00e7a\u011fr\u0131s\u0131yla avukatlar\u0131n ba\u015flatt\u0131\u011f\u0131 y\u00fcr\u00fcy\u00fc\u015fe kat\u0131ld\u0131. Avukatlara destek veren \u00d6zg\u00fcr \u00d6zel, Yarg\u0131tay binas\u0131 \u00f6n\u00fcnde sona eren y\u00fcr\u00fcy\u00fc\u015f\u00fcn ard\u0131ndan Anayasa Mahkemesi \u00f6n\u00fcne geldi.<!--more--><\/p>\n<p style=\"text-align: justify;\"><strong><a href=\"http:\/\/www.korhanyilmaz.com\/wp-content\/uploads\/2023\/11\/2023-11-10_181543.png\"  class=\"lightview\"><img loading=\"lazy\" decoding=\"async\" class=\"alignleft wp-image-71253\" src=\"http:\/\/www.korhanyilmaz.com\/wp-content\/uploads\/2023\/11\/2023-11-10_181543.png\" alt=\"\" width=\"300\" height=\"174\" \/><\/a>\u201cERDO\u011eAN L\u0130DERL\u0130\u011e\u0130NDE B\u0130R KALKI\u015eMA\u2026\u201d<\/strong><\/p>\n<p style=\"text-align: justify;\">AYM \u00f6n\u00fcnde konu\u015fan \u00d6zel, Cumhurba\u015fkan\u0131 Erdo\u011fan\u2019\u0131n y\u00fcksek yarg\u0131daki krize ili\u015fkin s\u00f6zlerini ele\u015ftirdi. \u00d6zel, \u015funlar\u0131 s\u00f6yledi:<\/p>\n<p style=\"text-align: justify;\">\u2013 T\u00fcrkiye, anayasa gelene\u011fi \u00e7ok g\u00fc\u00e7l\u00fc olan bir \u00fclke ancak AKP \u00fclkeyi anayasas\u0131zla\u015ft\u0131rmaya \u00e7al\u0131\u015f\u0131yor. Erdo\u011fan\u2019\u0131n a\u00e7\u0131klamalar\u0131na kadar bu bir yarg\u0131 kriziydi ancak bunun Erdo\u011fan eliyle anayasal d\u00fczenin ortadan kald\u0131r\u0131lmaya \u00e7al\u0131\u015f\u0131lmas\u0131, adeta halk\u0131n iradesine kar\u015f\u0131 Erdo\u011fan liderli\u011finde bir kalk\u0131\u015fmayla kar\u015f\u0131 kar\u015f\u0131ya oldu\u011fumuz anla\u015f\u0131l\u0131yor.<\/p>\n<p style=\"text-align: justify;\"><strong>\u201cANAYASA H\u00dcKM\u00dcN\u00dc DE\u011e\u0130\u015eT\u0130RECEK G\u00dc\u00c7TE DE\u011e\u0130LS\u0130N\u201d<\/strong><\/p>\n<p style=\"text-align: justify;\">\u2013 Anayasay\u0131 de\u011fi\u015ftirebilmek i\u00e7in AKP-MHP iktidar\u0131n\u0131n yeterli milletvekili yok. <span style=\"text-decoration: underline;\">Anayasan\u0131n baz\u0131 maddelerini yok say\u0131yorlar ve buna yetkisini anayasadan alan cumhurba\u015fkan\u0131 destek veriyor. O, anayasadaki h\u00fck\u00fcmleri koruyaca\u011f\u0131na Yarg\u0131tay ile birlikte anayasan\u0131n bir h\u00fckm\u00fcn\u00fc yok saymaya \u00e7al\u0131\u015fmakta. Sen anayasan\u0131n h\u00fckm\u00fcn\u00fc de\u011fi\u015ftirecek g\u00fc\u00e7te de\u011filsin. Halk sana bu yetkiyi vermedi. Sen bu y\u00fczden darbecisin. Bu bir darbe giri\u015fimidir. Bu anayasay\u0131 ask\u0131ya alma giri\u015fimi. Millet sana oy verdi, bu Anayasa sayesinde g\u00f6rev yap\u0131yorsun. <strong>Bu Anayasa&#8217;ya sahip \u00e7\u0131k<\/strong>, <strong>\u00e7\u0131kmazsan sen de yok h\u00fckm\u00fcndesin<\/strong>.<\/span><\/p>\n<p><center><iframe loading=\"lazy\" title=\"YouTube video player\" src=\"https:\/\/www.youtube.com\/embed\/oCQu1tye5KU?si=3IMDOQ0kwIiZCbOU\" width=\"560\" height=\"315\" frameborder=\"0\" allowfullscreen=\"allowfullscreen\"><\/iframe><\/center><\/p>\n<p style=\"text-align: justify;\"><strong>\u0130LK PM YARIN<\/strong><\/p>\n<p style=\"text-align: justify;\">Di\u011fer taraftan CHP\u2019nin 38. Ola\u011fan Kurultay\u0131\u2019nda se\u00e7ilen Parti Meclisi (PM) \u00fcyeleri, yar\u0131n ilk toplant\u0131s\u0131n\u0131 Genel Ba\u015fkan \u00d6zg\u00fcr \u00d6zel ba\u015fkanl\u0131\u011f\u0131nda yapacak. \u00d6zel ba\u015fkanl\u0131\u011f\u0131ndaki toplant\u0131, yar\u0131n saat 12.00\u2019de parti genel merkezinde d\u00fczenlenecek. PM \u00fcyeleri toplant\u0131 \u00f6ncesi saat 11.00\u2019de \u00d6zel ile An\u0131tkabir\u2019i ziyaret edecek.<\/p>\n<p style=\"text-align: justify;\"><strong><a href=\"http:\/\/www.korhanyilmaz.com\/wp-content\/uploads\/2023\/11\/2023-11-10_181652.png\"  class=\"lightview\"><img loading=\"lazy\" decoding=\"async\" class=\"alignleft wp-image-71254\" src=\"http:\/\/www.korhanyilmaz.com\/wp-content\/uploads\/2023\/11\/2023-11-10_181652.png\" alt=\"\" width=\"300\" height=\"200\" \/><\/a>BABACAN\u2019A TAZ\u0130YE Z\u0130YARET\u0130<\/strong><\/p>\n<p style=\"text-align: justify;\">\u00d6te yandan \u00d6zel, babas\u0131 vefat eden DEVA Partisi Genel Ba\u015fkan\u0131 Ali Babacan\u2019a taziye ziyaretinde bulundu. CHP\u2019den yap\u0131lan a\u00e7\u0131klamada, \u00d6zel\u2019in, ge\u00e7en g\u00fcnlerde babas\u0131 Hilmi Babacan\u2019\u0131 kaybeden Ali Babacan\u2019a, parti genel merkezinde ziyaret ederek ba\u015fsa\u011fl\u0131\u011f\u0131 diledi\u011fi belirtildi.<\/p>\n<p>Kaynak : <a href=\"https:\/\/www.sozcu.com.tr\/2023\/gundem\/ozgur-ozelden-erdogana-sen-darbecisin-7858240\/\" target=\"_blank\" rel=\"noopener\">sozcu.com.tr<\/a><\/p>\n<p style=\"text-align: justify;\">\n","protected":false},"excerpt":{"rendered":"<p style=\"text-align: justify;\">\n<p class=\"spot\" style=\"text-align: justify;\">CHP lideri \u00d6zel, Cumhurba\u015fkan\u0131 Erdo\u011fan&#8217;\u0131n yarg\u0131 krizine dair s\u00f6zlerini ele\u015ftirdi. \u00d6zel &#8220;Yarg\u0131tay ile birlikte anayasan\u0131n h\u00fckm\u00fcn\u00fc yok saymaya \u00e7al\u0131\u015fmakta. Halk sana bu yetkiyi vermedi. Sen bu y\u00fczden darbecisin. Bu bir darbe giri\u015fimi&#8221; dedi.<\/p>\n<p style=\"text-align: justify;\">CHP Genel Ba\u015fkan\u0131 \u00d6zg\u00fcr \u00d6zel, y\u00fcksek yarg\u0131daki krizin ard\u0131ndan T\u00fcrkiye Barolar Birli\u011fi\u2019nin \u00e7a\u011fr\u0131s\u0131yla avukatlar\u0131n <\/p>\n","protected":false},"author":1,"featured_media":0,"comment_status":"open","ping_status":"closed","sticky":false,"template":"","format":"standard","meta":{"footnotes":""},"categories":[105],"tags":[57,660,897,3155,6846,6356,6847,6844,138,957,12,3474,6845],"class_list":["post-71251","post","type-post","status-publish","format-standard","hentry","category-gundem","tag-akp","tag-ali-babacan","tag-anayasa","tag-anayasa-mahkemesi-aym","tag-chpnin-38-olagan-kurultayi","tag-deva-partisi","tag-erdogan-eliyle-anayasal-duzenin-ortadan-kaldirilmaya-calisilmasi","tag-erdogan-liderliginde-bir-kalkisma","tag-mhp","tag-ozgur-ozel","tag-recep-tayyip-erdogan","tag-turkiye-barolar-birligi","tag-yuksek-yargidaki-kriz","odd"],"_links":{"self":[{"href":"http:\/\/www.korhanyilmaz.com\/index.php?rest_route=\/wp\/v2\/posts\/71251","targetHints":{"allow":["GET"]}}],"collection":[{"href":"http:\/\/www.korhanyilmaz.com\/index.php?rest_route=\/wp\/v2\/posts"}],"about":[{"href":"http:\/\/www.korhanyilmaz.com\/index.php?rest_route=\/wp\/v2\/types\/post"}],"author":[{"embeddable":true,"href":"http:\/\/www.korhanyilmaz.com\/index.php?rest_route=\/wp\/v2\/users\/1"}],"replies":[{"embeddable":true,"href":"http:\/\/www.korhanyilmaz.com\/index.php?rest_route=%2Fwp%2Fv2%2Fcomments&post=71251"}],"version-history":[{"count":0,"href":"http:\/\/www.korhanyilmaz.com\/index.php?rest_route=\/wp\/v2\/posts\/71251\/revisions"}],"wp:attachment":[{"href":"http:\/\/www.korhanyilmaz.com\/index.php?rest_route=%2Fwp%2Fv2%2Fmedia&parent=71251"}],"wp:term":[{"taxonomy":"category","embeddable":true,"href":"http:\/\/www.korhanyilmaz.com\/index.php?rest_route=%2Fwp%2Fv2%2Fcategories&post=71251"},{"taxonomy":"post_tag","embeddable":true,"href":"http:\/\/www.korhanyilmaz.com\/index.php?rest_route=%2Fwp%2Fv2%2Ftags&post=71251"}],"curies":[{"name":"wp","href":"https:\/\/api.w.org\/{rel}","templated":true}]}}