{"id":7123,"date":"2009-03-30T12:46:01","date_gmt":"2009-03-30T09:46:01","guid":{"rendered":"http:\/\/www.korhanyilmaz.com\/?p=7123"},"modified":"2009-03-30T12:46:01","modified_gmt":"2009-03-30T09:46:01","slug":"dtp-emanet-oylari-geri-aldik","status":"publish","type":"post","link":"http:\/\/www.korhanyilmaz.com\/?p=7123","title":{"rendered":"DTP: &#039;Emanet oylar\u0131 geri ald\u0131k&#039;"},"content":{"rendered":"<p style=\"text-align: center;\"><img loading=\"lazy\" decoding=\"async\" class=\"aligncenter size-full wp-image-7124\" title=\"DTP Genel Ba\u015fkan\u0131 Ahmet T\u00fcrk\" src=\"http:\/\/www.korhanyilmaz.com\/wp-content\/uploads\/2009\/03\/ahmet-turk.jpg\" alt=\"DTP Genel Ba\u015fkan\u0131 Ahmet T\u00fcrk\" width=\"290\" height=\"208\" \/><\/p>\n<p style=\"text-align: justify;\">DTP Genel Ba\u015fkan\u0131 Ahmet T\u00fcrk, yerel se\u00e7im sonu\u00e7lar\u0131n\u0131 de\u011ferlendirdi&#8230; DTP lideri T\u00fcrk \u015funlar\u0131 s\u00f6yledi:<\/p>\n<p style=\"text-align: justify;\">&#8211; DTP, AKP&#8217;deki emanet oylar\u0131n\u0131 geri ald\u0131<\/p>\n<p style=\"text-align: justify;\">&#8211; Sonu\u00e7lar ayn\u0131 zamanda AKP politikalar\u0131n\u0131n iflas etti\u011fini g\u00f6stermi\u015ftir<!--more--><\/p>\n<p style=\"text-align: justify;\">&#8211; Yoksulluk halk\u0131m\u0131z\u0131n kaderi de\u011fildir. AKP istihdam yaratacak politikalar\u0131 hayata ge\u00e7irmeli<\/p>\n<p style=\"text-align: justify;\">&#8211; Kamu y\u00f6neticileri AKP H\u00fck\u00fcmeti&#8217;nin de\u011fil, halk\u0131n valileri olmal\u0131d\u0131r<\/p>\n<p style=\"text-align: justify;\">&#8211; 30 Mart se\u00e7imleri \u00f6ncesinde kamu y\u00f6neticileri AKP il y\u00f6neticileri gibi \u00e7al\u0131\u015fm\u0131\u015flard\u0131r<\/p>\n<p style=\"text-align: justify;\">&#8211; Yine se\u00e7im s\u00fcreci boyunda Mu\u015f, A\u011fr\u0131, Mardin il merkezlerine yo\u011fun bask\u0131larla kar\u015f\u0131la\u015ft\u0131k. \u015e\u0131rnak&#8217;ta gaz bombalar\u0131 at\u0131ld\u0131. Mardin&#8217;de sand\u0131klar ka\u00e7\u0131r\u0131ld\u0131. A\u011fr\u0131&#8217;da sonu\u00e7lar\u0131n bu saate kadar a\u00e7\u0131klanmamas\u0131 da soru i\u015faretlerinin olu\u015fmas\u0131na yol a\u00e7m\u0131\u015ft\u0131r<\/p>\n<p style=\"text-align: justify;\"><span style=\"color: #888888;\">Kaynak : Vatan Gazetesi<\/span><\/p>\n","protected":false},"excerpt":{"rendered":"<p style=\"text-align: center;\">\n<p style=\"text-align: justify;\">DTP Genel Ba\u015fkan\u0131 Ahmet T\u00fcrk, yerel se\u00e7im sonu\u00e7lar\u0131n\u0131 de\u011ferlendirdi&#8230; DTP lideri T\u00fcrk \u015funlar\u0131 s\u00f6yledi:<\/p>\n<p style=\"text-align: justify;\">&#8211; DTP, AKP&#8217;deki emanet oylar\u0131n\u0131 geri ald\u0131<\/p>\n<p style=\"text-align: justify;\">&#8211; Sonu\u00e7lar ayn\u0131 zamanda AKP politikalar\u0131n\u0131n iflas etti\u011fini g\u00f6stermi\u015ftir<\/p>\n","protected":false},"author":1,"featured_media":0,"comment_status":"open","ping_status":"closed","sticky":false,"template":"","format":"standard","meta":{"footnotes":""},"categories":[105],"tags":[],"class_list":["post-7123","post","type-post","status-publish","format-standard","hentry","category-gundem","odd"],"_links":{"self":[{"href":"http:\/\/www.korhanyilmaz.com\/index.php?rest_route=\/wp\/v2\/posts\/7123","targetHints":{"allow":["GET"]}}],"collection":[{"href":"http:\/\/www.korhanyilmaz.com\/index.php?rest_route=\/wp\/v2\/posts"}],"about":[{"href":"http:\/\/www.korhanyilmaz.com\/index.php?rest_route=\/wp\/v2\/types\/post"}],"author":[{"embeddable":true,"href":"http:\/\/www.korhanyilmaz.com\/index.php?rest_route=\/wp\/v2\/users\/1"}],"replies":[{"embeddable":true,"href":"http:\/\/www.korhanyilmaz.com\/index.php?rest_route=%2Fwp%2Fv2%2Fcomments&post=7123"}],"version-history":[{"count":0,"href":"http:\/\/www.korhanyilmaz.com\/index.php?rest_route=\/wp\/v2\/posts\/7123\/revisions"}],"wp:attachment":[{"href":"http:\/\/www.korhanyilmaz.com\/index.php?rest_route=%2Fwp%2Fv2%2Fmedia&parent=7123"}],"wp:term":[{"taxonomy":"category","embeddable":true,"href":"http:\/\/www.korhanyilmaz.com\/index.php?rest_route=%2Fwp%2Fv2%2Fcategories&post=7123"},{"taxonomy":"post_tag","embeddable":true,"href":"http:\/\/www.korhanyilmaz.com\/index.php?rest_route=%2Fwp%2Fv2%2Ftags&post=7123"}],"curies":[{"name":"wp","href":"https:\/\/api.w.org\/{rel}","templated":true}]}}