{"id":7118,"date":"2009-03-30T13:23:19","date_gmt":"2009-03-30T10:23:19","guid":{"rendered":"http:\/\/www.korhanyilmaz.com\/?p=7118"},"modified":"2009-03-30T13:23:19","modified_gmt":"2009-03-30T10:23:19","slug":"secimi-kazanan-muhtar-olduruldu","status":"publish","type":"post","link":"http:\/\/www.korhanyilmaz.com\/?p=7118","title":{"rendered":"Se\u00e7imi kazanan muhtar \u00f6ld\u00fcr\u00fcld\u00fc"},"content":{"rendered":"<p style=\"text-align: center;\"><img loading=\"lazy\" decoding=\"async\" class=\"aligncenter size-full wp-image-7119\" title=\"Se\u00e7imi kazanan muhtar \u00f6ld\u00fcr\u00fcld\u00fc \" src=\"http:\/\/www.korhanyilmaz.com\/wp-content\/uploads\/2009\/03\/55456.jpg\" alt=\"Se\u00e7imi kazanan muhtar \u00f6ld\u00fcr\u00fcld\u00fc \" width=\"200\" height=\"138\" \/><\/p>\n<p style=\"text-align: justify;\">\u015eANLIURFA&#8217;n\u0131n Bozova \u0130l\u00e7esi&#8217;ne ba\u011fl\u0131 \u00dc\u00e7direk K\u00f6y\u00fc&#8217;nde se\u00e7imi yeniden kazanan Muhtar Dervi\u015f \u00c7etinta\u015f, \u00e7\u0131kan tart\u0131\u015fmada \u00f6ld\u00fcr\u00fcld\u00fc.<\/p>\n<p style=\"text-align: justify;\">\u00dc\u00e7direk K\u00f6y\u00fc Muhtar\u0131 Dervi\u015f \u00c7etinta\u015f, d\u00fcn yap\u0131lan se\u00e7imler i\u00e7in yeniden aday olurken tekrar i\u015fba\u015f\u0131na getirildi. Dervi\u015f \u00c7etinta\u015f&#8217;\u0131n akrabalar\u0131, M\u00fcsl\u00fcm D. Hamit Can D., Halef D. Ve Mehmet Ali D. Se\u00e7im konusunda tart\u0131\u015ft\u0131. K\u0131sa s\u00fcrede b\u00fcy\u00fcyen tart\u0131\u015fmada Mehmet Ali D., se\u00e7imi ikinci kez kazanan Muhtar Dervi\u015f \u00c7etinda\u015f&#8217;a tabanca ile ate\u015f etti. Mehmet Ali D. Ka\u00e7arken, g\u00fcvenlik g\u00fc\u00e7leri 3 \u015f\u00fcpheli g\u00f6zalt\u0131na al\u0131nd\u0131.<\/p>\n<p style=\"text-align: justify;\"><span style=\"color: #888888;\">DHA<\/span><\/p>\n","protected":false},"excerpt":{"rendered":"<p style=\"text-align: center;\">\n<p style=\"text-align: justify;\">\u015eANLIURFA&#8217;n\u0131n Bozova \u0130l\u00e7esi&#8217;ne ba\u011fl\u0131 \u00dc\u00e7direk K\u00f6y\u00fc&#8217;nde se\u00e7imi yeniden kazanan Muhtar Dervi\u015f \u00c7etinta\u015f, \u00e7\u0131kan tart\u0131\u015fmada \u00f6ld\u00fcr\u00fcld\u00fc.<\/p>\n<p style=\"text-align: justify;\">\u00dc\u00e7direk K\u00f6y\u00fc Muhtar\u0131 Dervi\u015f \u00c7etinta\u015f, d\u00fcn yap\u0131lan se\u00e7imler i\u00e7in yeniden aday olurken tekrar i\u015fba\u015f\u0131na getirildi. Dervi\u015f \u00c7etinta\u015f&#8217;\u0131n akrabalar\u0131, M\u00fcsl\u00fcm D. Hamit Can D., Halef D. Ve Mehmet Ali D. Se\u00e7im konusunda tart\u0131\u015ft\u0131. K\u0131sa <\/p>\n","protected":false},"author":1,"featured_media":0,"comment_status":"open","ping_status":"closed","sticky":false,"template":"","format":"standard","meta":{"footnotes":""},"categories":[105],"tags":[],"class_list":["post-7118","post","type-post","status-publish","format-standard","hentry","category-gundem","odd"],"_links":{"self":[{"href":"http:\/\/www.korhanyilmaz.com\/index.php?rest_route=\/wp\/v2\/posts\/7118","targetHints":{"allow":["GET"]}}],"collection":[{"href":"http:\/\/www.korhanyilmaz.com\/index.php?rest_route=\/wp\/v2\/posts"}],"about":[{"href":"http:\/\/www.korhanyilmaz.com\/index.php?rest_route=\/wp\/v2\/types\/post"}],"author":[{"embeddable":true,"href":"http:\/\/www.korhanyilmaz.com\/index.php?rest_route=\/wp\/v2\/users\/1"}],"replies":[{"embeddable":true,"href":"http:\/\/www.korhanyilmaz.com\/index.php?rest_route=%2Fwp%2Fv2%2Fcomments&post=7118"}],"version-history":[{"count":0,"href":"http:\/\/www.korhanyilmaz.com\/index.php?rest_route=\/wp\/v2\/posts\/7118\/revisions"}],"wp:attachment":[{"href":"http:\/\/www.korhanyilmaz.com\/index.php?rest_route=%2Fwp%2Fv2%2Fmedia&parent=7118"}],"wp:term":[{"taxonomy":"category","embeddable":true,"href":"http:\/\/www.korhanyilmaz.com\/index.php?rest_route=%2Fwp%2Fv2%2Fcategories&post=7118"},{"taxonomy":"post_tag","embeddable":true,"href":"http:\/\/www.korhanyilmaz.com\/index.php?rest_route=%2Fwp%2Fv2%2Ftags&post=7118"}],"curies":[{"name":"wp","href":"https:\/\/api.w.org\/{rel}","templated":true}]}}