{"id":7109,"date":"2009-03-30T12:19:10","date_gmt":"2009-03-30T09:19:10","guid":{"rendered":"http:\/\/www.korhanyilmaz.com\/?p=7109"},"modified":"2009-03-30T12:19:10","modified_gmt":"2009-03-30T09:19:10","slug":"sarigulden-cok-agir-sozler","status":"publish","type":"post","link":"http:\/\/www.korhanyilmaz.com\/?p=7109","title":{"rendered":"Sar\u0131g\u00fcl&#039;den \u00e7ok a\u011f\u0131r s\u00f6zler..!"},"content":{"rendered":"<p style=\"text-align: center;\"><a href=\"http:\/\/www.korhanyilmaz.com\/wp-content\/uploads\/2009\/03\/300320091611005098004.jpg\"  class=\"lightview\"><img loading=\"lazy\" decoding=\"async\" class=\"aligncenter size-full wp-image-7110\" title=\"Sar\u0131g\u00fcl'den \u00e7ok a\u011f\u0131r s\u00f6zler..! \" src=\"http:\/\/www.korhanyilmaz.com\/wp-content\/uploads\/2009\/03\/300320091611005098004.jpg\" alt=\"Sar\u0131g\u00fcl'den \u00e7ok a\u011f\u0131r s\u00f6zler..! \" width=\"329\" height=\"210\" \/><\/a><a class=\"lightview\" title=\"Sar\u0131g\u00fcl'den \u00e7ok a\u011f\u0131r s\u00f6zler..!  ::  :: width: 500, height: 395\" rel=\"iframe\" href=\"http:\/\/www.korhanyilmaz.com\/swf\/flvplayer.swf?file=http:\/\/data.gazetevatan.com\/video\/file\/300320091220207813292.flv\"><img loading=\"lazy\" decoding=\"async\" class=\"aligncenter\" title=\"Habere \u0130li\u015fkin Videoyu \u0130zlemek \u0130\u00e7in T\u0131klay\u0131n..\" src=\"wp-data\/images\/video_izle_tikla.png\" alt=\"\" width=\"30\" height=\"30\" \/ class=\"lightview\"><\/a><\/p>\n<p style=\"text-align: justify;\"><strong>Sar\u0131g\u00fcl ile Karaka\u015f canl\u0131 yay\u0131nda fena kap\u0131\u015ft\u0131<\/strong><\/p>\n<p style=\"text-align: justify;\">Hedefledi\u011fi oyu elde edemeyen Sar\u0131g\u00fcl, faturay\u0131 CHP y\u00f6netimine kesti.<\/p>\n<p style=\"text-align: justify;\">\u015ei\u015fli&#8217;de se\u00e7imi kazanan DSP aday\u0131 Mustafa Sar\u0131g\u00fcl ile CHP&#8217;li Ercan Karaka\u015f canl\u0131 yay\u0131nda birbirine girdi.<\/p>\n<p style=\"text-align: justify;\">Sar\u0131g\u00fcl il\u00e7ede b\u00fcy\u00fck bir oyla rekor k\u0131rmak isterken y\u00fczde 54.65 oyda kalmas\u0131 nedeniyle \u00e7ok sinirliydi. Sar\u0131g\u00fcl kar\u015f\u0131s\u0131na Sar\u0131g\u00fcl soyadl\u0131 bir aday\u0131 \u00e7\u0131karan CHP y\u00f6netimine \u00f6fke ya\u011fd\u0131rd\u0131. <!--more--><\/p>\n<p style=\"text-align: justify;\">Sar\u0131g\u00fcl se\u00e7im sonu\u00e7lar\u0131n\u0131n de\u011ferlendirildi\u011fi CNN T\u00fcrk&#8217;teki yay\u0131nda Sar\u0131g\u00fcl ile CHP&#8217;li Ercan Karaka\u015f aras\u0131nda s\u00f6z d\u00fcellosu ya\u015fand\u0131.<\/p>\n<p style=\"text-align: justify;\">Sar\u0131g\u00fcl Karaka\u015f&#8217;a &#8220;siz sadece liderlere ya\u011f \u00e7ekerek listelere girdiniz&#8221; deyince ortal\u0131k kar\u0131\u015ft\u0131. Karaka\u015f &#8220;Mustafa bak sen uyar\u0131yorum tekrar&#8221; s\u00f6zleriyle cevap verdi.<\/p>\n<p style=\"text-align: justify;\"><span style=\"color: #888888;\">Kaynak : Vatan Gazetesi<\/span><\/p>\n","protected":false},"excerpt":{"rendered":"<p style=\"text-align: center;\">\n<p style=\"text-align: justify;\">Sar\u0131g\u00fcl ile Karaka\u015f canl\u0131 yay\u0131nda fena kap\u0131\u015ft\u0131<\/p>\n<p style=\"text-align: justify;\">Hedefledi\u011fi oyu elde edemeyen Sar\u0131g\u00fcl, faturay\u0131 CHP y\u00f6netimine kesti.<\/p>\n<p style=\"text-align: justify;\">\u015ei\u015fli&#8217;de se\u00e7imi kazanan DSP aday\u0131 Mustafa Sar\u0131g\u00fcl ile CHP&#8217;li Ercan Karaka\u015f canl\u0131 yay\u0131nda birbirine girdi.<\/p>\n<p style=\"text-align: justify;\">Sar\u0131g\u00fcl il\u00e7ede b\u00fcy\u00fck bir oyla rekor k\u0131rmak isterken y\u00fczde 54.65 oyda kalmas\u0131 nedeniyle <\/p>\n","protected":false},"author":1,"featured_media":0,"comment_status":"open","ping_status":"closed","sticky":false,"template":"","format":"standard","meta":{"footnotes":""},"categories":[105],"tags":[],"class_list":["post-7109","post","type-post","status-publish","format-standard","hentry","category-gundem","odd"],"_links":{"self":[{"href":"http:\/\/www.korhanyilmaz.com\/index.php?rest_route=\/wp\/v2\/posts\/7109","targetHints":{"allow":["GET"]}}],"collection":[{"href":"http:\/\/www.korhanyilmaz.com\/index.php?rest_route=\/wp\/v2\/posts"}],"about":[{"href":"http:\/\/www.korhanyilmaz.com\/index.php?rest_route=\/wp\/v2\/types\/post"}],"author":[{"embeddable":true,"href":"http:\/\/www.korhanyilmaz.com\/index.php?rest_route=\/wp\/v2\/users\/1"}],"replies":[{"embeddable":true,"href":"http:\/\/www.korhanyilmaz.com\/index.php?rest_route=%2Fwp%2Fv2%2Fcomments&post=7109"}],"version-history":[{"count":0,"href":"http:\/\/www.korhanyilmaz.com\/index.php?rest_route=\/wp\/v2\/posts\/7109\/revisions"}],"wp:attachment":[{"href":"http:\/\/www.korhanyilmaz.com\/index.php?rest_route=%2Fwp%2Fv2%2Fmedia&parent=7109"}],"wp:term":[{"taxonomy":"category","embeddable":true,"href":"http:\/\/www.korhanyilmaz.com\/index.php?rest_route=%2Fwp%2Fv2%2Fcategories&post=7109"},{"taxonomy":"post_tag","embeddable":true,"href":"http:\/\/www.korhanyilmaz.com\/index.php?rest_route=%2Fwp%2Fv2%2Ftags&post=7109"}],"curies":[{"name":"wp","href":"https:\/\/api.w.org\/{rel}","templated":true}]}}