{"id":7105,"date":"2009-03-30T16:28:12","date_gmt":"2009-03-30T13:28:12","guid":{"rendered":"http:\/\/www.korhanyilmaz.com\/?p=7105"},"modified":"2009-03-30T16:28:12","modified_gmt":"2009-03-30T13:28:12","slug":"biz-rovansist-degiliz","status":"publish","type":"post","link":"http:\/\/www.korhanyilmaz.com\/?p=7105","title":{"rendered":"Biz r\u00f6van\u015fist de\u011filiz"},"content":{"rendered":"<p><img loading=\"lazy\" decoding=\"async\" class=\"aligncenter size-full wp-image-7106\" title=\"Biz r\u00f6van\u015fist de\u011filiz \" src=\"http:\/\/www.korhanyilmaz.com\/wp-content\/uploads\/2009\/03\/300320091631006859945.jpg\" alt=\"Biz r\u00f6van\u015fist de\u011filiz \" width=\"320\" height=\"100\" \/><\/p>\n<p style=\"text-align: justify;\"><strong>Antalya&#8217;y\u0131 kazanan Akayd\u0131n i\u00e7ini d\u00f6kt\u00fc.. Ben bir adaletsizli\u011fe u\u011frad\u0131m. Halk\u0131m\u0131n bu adaletsizli\u011fin cevab\u0131n\u0131 verdi\u011fine inan\u0131yorum.R\u00f6van\u015fist duygum yok <\/strong><\/p>\n<p style=\"text-align: justify;\">CUMHURBA\u015eKANI Abdullah G\u00fcl&#8217;\u00fcn veto etti\u011fi Akdeniz \u00dcniversitesi eski Rekt\u00f6r\u00fc Prof. Dr. Mustafa Akayd\u0131n, Chp&#8217;den Antalya B\u00fcy\u00fck\u015fehir Belediye Ba\u015fkan\u0131 se\u00e7ilmesinin ard\u0131ndan bug\u00fcn d\u00fczenledi\u011fi bas\u0131n toplant\u0131s\u0131nda, &#8220;Ba\u015fbakan benim de ba\u015fbakan\u0131m. Ben de say\u0131n Ba\u015fbakan&#8217;\u0131n belediye ba\u015fkan\u0131y\u0131m. Menderes T\u00fcrel zaman\u0131nda 28 kere geldiyse, benim zaman\u0131mda 56 kere gelsin. Benim l\u00fcgat\u0131mda \u00e7at\u0131\u015fma ve s\u00fcrt\u00fc\u015fme yoktur. Kavga etmek \u00fcst\u00fcne dayal\u0131 bir siyaset etme \u015fekli olamaz&#8221; dedi.<!--more--><\/p>\n<p style=\"text-align: justify;\">Antalya&#8217;n\u0131n yeni ba\u015fkan\u0131 Akayd\u0131n, CHP Antalya Milletvekilleri Osman Kaptan ve H\u00fcsn\u00fc \u00c7\u00f6ll\u00fc, CHP Antalya \u0130l Ba\u015fkan\u0131 \u00d6mer Melli ve \u0130l Y\u00f6netim Kurulu \u00fcyeleriyle birlikte d\u00fczenledi\u011fi bas\u0131n toplant\u0131s\u0131na CHP Genel Ba\u015fkan\u0131 Deniz Baykal&#8217;a, milletvekillerine, il y\u00f6netimine ve e\u015fi G\u00fcnseli Akayd\u0131n&#8217;a te\u015fekk\u00fcr ederek ba\u015flad\u0131. Antalya&#8217;da se\u00e7im \u00e7al\u0131\u015fmalar\u0131n\u0131n son g\u00fcnlerinde gergin bir ortam olu\u015ftu\u011funu belirten Akayd\u0131n, &#8220;Son haftalardaki gerginliklere ra\u011fmen ya\u015fananlara perde \u00e7ekiyorum. Menderes T\u00fcrel&#8217;e Antalya i\u00e7in yapt\u0131klar\u0131 nedeniyle te\u015fekk\u00fcr ediyorum. Bundan sonraki ya\u015fam\u0131nda ba\u015far\u0131lar diliyorum. Kendisini incittiysem kusura bakmas\u0131n. Siyasetin do\u011fas\u0131nda iddial\u0131 bir yar\u0131\u015f var. Bundan sonra \u00f6nemli olan Antalya i\u00e7in hizmet etmek&#8221; diye konu\u015ftu.<\/p>\n<p style=\"text-align: justify;\"><strong>&#8216;CHP ROZET\u0130N\u0130 CIKARACA\u011eIM&#8217;<\/strong><\/p>\n<p style=\"text-align: justify;\">Mazbatay\u0131 almas\u0131n\u0131n ard\u0131ndan yakas\u0131nda ta\u015f\u0131d\u0131\u011f\u0131 CHP rozetini \u00e7\u0131kartaca\u011f\u0131n\u0131 ifade eden Mustafa Akayd\u0131n, ba\u015fkanl\u0131k anlay\u0131\u015f\u0131n\u0131, &#8220;Bana oy vermi\u015f, vermemi\u015f herkes benim vatanda\u015f\u0131md\u0131r. Onlara hizmet etmek benim g\u00f6rev anlay\u0131\u015f\u0131md\u0131r&#8221; diye tan\u0131mlad\u0131. Belediye ba\u015fkanl\u0131\u011f\u0131nda toplumun yoksul ve i\u015fsiz kesimleri ve toplumun k\u0131r\u0131lgan kesimleri olarak de\u011ferlendirdi\u011fi emekli ve ya\u015fl\u0131lara \u00f6ncelik verece\u011fini kaydeden Akayd\u0131n, kolay ula\u015f\u0131labilir, ilkeli bir belediye ba\u015fkan\u0131 olaca\u011f\u0131 s\u00f6z\u00fcn\u00fc verdi.<\/p>\n<p style=\"text-align: justify;\">Belediyecili\u011fin yabanc\u0131s\u0131 oldu\u011funu ama bilimin, akl\u0131n ve mant\u0131\u011f\u0131n g\u00fcc\u00fcyle belediye ba\u015fkanl\u0131\u011f\u0131n\u0131n alt\u0131ndan kalkaca\u011f\u0131na inand\u0131\u011f\u0131n\u0131 kaydeden Akayd\u0131n \u015funlar\u0131 s\u00f6yledi:<\/p>\n<p style=\"text-align: justify;\">&#8220;Yoksullu\u011fun arkas\u0131nda yatan neden yolsuzluktur. Yeni bir \u015fey s\u00f6ylemiyorum. T\u00fcrkiye&#8217;deki manzaraya bakt\u0131\u011f\u0131n\u0131zda yolsuzluk yerel y\u00f6netimlerde ger\u00e7ekle\u015fiyor. Kimseye g\u00f6ndermede bulunmak istemiyorum ama, naz\u0131m imar planlar\u0131 yap\u0131lsa bile s\u00fcrekli de\u011fi\u015fmesinin \u00f6n\u00fcne ge\u00e7mek istiyorum. En \u00f6nemli titizli\u011fim bu konuda olacakt\u0131r. Sadece bunu bile ba\u015farsam Antalya i\u00e7in \u00f6nemli bir i\u015fe imza atm\u0131\u015f olaca\u011f\u0131m.&#8221;<\/p>\n<p style=\"text-align: justify;\"><strong>&#8216;R\u00d6VAN\u015e\u0130ST DUYGUM YOK&#8217;<\/strong><\/p>\n<p style=\"text-align: justify;\">Antalya&#8217;n\u0131n yeni ba\u015fkan\u0131 Mustafa Akayd\u0131n, Akdeniz \u00dcniversitesi&#8217;ne yeniden rekt\u00f6r olarak atanmamas\u0131na g\u00f6ndermede bulunarak &#8220;R\u00f6van\u015f al\u0131nd\u0131 m\u0131&#8221; \u015feklindeki bir soruya ise,&#8221;Ben bir adaletsizli\u011fe u\u011frad\u0131m. Halk\u0131m\u0131n bu adaletsizli\u011fin cevab\u0131n\u0131 verdi\u011fine inan\u0131yorum. Ma\u011fdur edebiyat\u0131 yapmad\u0131m. Siyasette r\u00f6van\u015fist duygularla davranmak do\u011fru de\u011fildir. Adaletsizli\u011fe u\u011frad\u0131m ve bunu Cumhuriyetin \u015feref madalyas\u0131 olarak ta\u015f\u0131yorum&#8221; diye konu\u015ftu. Ba\u015fbakan Erdo\u011fan&#8217;\u0131n &#8220;Antalya&#8217;da anormal bir sonu\u00e7 ya\u015fand\u0131&#8221; a\u00e7\u0131klamas\u0131na da de\u011finen Akayd\u0131n, &#8220;Ben ge\u00e7mi\u015fimde de \u00e7ok \u015fa\u015f\u0131rtt\u0131m. Ama o beni hi\u00e7 \u015fa\u015f\u0131rtmad\u0131&#8221; dedi.<\/p>\n<p style=\"text-align: justify;\"><strong>&#8216;BEN\u0130M ZAMANIMDA 56 KERE GELS\u0130N&#8217;<\/strong><\/p>\n<p style=\"text-align: justify;\">\u0130ktidara &#8220;T\u00fcrel&#8217;in projelerine h\u00fck\u00fcmet olarak destek oldularsa bor\u00e7lar\u0131na da destek olsunlar&#8221; diye mesaj g\u00f6nderen Akayd\u0131n \u015f\u00f6yle devam etti:<br \/>\n&#8220;Ba\u015fbakan benim de Ba\u015fbakan\u0131m. Ben de say\u0131n Ba\u015fbakan&#8217;\u0131n belediye ba\u015fkan\u0131y\u0131m. Menderes T\u00fcrel zaman\u0131nda 28 kere geldiyse benim zaman\u0131mda 56 kere gelsin. \u00dcniversiteleraras\u0131 Kurul Ba\u015fkanl\u0131\u011f\u0131m d\u00f6nemimde de Ba\u015fbakan&#8217;la \u00e7al\u0131\u015fm\u0131\u015f olma al\u0131\u015fkanl\u0131\u011f\u0131m vard\u0131r. Benim l\u00fcgat\u0131mda \u00e7at\u0131\u015fma ve s\u00fcrt\u00fc\u015fme yoktur. Onlar T\u00fcrkiye Cumhuriyeti&#8217;nin Ba\u015fbakan\u0131 ve Adalet Bakan\u0131 ise ben de T\u00fcrkiye Cumhuriyeti&#8217;nin belediye ba\u015fkan\u0131y\u0131m. Kavga etmek \u00fcst\u00fcne dayal\u0131 bir siyaset etme \u015fekli olamaz. Ama yanl\u0131\u015f yap\u0131l\u0131rsa s\u00f6ylemek belediye ba\u015fkan\u0131n\u0131n hakk\u0131d\u0131r.&#8221;\n<\/p>\n<p style=\"text-align: justify;\">CHP Lideri Deniz Baykal&#8217;la gece saat 01.00 civar\u0131nda telefonla konu\u015ftu\u011funu ifade eden Akayd\u0131n, Genel Ba\u015fkan\u0131&#8217;n\u0131n \u00e7ok co\u015fkulu ve sevin\u00e7li oldu\u011funu ifade etti.<\/p>\n<p style=\"text-align: justify;\"><span style=\"color: #888888;\">Kaynak : Vatan Gazetesi<\/span><\/p>\n","protected":false},"excerpt":{"rendered":"<\/p>\n<p style=\"text-align: justify;\">Antalya&#8217;y\u0131 kazanan Akayd\u0131n i\u00e7ini d\u00f6kt\u00fc.. Ben bir adaletsizli\u011fe u\u011frad\u0131m. Halk\u0131m\u0131n bu adaletsizli\u011fin cevab\u0131n\u0131 verdi\u011fine inan\u0131yorum.R\u00f6van\u015fist duygum yok <\/p>\n<p style=\"text-align: justify;\">CUMHURBA\u015eKANI Abdullah G\u00fcl&#8217;\u00fcn veto etti\u011fi Akdeniz \u00dcniversitesi eski Rekt\u00f6r\u00fc Prof. Dr. Mustafa Akayd\u0131n, Chp&#8217;den Antalya B\u00fcy\u00fck\u015fehir Belediye Ba\u015fkan\u0131 se\u00e7ilmesinin ard\u0131ndan bug\u00fcn d\u00fczenledi\u011fi bas\u0131n toplant\u0131s\u0131nda, &#8220;Ba\u015fbakan benim de ba\u015fbakan\u0131m. Ben de say\u0131n Ba\u015fbakan&#8217;\u0131n <\/p>\n","protected":false},"author":1,"featured_media":0,"comment_status":"open","ping_status":"closed","sticky":false,"template":"","format":"standard","meta":{"footnotes":""},"categories":[105],"tags":[],"class_list":["post-7105","post","type-post","status-publish","format-standard","hentry","category-gundem","odd"],"_links":{"self":[{"href":"http:\/\/www.korhanyilmaz.com\/index.php?rest_route=\/wp\/v2\/posts\/7105","targetHints":{"allow":["GET"]}}],"collection":[{"href":"http:\/\/www.korhanyilmaz.com\/index.php?rest_route=\/wp\/v2\/posts"}],"about":[{"href":"http:\/\/www.korhanyilmaz.com\/index.php?rest_route=\/wp\/v2\/types\/post"}],"author":[{"embeddable":true,"href":"http:\/\/www.korhanyilmaz.com\/index.php?rest_route=\/wp\/v2\/users\/1"}],"replies":[{"embeddable":true,"href":"http:\/\/www.korhanyilmaz.com\/index.php?rest_route=%2Fwp%2Fv2%2Fcomments&post=7105"}],"version-history":[{"count":0,"href":"http:\/\/www.korhanyilmaz.com\/index.php?rest_route=\/wp\/v2\/posts\/7105\/revisions"}],"wp:attachment":[{"href":"http:\/\/www.korhanyilmaz.com\/index.php?rest_route=%2Fwp%2Fv2%2Fmedia&parent=7105"}],"wp:term":[{"taxonomy":"category","embeddable":true,"href":"http:\/\/www.korhanyilmaz.com\/index.php?rest_route=%2Fwp%2Fv2%2Fcategories&post=7105"},{"taxonomy":"post_tag","embeddable":true,"href":"http:\/\/www.korhanyilmaz.com\/index.php?rest_route=%2Fwp%2Fv2%2Ftags&post=7105"}],"curies":[{"name":"wp","href":"https:\/\/api.w.org\/{rel}","templated":true}]}}