{"id":7101,"date":"2009-03-30T16:05:08","date_gmt":"2009-03-30T13:05:08","guid":{"rendered":"http:\/\/www.korhanyilmaz.com\/?p=7101"},"modified":"2009-03-30T16:05:08","modified_gmt":"2009-03-30T13:05:08","slug":"kabinede-koltuklar-sallaniyor","status":"publish","type":"post","link":"http:\/\/www.korhanyilmaz.com\/?p=7101","title":{"rendered":"Kabinede koltuklar sallan\u0131yor!"},"content":{"rendered":"<p style=\"text-align: center;\"><img loading=\"lazy\" decoding=\"async\" class=\"aligncenter size-full wp-image-7102\" title=\"Kabinede koltuklar sallan\u0131yor! \" src=\"http:\/\/www.korhanyilmaz.com\/wp-content\/uploads\/2009\/03\/300320091607410106559.jpg\" alt=\"Kabinede koltuklar sallan\u0131yor! \" width=\"329\" height=\"210\" \/><\/p>\n<p style=\"text-align: justify;\"><strong>Yerel se\u00e7im sonu\u00e7lar\u0131n\u0131n memnun etmedi\u011fi AKP&#8217;de yeni s\u00fcre\u00e7te gerek kabinede gerekse parti y\u00f6netiminde revizyon bekleniyor<\/strong>.<\/p>\n<p style=\"text-align: justify;\">Se\u00e7im sonu\u00e7lar\u0131na ili\u015fkin &#8220;bir kez daha g\u00fcvenoyu ald\u0131k&#8221; dese de, AKP&#8217;nin oy oran\u0131n\u0131n d\u00fc\u015fmesini &#8220;Milletimizin verdi\u011fi mesaj\u0131 do\u011fru okumaya, anlamaya, dersler \u00e7\u0131karmaya devam edece\u011fiz&#8221; \u015feklinde de\u011ferlendiren Ba\u015fbakan Recep Tayyip Erdo\u011fan&#8217;\u0131n kabine revizyonuna ili\u015fkin &#8220;anormal olmaz&#8221; s\u00f6zleri de, revizyonun i\u015fareti say\u0131ld\u0131.<\/p>\n<p style=\"text-align: justify;\">Ba\u015fbakan Erdo\u011fan&#8217;\u0131n, milletvekili ve bakanlara se\u00e7im b\u00f6lgelerinde, belediye ba\u015fkanl\u0131klar\u0131n\u0131 kazanmalar\u0131 konusunda verdi\u011fi talimata kar\u015f\u0131n, kabinede bulunan bakanlardan 9&#8217;u se\u00e7imleri kazanamad\u0131 veya AKP&#8217;li ba\u015fkanl\u0131klar\u0131 muhalefet partilerine kapt\u0131rd\u0131. <!--more-->5 Bakan ise se\u00e7imlerde ba\u015far\u0131 g\u00f6sterdi. Kabinenin yan\u0131 s\u0131ra parti y\u00f6netiminde de \u00f6n\u00fcm\u00fczdeki g\u00fcnlerde de\u011fi\u015fikli\u011fe gidilebilece\u011fi kaydedilirken Erdo\u011fan&#8217;\u0131n se\u00e7imlerin hemen ard\u0131ndan parti kurmaylar\u0131yla yapt\u0131\u011f\u0131 de\u011ferlendirmede &#8220;Hi\u00e7 beklemedi\u011fim, beni hayal k\u0131r\u0131kl\u0131\u011f\u0131na u\u011fratan sonu\u00e7lar gelmi\u015ftir, bunun nedeni ne ekonomik kriz, ne ba\u015fka bir \u015fey, bunun nedenlerini tek tek tespit etmenizi istiyorum&#8221; dedi\u011fi belirtildi.<\/p>\n<p style=\"text-align: justify;\">Ba\u015fbakan Erdo\u011fan, se\u00e7im sonu\u00e7lar\u0131na ili\u015fkin ilk de\u011ferlendirmesinde kabine revizyonunun i\u015faretini &#8220;Kabinede de\u011fi\u015fiklik se\u00e7imle ba\u011flant\u0131l\u0131 olarak da yap\u0131labilir, ba\u011flant\u0131s\u0131 olmadan da yap\u0131labilir. Kabinede b\u00f6yle bir de\u011fi\u015fiklikle se\u00e7im sonras\u0131nda ad\u0131m atarak yola devam etmek anormal bir \u015fey olmaz. Kabinedeki bakanlar taraf\u0131ndan da anormal kar\u015f\u0131lanmamal\u0131d\u0131r&#8221; s\u00f6zleriyle verdi. Erdo\u011fan&#8217;\u0131n yapt\u0131\u011f\u0131 bu a\u00e7\u0131klaman\u0131n ard\u0131ndan da g\u00f6zler kabinede de\u011fi\u015febilecek isimlere \u00e7evrildi. Se\u00e7im sonu\u00e7lar\u0131, Ba\u015fbakan Erdo\u011fan&#8217;\u0131n bakanlara se\u00e7im b\u00f6lgelerinde, belediye ba\u015fkanl\u0131klar\u0131n\u0131 kazanmalar\u0131 konusunda verdi\u011fi talimata ra\u011fmen, bakanlar\u0131n se\u00e7im karnesinin zay\u0131f oldu\u011funu ortaya koyarken kabinede bulunan bakanlardan 9&#8217;u se\u00e7imleri kazanamad\u0131 veya AKP&#8217;li ba\u015fkanl\u0131klar\u0131 muhalefet partilerine kapt\u0131rd\u0131. Kabinede \u0130stanbul ve Ankara d\u0131\u015f\u0131nda sadece 5 bakan\u0131n se\u00e7im b\u00f6lgesinde AKP ba\u015far\u0131y\u0131 yakalad\u0131. Kulislerde ise Ba\u015fbakan\u0131n olas\u0131 bir kabine revizyonunda bu sonu\u00e7lar\u0131 de\u011ferlendirmeye alaca\u011f\u0131 kaydediliyor.<\/p>\n<p style=\"text-align: justify;\"><strong>-EN B\u00dcY\u00dcK HAYAL KIRIKLI\u011eI ANTALYA VE VAN&#8217;DA-<\/strong><\/p>\n<p style=\"text-align: justify;\">ANTALYA: AKP en b\u00fcy\u00fck hayal k\u0131r\u0131kl\u0131\u011f\u0131n\u0131 ise &#8220;Belediye ba\u015fkan\u0131n\u0131z iktidar partisinden se\u00e7ilmezse hizmet alamazs\u0131n\u0131z&#8221; \u015feklindeki s\u00f6zleriyle b\u00fcy\u00fck tart\u0131\u015fma yaratan Adalet Bakan\u0131 Mehmet Ali \u015eahin&#8217;in se\u00e7im b\u00f6lgesi Antalya&#8217;da ya\u015fad\u0131. Antalya&#8217;y\u0131 CHP&#8217;ye kapt\u0131ran AKP ayn\u0131 zamanda b\u00fcy\u00fck oy kayb\u0131na da u\u011frad\u0131.<\/p>\n<p style=\"text-align: justify;\">VAN: Kabinede, se\u00e7im \u00e7al\u0131\u015fmalar\u0131na ra\u011fmen istenen ba\u015far\u0131y\u0131 yakalamayan bir ba\u015fka bakan da Milli E\u011fitim Bakan\u0131 H\u00fcseyin \u00c7elik oldu. AKP, Van&#8217;da belediye ba\u015fkanl\u0131\u011f\u0131n\u0131 a\u00e7\u0131k farkla DTP&#8217;ye kapt\u0131rd\u0131.<\/p>\n<p style=\"text-align: justify;\"><strong>-7 BAKAN KIRIK NOT ALDI-<\/strong><\/p>\n<p style=\"text-align: justify;\">7 bakan da se\u00e7im b\u00f6lgelerinde istenilen ba\u015far\u0131y\u0131 g\u00f6steremedi ve muhalefetten belediye ba\u015fkanl\u0131klar\u0131n\u0131 alamad\u0131. Bu iller \u015f\u00f6yle:<\/p>\n<p style=\"text-align: justify;\">MERS\u0130N: CHP&#8217;nin kalesi olarak bilinen Mersin&#8217;i yine CHP kazand\u0131. Devlet Bakan\u0131 K\u00fcr\u015fat T\u00fczmen&#8217;nin t\u00fcm \u00e7abas\u0131na kar\u015f\u0131n AKP oylar\u0131nda gerileme ya\u015fand\u0131.<\/p>\n<p style=\"text-align: justify;\">D\u0130YARBAKIR: Tar\u0131m ve K\u00f6yi\u015fleri Bakan\u0131 Mehdi Eker de Diyarbak\u0131r&#8217;da k\u0131r\u0131k not ald\u0131. DTP Osman Baydemir, Eker&#8217;in se\u00e7im b\u00f6lgesinde ezici bir \u00e7o\u011funlukla oylar\u0131n\u0131 art\u0131rarak DTP&#8217;yi zirveye ta\u015f\u0131d\u0131.<\/p>\n<p style=\"text-align: justify;\"><strong>-KEMAL AB\u0130&#8217;N\u0130N MAZERET\u0130 VAR-<\/strong><\/p>\n<p style=\"text-align: justify;\">ESK\u0130\u015eEH\u0130R: Maliye Bakan\u0131 Kemal Unak\u0131tan se\u00e7im b\u00f6lgesi Eski\u015fehir&#8217;de yine DSP&#8217;li Y\u0131lmaz B\u00fcy\u00fcker\u015fen se\u00e7imleri kazand\u0131. AKP B\u00fcy\u00fcker\u015fen&#8217;e ra\u011fmen oylar\u0131n\u0131 art\u0131r\u0131rken, Maliye Bakan\u0131 Kemal Unak\u0131tan se\u00e7im s\u00fcrecinde a\u00e7\u0131k kalp ameliyat\u0131 ge\u00e7irdi\u011fi i\u00e7in se\u00e7imlerde sahaya inememi\u015fti.<\/p>\n<p style=\"text-align: justify;\">ORDU: Aday belirleme s\u00fcreci tart\u0131\u015fmal\u0131 ge\u00e7en ve K\u00fclt\u00fcr ve Turizm Bakan\u0131 Ertu\u011frul G\u00fcnay ile Enerji ve Tabi Kaynaklar Bakan\u0131 Hilmi G\u00fcler&#8217;i kar\u015f\u0131 kar\u015f\u0131ya getiren Ordu&#8217;da da, AKP istedi\u011fi sonucu alamad\u0131. Enerji Bakan\u0131 G\u00fcler&#8217;in t\u00fcm \u00e7abas\u0131na kar\u015f\u0131n Eski\u015fehir&#8217;de oldu\u011fu gibi DSP Ordu&#8217;da da Seyit G\u00fcler ile iktidar\u0131n\u0131 korudu.<\/p>\n<p style=\"text-align: justify;\">\u0130ZM\u0130R: Devlet Bakan\u0131 Mehmet Ayd\u0131n ve Milli Savunma Bakan\u0131 Vecdi G\u00f6n\u00fcl&#8217;\u00fcn b\u00f6lgesi \u0130zmir&#8217;de beklenen sonu\u00e7 ya\u015fand\u0131. CHP resmi olmayan sonu\u00e7lara g\u00f6re, \u0130zmir&#8217;de se\u00e7imi b\u00fcy\u00fck oy fark\u0131yla kazand\u0131.<\/p>\n<p style=\"text-align: justify;\"><strong>-SE\u00c7\u0130MDE BA\u015eARIYI YAKALAYAN BAKANLAR &#8211;<\/strong><\/p>\n<p style=\"text-align: justify;\">Kabinede be\u015f bakan ise se\u00e7im b\u00f6lgelerinde Bursa, Afyon, Gaziantep, Erzincan ve Erzurum&#8217;da AKP se\u00e7imleri ald\u0131. \u00c7al\u0131\u015fma ve Sosyal G\u00fcvenli Bakan\u0131 Faruk \u00c7elik Bursa&#8217;da, \u00c7evre ve Orman Bakan\u0131 Veysel Ero\u011flu, Afyon&#8217;da ve Sa\u011fl\u0131k Bakan\u0131 Recep Akda\u011f da se\u00e7im b\u00f6lgesi Erzurum&#8217;da se\u00e7imleri kazand\u0131. Gaziantep&#8217;te Devlet Bakan\u0131 Mehmet \u015eim\u015fek, Erzincan&#8217;da Ula\u015ft\u0131rma Bakan\u0131 Binali Y\u0131ld\u0131r\u0131m se\u00e7imlerde ba\u015far\u0131l\u0131 bakanlar aras\u0131na girdi.<\/p>\n<p style=\"text-align: justify;\"><strong>-TOPBA\u015e VE G\u00d6K\u00c7EK 11 KOLTU\u011eU KURTARDI-<\/strong><\/p>\n<p style=\"text-align: justify;\">\u0130stanbul&#8217;da Kadir Topba\u015f, Ankara&#8217;da ise Melih G\u00f6k\u00e7ek&#8217;in yeniden belediye ba\u015fkanl\u0131\u011f\u0131 koltu\u011funa oturmalar\u0131 ise kabinedeki 11 bakan\u0131 &#8220;ba\u015far\u0131s\u0131z&#8221; l\u0131ktan kurtard\u0131.<\/p>\n<p style=\"text-align: justify;\"><strong>-REV\u0130ZYON PART\u0130 Y\u00d6NET\u0130M\u0130NE DE YANSIYAB\u0130L\u0130R-<\/strong><\/p>\n<p style=\"text-align: justify;\">Ba\u015fbakan Erdo\u011fan&#8217;\u0131n kabinede revizyona gidece\u011fi beklentilerinin yan\u0131 s\u0131ra, se\u00e7im sonu\u00e7lar\u0131n\u0131n ard\u0131ndan parti y\u00f6netiminde de de\u011fi\u015fikli\u011fe gidilebilece\u011fi kulislerde dile getirilmeye ba\u015fland\u0131. Erdo\u011fan&#8217;\u0131n se\u00e7im sonu\u00e7lar\u0131n\u0131n hemen ard\u0131ndan d\u00fcn Adalet Bakan\u0131 Mehmet Ali \u015eahin, Milli E\u011fitim Bakan\u0131 H\u00fcseyin \u00c7elik ve belediye ba\u015fkanl\u0131\u011f\u0131n\u0131 MHP&#8217;ye kapt\u0131ran eski Meclis Ba\u015fkan\u0131 B\u00fclent Ar\u0131n\u00e7 ba\u015fta olmak \u00fczere kaybedilen illerin milletvekillerini telefonla arad\u0131\u011f\u0131 \u00f6\u011frenildi. Erdo\u011fan&#8217;\u0131n kurmaylar\u0131yla yapt\u0131\u011f\u0131 toplant\u0131da da &#8220;Hi\u00e7 beklemedi\u011fim, beni hayal k\u0131r\u0131kl\u0131\u011f\u0131na u\u011fratan sonu\u00e7lar gelmi\u015ftir, bunun nedeni ne ekonomik kriz, ne ba\u015fka bir \u015fey, bunun nedenlerini tek tek tespit etmenizi istiyorum&#8221; dedi\u011fi kaydedildi. Ba\u015fbakan Erdo\u011fan bug\u00fcn yap\u0131lan Bakanlar Kurulu toplant\u0131s\u0131nda gerekse de yine ak\u015fam saatlerinde toplanacak olan AKP MYK&#8217;da se\u00e7im sonu\u00e7lar\u0131n\u0131 kurmaylar\u0131yla masaya yat\u0131raca\u011f\u0131 ve de\u011ferlendirmelerde bulunaca\u011f\u0131 belirtildi.<\/p>\n<p style=\"text-align: justify;\"><span style=\"color: #888888;\">Kaynak : Vatan Gazetesi<\/span><\/p>\n<p style=\"text-align: justify;\">\n","protected":false},"excerpt":{"rendered":"<p style=\"text-align: center;\">\n<p style=\"text-align: justify;\">Yerel se\u00e7im sonu\u00e7lar\u0131n\u0131n memnun etmedi\u011fi AKP&#8217;de yeni s\u00fcre\u00e7te gerek kabinede gerekse parti y\u00f6netiminde revizyon bekleniyor.<\/p>\n<p style=\"text-align: justify;\">Se\u00e7im sonu\u00e7lar\u0131na ili\u015fkin &#8220;bir kez daha g\u00fcvenoyu ald\u0131k&#8221; dese de, AKP&#8217;nin oy oran\u0131n\u0131n d\u00fc\u015fmesini &#8220;Milletimizin verdi\u011fi mesaj\u0131 do\u011fru okumaya, anlamaya, dersler \u00e7\u0131karmaya devam edece\u011fiz&#8221; \u015feklinde de\u011ferlendiren Ba\u015fbakan Recep Tayyip Erdo\u011fan&#8217;\u0131n kabine revizyonuna ili\u015fkin <\/p>\n","protected":false},"author":1,"featured_media":0,"comment_status":"open","ping_status":"closed","sticky":false,"template":"","format":"standard","meta":{"footnotes":""},"categories":[105],"tags":[],"class_list":["post-7101","post","type-post","status-publish","format-standard","hentry","category-gundem","odd"],"_links":{"self":[{"href":"http:\/\/www.korhanyilmaz.com\/index.php?rest_route=\/wp\/v2\/posts\/7101","targetHints":{"allow":["GET"]}}],"collection":[{"href":"http:\/\/www.korhanyilmaz.com\/index.php?rest_route=\/wp\/v2\/posts"}],"about":[{"href":"http:\/\/www.korhanyilmaz.com\/index.php?rest_route=\/wp\/v2\/types\/post"}],"author":[{"embeddable":true,"href":"http:\/\/www.korhanyilmaz.com\/index.php?rest_route=\/wp\/v2\/users\/1"}],"replies":[{"embeddable":true,"href":"http:\/\/www.korhanyilmaz.com\/index.php?rest_route=%2Fwp%2Fv2%2Fcomments&post=7101"}],"version-history":[{"count":0,"href":"http:\/\/www.korhanyilmaz.com\/index.php?rest_route=\/wp\/v2\/posts\/7101\/revisions"}],"wp:attachment":[{"href":"http:\/\/www.korhanyilmaz.com\/index.php?rest_route=%2Fwp%2Fv2%2Fmedia&parent=7101"}],"wp:term":[{"taxonomy":"category","embeddable":true,"href":"http:\/\/www.korhanyilmaz.com\/index.php?rest_route=%2Fwp%2Fv2%2Fcategories&post=7101"},{"taxonomy":"post_tag","embeddable":true,"href":"http:\/\/www.korhanyilmaz.com\/index.php?rest_route=%2Fwp%2Fv2%2Ftags&post=7101"}],"curies":[{"name":"wp","href":"https:\/\/api.w.org\/{rel}","templated":true}]}}