{"id":7096,"date":"2009-03-30T09:48:34","date_gmt":"2009-03-30T06:48:34","guid":{"rendered":"http:\/\/www.korhanyilmaz.com\/?p=7096"},"modified":"2009-03-30T09:48:34","modified_gmt":"2009-03-30T06:48:34","slug":"bi-daha-da-gitmem-secime","status":"publish","type":"post","link":"http:\/\/www.korhanyilmaz.com\/?p=7096","title":{"rendered":"&#039;Bi daha da gitmem se\u00e7ime&#039;"},"content":{"rendered":"<p style=\"text-align: center;\"><img loading=\"lazy\" decoding=\"async\" class=\"aligncenter size-full wp-image-7097\" title=\"'Bi daha da gitmem se\u00e7ime' \" src=\"http:\/\/www.korhanyilmaz.com\/wp-content\/uploads\/2009\/03\/300320091311255968293.jpg\" alt=\"'Bi daha da gitmem se\u00e7ime' \" width=\"329\" height=\"210\" \/><\/p>\n<p style=\"text-align: justify;\">\n<p style=\"text-align: justify;\"><strong>Yerel se\u00e7imlerde kim kazand\u0131, kim kaybetti? K\u00f6\u015fe yazarlar\u0131 d\u00fcn yap\u0131lan yerel se\u00e7imleri son gelen sonu\u00e7lara g\u00f6re de\u011ferlendirdi<\/strong><\/p>\n<p style=\"text-align: justify;\">H\u00fcrriyet&#8217;ten Tufan T\u00fcren\u00e7&#8217;e g\u00f6re AKP&#8217;de erime ba\u015flad\u0131, Zaman&#8217;dan B\u00fclent Korucu&#8217;ya g\u00f6re ise AKP gaza geldi. Sabah&#8217;tan Mehmet Barlas DTP&#8217;nin sivrili\u015fine dikkat \u00e7ekerken, Milliyet&#8217;ten Can D\u00fcndar ise se\u00e7imden \u00e7\u0131kar\u0131lacak dersleri listelemi\u015f ve Erdo\u011fan&#8217;a seslenmi\u015f&#8230; \u0130\u015fte k\u00f6\u015fe yazarlar\u0131n\u0131n yaz\u0131lar\u0131ndan sizler i\u00e7in se\u00e7tiklerimiz&#8230;<!--more--><\/p>\n<p style=\"text-align: justify;\"><span style=\"color: #993300;\"><strong>&#8220;Bi daha da gitmem se\u00e7ime&#8230;&#8221; (Can D\u00fcndar &#8211; Milliyet)<\/strong><\/span><br \/>\n<a href=\"http:\/\/haber.gazetevatan.com\/haberdetay.asp?Newsid=230599\" target=\"_blank\"><img loading=\"lazy\" decoding=\"async\" style=\"margin-left: 10px; margin-right: 10px;\" src=\"http:\/\/foto.gazetevatan.com\/newpics\/news\/300320091004199966991_3.jpg\" alt=\"\" width=\"250\" height=\"100\" align=\"right\" \/><\/a><br \/>\nBirka\u00e7 ders de ba\u015fkalar\u0131na:<br \/>\nCHP, ak\u0131ll\u0131ca davranarak bu kez se\u00e7im kampanyas\u0131n\u0131 laiklik de\u011fil, yolsuzluklar \u00fczerine kurdu. &#8220;\u015eeriat geliyor&#8221; feryad\u0131, son iki se\u00e7imdir AKP&#8217;nin ekme\u011fine ya\u011f s\u00fcr\u00fcyordu. Muhtemelen Deniz Feneri dosyas\u0131, &#8220;T\u00fcrkiye laiktir&#8221; slogan\u0131ndan da, \u00e7ar\u015faf a\u00e7\u0131l\u0131m\u0131ndan da \u00e7ok daha etkili oldu. CHP, milliyet\u00e7i s\u00f6yleminin bedelini ise G\u00fcneydo\u011fu&#8217;da s\u0131f\u0131rlanarak \u00f6dedi.<\/p>\n<p style=\"text-align: justify;\">Bir mesaj da askere:<br \/>\nGe\u00e7en se\u00e7imin hemen arifesinde gelen bir e-muht\u0131ra, tepki oylar\u0131 yaratarak AKP&#8217;yi hak etmedi\u011fi bir zafere g\u00f6t\u00fcrm\u00fc\u015ft\u00fc. Bu kez asker sustu. \u00d6d\u00fcn\u00e7 verilen tepki oylar\u0131 da ger\u00e7ek sahiplerine d\u00f6nd\u00fc. Siyaset normalle\u015fti.<br \/>\n<a href=\"http:\/\/haber.gazetevatan.com\/haberdetay.asp?detay=Kendine_gel&amp;tarih=30.03.2009&amp;Newsid=230577&amp;Categoryid=4&amp;wid=2\" target=\"_blank\"><img loading=\"lazy\" decoding=\"async\" style=\"margin-left: 10px; margin-right: 10px;\" src=\"http:\/\/foto.gazetevatan.com\/newpics\/news\/300320091056089326241_3.jpg\" alt=\"\" width=\"250\" height=\"100\" align=\"right\" \/><\/a><br \/>\n\u0130lk sonu\u00e7lar\u0131 de\u011ferlendiren Erdo\u011fan, bu sonu\u00e7tan ders alm\u0131\u015fa benziyordu; dileriz uzla\u015fman\u0131n \u00f6nemini anlam\u0131\u015ft\u0131r.<br \/>\nS\u0131rf bu bile, anayasa paketinin Meclis&#8217;e gelmesinden \u00f6nce \u00f6nemli derstir.<br \/>\n\u0130ki muhalefet partisinin toplam oyu iktidar partisine e\u015fitlendi.<br \/>\nYar\u0131ndan itibaren T\u00fcrkiye erken se\u00e7imi konu\u015fmaya ba\u015flar.<br \/>\nErdo\u011fan koltu\u011fundan kalk\u0131p &#8220;Bi daha da gitmem se\u00e7ime&#8221; dese yeridir.<\/p>\n<p style=\"text-align: justify;\"><span style=\"color: #993300;\"><strong>AKP&#8217;de erime ba\u015flad\u0131 (Tufan T\u00fcren\u00e7 &#8211; H\u00fcrriyet)<\/strong><\/span><br \/>\n<a href=\"http:\/\/haber.gazetevatan.com\/haberdetay.asp?detay=AKP_zafer_kazanmadi&amp;tarih=30.03.2009&amp;Newsid=230584&amp;Categoryid=4&amp;wid=4\" target=\"_blank\"><img loading=\"lazy\" decoding=\"async\" style=\"margin-left: 10px; margin-right: 10px;\" src=\"http:\/\/foto.gazetevatan.com\/newpics\/news\/300320091058318305707_3.jpg\" alt=\"\" width=\"250\" height=\"100\" align=\"right\" \/><\/a><br \/>\nAKP&#8217;de bir erime oldu\u011fu g\u00f6r\u00fcl\u00fcyor. Bu erimenin genel se\u00e7ime do\u011fru daha da h\u0131zlanaca\u011f\u0131n\u0131 tahmin etmek yan\u0131lt\u0131c\u0131 olmaz. \u0130ktidar\u0131n yanl\u0131\u015flar\u0131ndan d\u00f6nmeyi bile kendine yediremeyen a\u015f\u0131r\u0131 g\u00fcveni&#8230;\n<\/p>\n<p style=\"text-align: justify;\">D\u00fcnya ekonomisindeki tatl\u0131 bahar\u0131n sona ermesi ile AKP&#8217;nin yelkenlerini dolduran d\u0131\u015f kaynakl\u0131 r\u00fczg\u00e1rlar\u0131n kesilmesi. Yoksulluk, i\u015fsizlik, yolsuzluk ve talan&#8230; \u0130\u015fte bu etkenler AKP&#8217;nin erime s\u00fcrecini ba\u015flatt\u0131. San\u0131r\u0131m Tayyip Bey ve arkada\u015flar\u0131, bizi kimse y\u0131kamaz, biz \u00fclkeyi istedi\u011fimiz gibi y\u00f6netiriz pervas\u0131zl\u0131\u011f\u0131n\u0131 b\u0131rak\u0131rlar. Bunu yapabilirlerse T\u00fcrkiye rahatlar, yoksa y\u0131k\u0131lmalar\u0131 h\u0131zlan\u0131r.<\/p>\n<p style=\"text-align: justify;\"><span style=\"color: #993300;\"><strong>AKP dolduru\u015fa geldi (B\u00fclent Korucu &#8211; Zaman)<\/strong><\/span><br \/>\n<a href=\"http:\/\/haber.gazetevatan.com\/haberdetay.asp?detay=Halk_Tayyip_efsanesini_cizdi&amp;tarih=30.03.2009&amp;Newsid=230554&amp;Categoryid=4&amp;wid=108\" target=\"_blank\"><img loading=\"lazy\" decoding=\"async\" style=\"margin-left: 10px; margin-right: 10px;\" src=\"http:\/\/foto.gazetevatan.com\/newpics\/news\/300320091059289871735_3.jpg\" alt=\"\" width=\"250\" height=\"100\" align=\"right\" \/><\/a><br \/>\nAK Parti muhalefetin de dolduru\u015fuyla ba\u015far\u0131 \u00e7\u0131tas\u0131n\u0131 \u00e7ok y\u00fckse\u011fe koydu. Asl\u0131nda daha m\u00fctevaz\u0131 hedefler se\u00e7meliydi. Ekonomik kriz ya\u015fanan bir atmosferde iktidar partisi daha realist davranmal\u0131yd\u0131. Krizin se\u00e7menin tercihindeki belirleyicilik kestirilemedi. B\u00fcy\u00fck oy depolar\u0131 olan \u00e7ift\u00e7i ve esnafa Ziraat ve Halk bankalar\u0131 eliyle sa\u011flanan kolayl\u0131klar son g\u00fcnlere b\u0131rak\u0131ld\u0131. Bilginin tabana yay\u0131l\u0131\u015f h\u0131z\u0131ndaki yava\u015fl\u0131k \u00f6ng\u00f6r\u00fclemedi. K\u00fcrt\u00e7e a\u00e7\u0131l\u0131mlar\u0131 G\u00fcneydo\u011fu&#8217;ya tam anlat\u0131lamad\u0131\u011f\u0131 gibi bat\u0131 b\u00f6lgelerindeki tepkinin nabz\u0131 tutulamad\u0131. Yerel se\u00e7imlerde aday isimleri yeterince \u00f6nemsenmedi. Parti r\u00fczg\u00e2r\u0131n\u0131n adaylar\u0131 s\u00fcr\u00fckleyebilece\u011fi d\u00fc\u015f\u00fcn\u00fcld\u00fc. Kaybedilen bir\u00e7ok yerde muhalefet parti ile de\u011fil, isimlerle yar\u0131\u015ft\u0131. Te\u015fkilatlar yeterince \u00e7al\u0131\u015fmad\u0131, Genel Ba\u015fkan Erdo\u011fan&#8217;\u0131n performans\u0131na s\u0131\u011f\u0131n\u0131ld\u0131. Tek bir mitingle lideri yapaca\u011f\u0131 ancak bu kadar olabilirdi. Ak Parti&#8217;nin 22 Temmuz&#8217;da ald\u0131\u011f\u0131 y\u00fczde 47&#8217;de 27 Nisan muht\u0131ras\u0131 ve 367 krizinin pay\u0131 hep s\u00f6ylendi. Ancak \u015fimdi o pay d\u00fc\u015f\u00fclerek de\u011ferlendirme yap\u0131lm\u0131yor. AK Parti de bunu g\u00f6z ard\u0131 ediyor. Her \u015feye ra\u011fmen y\u00fczde 40&#8217;lar da sabitlenmi\u015f oy oran\u0131n\u0131 ba\u015far\u0131 olarak anlatmak m\u00fcmk\u00fcnken kendini zora ko\u015ftu.<\/p>\n<p style=\"text-align: justify;\"><strong>S<span style=\"color: #993300;\">e\u00e7im dersleri (Taha Akyol &#8211; Milliyet)<\/span><\/strong><br \/>\n<a href=\"http:\/\/haber.gazetevatan.com\/haberdetay.asp?detay=Galip_varsa_DTPdir&amp;tarih=30.03.2009&amp;Newsid=230553&amp;Categoryid=4&amp;wid=11\" target=\"_blank\"><img loading=\"lazy\" decoding=\"async\" style=\"margin-left: 10px; margin-right: 10px;\" src=\"http:\/\/foto.gazetevatan.com\/newpics\/news\/300320091100271719959_3.jpg\" alt=\"\" width=\"250\" height=\"100\" align=\"right\" \/><\/a><br \/>\nAKP&#8217;nin oylar\u0131nda muhafazak\u00e2rl\u0131k fakt\u00f6r\u00fc \u00f6nemlidir. T\u00fcrkiye ortalamas\u0131n\u0131n \u00fcst\u00fcnde oy ald\u0131\u011f\u0131 yerler, muhafazak\u00e2r y\u00f6relerdir. CHP bu k\u00fclt\u00fcrel duvar\u0131 a\u015farak AKP&#8217;den pek oy koparamad\u0131; kopan oylar MHP ve SP&#8217;ye gitti. CHP son t\u00fcrban a\u00e7\u0131l\u0131m\u0131 gibi giri\u015fimlerle bu duvar\u0131 a\u015fmak istemi\u015fti ama K\u0131l\u0131\u00e7daro\u011flu&#8217;nun s\u00f6yledi\u011fi gibi, &#8220;Ge\u00e7 kal\u0131nd\u0131, vatanda\u015f se\u00e7im yat\u0131r\u0131m\u0131 zannetti, \u00e7ok inanmad\u0131.&#8221;<\/p>\n<p style=\"text-align: justify;\">Ama K\u0131l\u0131\u00e7daro\u011flu inand\u0131r\u0131c\u0131 oldu\u011fu i\u00e7in CHP&#8217;nin oylar\u0131n\u0131 art\u0131rd\u0131. Bu da g\u00f6steriyor ki politikada yeni y\u00fczler \u00e7ok \u00f6nemli. CHP art\u0131k bu se\u00e7imlerden bari ders alarak k\u00fclt\u00fcr ve hayat tarz\u0131 kavgas\u0131n\u0131 b\u0131rak\u0131p yeni y\u00fczlerle \u00f6zg\u00fcrl\u00fck\u00e7\u00fc bir sosyal demokrat partiye d\u00f6n\u00fc\u015fmeli, yoksa iktidar alternatifi haline gelmesi zor g\u00f6z\u00fck\u00fcyor.<br \/>\n<a href=\"http:\/\/haber.gazetevatan.com\/haberdetay.asp?detay=AKPye_cekingen_sari_kart&amp;tarih=30.03.2009&amp;Newsid=230608&amp;Categoryid=4&amp;wid=131\" target=\"_blank\"><img loading=\"lazy\" decoding=\"async\" style=\"margin-left: 10px; margin-right: 10px;\" src=\"http:\/\/foto.gazetevatan.com\/newpics\/news\/300320091102025033044_3.jpg\" alt=\"\" width=\"250\" height=\"100\" align=\"right\" \/><\/a><br \/>\nMHP, Ankara&#8217;da Mansur Yava\u015f&#8217;\u0131n se\u00e7imleri kaybetse de niye y\u00fcksek oy ald\u0131\u011f\u0131n\u0131 iyi d\u00fc\u015f\u00fcnmeli: Bir parti i\u00e7in ideoloji yetmez, vatanda\u015fta icraat ve hizmet umudu da yaratmak laz\u0131m.<br \/>\nBa\u015fbakan da art\u0131k \u00f6fkeli, k\u0131zg\u0131n, kavgac\u0131 tutumunu se\u00e7im meydanlar\u0131nda b\u0131rakmal\u0131, devlet adam\u0131ndan beklenen olgunlu\u011fu g\u00f6stererek d\u00f6rt elle ekonomiye sar\u0131lmal\u0131d\u0131r.<br \/>\nBelki bu se\u00e7imlerin en \u00f6nemli sonucu, K\u00fcrt milliyet\u00e7ili\u011finin oy taban\u0131n\u0131n geni\u015flemi\u015f, &#8216;b\u00f6lge&#8217; g\u00f6r\u00fcnt\u00fcs\u00fcn\u00fcn g\u00fc\u00e7lenmi\u015f olmas\u0131d\u0131r ki \u00e7ok ciddi bir alarmd\u0131r bu, so\u011fukkanl\u0131l\u0131kla d\u00fc\u015f\u00fcn\u00fclmeli&#8230;<\/p>\n<p style=\"text-align: justify;\"><span style=\"color: #993300;\"><strong>DTP Ger\u00e7e\u011fi (Mehmet Barlas &#8211; Sabah)<\/strong><\/span><br \/>\n<a href=\"http:\/\/haber.gazetevatan.com\/haberdetay.asp?detay=Padisaha_kul__tokadi&amp;tarih=30.03.2009&amp;Newsid=230609&amp;Categoryid=4&amp;wid=102\" target=\"_blank\"><img loading=\"lazy\" decoding=\"async\" style=\"margin-left: 10px; margin-right: 10px;\" src=\"http:\/\/foto.gazetevatan.com\/newpics\/news\/300320091102596521063_3.jpg\" alt=\"\" width=\"250\" height=\"100\" align=\"right\" \/><\/a><br \/>\nBu durumlar\u0131n de\u011fi\u015fik d\u00f6nemlerde de\u011fi\u015fik partiler aras\u0131nda aynen tekrarlanmas\u0131n\u0131 defalarca ya\u015fad\u0131k.<br \/>\nArt\u0131k bilmemiz gereken ek bir ger\u00e7ek var.<br \/>\nT\u00fcrkiye&#8217;nin 4&#8217;\u00fcnc\u00fc b\u00fcy\u00fck partisi DTP&#8230;<br \/>\nT\u00fcrkiye&#8217;de demokratik siyasetin gelece\u011fine d\u00f6n\u00fck hesaplar\u0131n &#8220;K\u00fcrt realitesi&#8221; dikkate al\u0131nmadan yap\u0131lmas\u0131 art\u0131k m\u00fcmk\u00fcn de\u011fil.<br \/>\n<a href=\"http:\/\/haber.gazetevatan.com\/haberdetay.asp?detay=AKP_inis_yolunda_mi&amp;tarih=30.03.2009&amp;Newsid=230575&amp;Categoryid=4&amp;wid=3\" target=\"_blank\"><img loading=\"lazy\" decoding=\"async\" style=\"margin-left: 10px; margin-right: 10px;\" src=\"http:\/\/foto.gazetevatan.com\/newpics\/news\/300320091104403889060_3.jpg\" alt=\"\" width=\"250\" height=\"100\" align=\"right\" \/><\/a><br \/>\nBu genel yerel se\u00e7im sonu\u00e7lar\u0131 bunu iyice kan\u0131tl\u0131yor.<br \/>\nEvet&#8230; Bir se\u00e7im daha yapt\u0131k hepimiz.<br \/>\n\u00d6nemli olan bu se\u00e7imde yine demokrasinin kazanm\u0131\u015f olmas\u0131d\u0131r.<br \/>\nHalk iradesinin y\u00f6netimleri belirlemesine \u00f6ylesine al\u0131\u015ft\u0131k ki, bunun d\u0131\u015f\u0131ndaki bir d\u00fczeni art\u0131k d\u00fc\u015f\u00fcnemiyoruz.<\/p>\n<p style=\"text-align: justify;\"><span style=\"color: #993300;\"><strong>Kabine revizyonu olabilir (\u0130smail K\u00fc\u00e7\u00fckkaya &#8211; Ak\u015fam)<\/strong><\/span><br \/>\n<a href=\"http:\/\/haber.gazetevatan.com\/haberdetay.asp?detay=AKPde_oy_kaybi_az_ama_hasar_cok_fazla&amp;tarih=30.03.2009&amp;Newsid=230576&amp;Categoryid=4&amp;wid=142\" target=\"_blank\"><img loading=\"lazy\" decoding=\"async\" style=\"margin-left: 10px; margin-right: 10px;\" src=\"http:\/\/foto.gazetevatan.com\/newpics\/news\/300320091106012345053_3.jpg\" alt=\"\" width=\"250\" height=\"100\" align=\"right\" \/><\/a><br \/>\n30 Mart tarihi T\u00fcrkiye i\u00e7in uzla\u015fma aray\u0131\u015f\u0131n\u0131n ba\u015flang\u0131c\u0131 olacakt\u0131r. AKP&#8217;de bug\u00fcnden itibaren s\u0131k\u0131y\u00f6netim ba\u015flayacak, s\u00f6ylem ve politikalarda de\u011fi\u015fiklikler ya\u015fanacakt\u0131r. Aday belirlemelerdeki hatalar\u0131n bedelini muhtemelen baz\u0131 milletvekilleri ve te\u015fkilatlar \u00f6deyeceklerdir. Ayr\u0131ca g\u00fc\u00e7 tazeleme bak\u0131m\u0131ndan kabine revizyonu da g\u00fcndeme gelecektir.<br \/>\nEmin olun, Ba\u015fbakan Recep Tayyip Erdo\u011fan bu kadar yo\u011fun mesai harcamasa sonu\u00e7 biraz daha k\u00f6t\u00fc bile \u00e7\u0131kabilirdi.\n<\/p>\n<p style=\"text-align: justify;\"><span style=\"color: #808080;\">Kaynak : Vatan Gazetesi<\/span><\/p>\n","protected":false},"excerpt":{"rendered":"<p style=\"text-align: center;\">\n<p style=\"text-align: justify;\">\n<p style=\"text-align: justify;\">Yerel se\u00e7imlerde kim kazand\u0131, kim kaybetti? K\u00f6\u015fe yazarlar\u0131 d\u00fcn yap\u0131lan yerel se\u00e7imleri son gelen sonu\u00e7lara g\u00f6re de\u011ferlendirdi<\/p>\n<p style=\"text-align: justify;\">H\u00fcrriyet&#8217;ten Tufan T\u00fcren\u00e7&#8217;e g\u00f6re AKP&#8217;de erime ba\u015flad\u0131, Zaman&#8217;dan B\u00fclent Korucu&#8217;ya g\u00f6re ise AKP gaza geldi. Sabah&#8217;tan Mehmet Barlas DTP&#8217;nin sivrili\u015fine dikkat \u00e7ekerken, Milliyet&#8217;ten Can D\u00fcndar ise se\u00e7imden \u00e7\u0131kar\u0131lacak <\/p>\n","protected":false},"author":1,"featured_media":0,"comment_status":"open","ping_status":"closed","sticky":false,"template":"","format":"standard","meta":{"footnotes":""},"categories":[105],"tags":[],"class_list":["post-7096","post","type-post","status-publish","format-standard","hentry","category-gundem","odd"],"_links":{"self":[{"href":"http:\/\/www.korhanyilmaz.com\/index.php?rest_route=\/wp\/v2\/posts\/7096","targetHints":{"allow":["GET"]}}],"collection":[{"href":"http:\/\/www.korhanyilmaz.com\/index.php?rest_route=\/wp\/v2\/posts"}],"about":[{"href":"http:\/\/www.korhanyilmaz.com\/index.php?rest_route=\/wp\/v2\/types\/post"}],"author":[{"embeddable":true,"href":"http:\/\/www.korhanyilmaz.com\/index.php?rest_route=\/wp\/v2\/users\/1"}],"replies":[{"embeddable":true,"href":"http:\/\/www.korhanyilmaz.com\/index.php?rest_route=%2Fwp%2Fv2%2Fcomments&post=7096"}],"version-history":[{"count":0,"href":"http:\/\/www.korhanyilmaz.com\/index.php?rest_route=\/wp\/v2\/posts\/7096\/revisions"}],"wp:attachment":[{"href":"http:\/\/www.korhanyilmaz.com\/index.php?rest_route=%2Fwp%2Fv2%2Fmedia&parent=7096"}],"wp:term":[{"taxonomy":"category","embeddable":true,"href":"http:\/\/www.korhanyilmaz.com\/index.php?rest_route=%2Fwp%2Fv2%2Fcategories&post=7096"},{"taxonomy":"post_tag","embeddable":true,"href":"http:\/\/www.korhanyilmaz.com\/index.php?rest_route=%2Fwp%2Fv2%2Ftags&post=7096"}],"curies":[{"name":"wp","href":"https:\/\/api.w.org\/{rel}","templated":true}]}}