{"id":7091,"date":"2009-03-30T11:22:16","date_gmt":"2009-03-30T08:22:16","guid":{"rendered":"http:\/\/www.korhanyilmaz.com\/?p=7091"},"modified":"2009-03-30T11:22:16","modified_gmt":"2009-03-30T08:22:16","slug":"ankarada-oylar-calindi-mi","status":"publish","type":"post","link":"http:\/\/www.korhanyilmaz.com\/?p=7091","title":{"rendered":"Ankara&#039;da oylar \u00e7al\u0131nd\u0131 m\u0131?"},"content":{"rendered":"<p style=\"text-align: justify;\"><img loading=\"lazy\" decoding=\"async\" class=\"aligncenter size-full wp-image-7092\" title=\"Ankara'da oylar \u00e7al\u0131nd\u0131 m\u0131? \" src=\"http:\/\/www.korhanyilmaz.com\/wp-content\/uploads\/2009\/03\/300320091130415846097.jpg\" alt=\"Ankara'da oylar \u00e7al\u0131nd\u0131 m\u0131? \" width=\"329\" height=\"210\" \/><strong>Ankara B\u00fcy\u00fck\u015fehir se\u00e7imi karakolluk..!<\/strong><\/p>\n<p style=\"text-align: justify;\">AKP, CHP ve MHP adaylar\u0131n\u0131n ba\u015fa ba\u015f yar\u0131\u015ft\u0131\u011f\u0131 Ankara B\u00fcy\u00fck\u015fehir Belediye Ba\u015fkanl\u0131\u011f\u0131 se\u00e7iminde Yenimahalle \u0130l\u00e7e Se\u00e7im Kurulu&#8217;nda bir belediye g\u00f6revlisi g\u00f6zalt\u0131na al\u0131nd\u0131. \u00c7evik kuvvet sevk edilmesine ra\u011fmen s\u00fcren gerginli\u011fe MHP&#8217;li vekiller m\u00fcdahale etti.<\/p>\n<p style=\"text-align: justify;\">AKP, MHP ve CHP&#8217;nin ba\u015fa ba\u015f yar\u0131\u015ft\u0131\u011f\u0131 Ankara b\u00fcy\u00fck\u015fehir se\u00e7iminde b\u00fcy\u00fck gerginlikler ya\u015fand\u0131. Ankara&#8217;da ilk gerginlikler, oy say\u0131m i\u015flemlerine ge\u00e7ilmesinin ard\u0131ndan \u00e7\u0131kt\u0131. \u00d6zellikle YSK&#8217;n\u0131n sistemindeki aksama ve \u00c7ankaya&#8217;n\u0131n \u00f6nemli b\u00f6l\u00fcm\u00fcndeki elektrik kesintisi gerginli\u011fi t\u0131rmand\u0131rd\u0131. <!--more--><\/p>\n<p style=\"text-align: justify;\"><strong>OY HIRSIZLI\u011eI \u0130DD\u0130ASI<\/strong><\/p>\n<p style=\"text-align: justify;\">Dikmen&#8217;de bir lisede elektriklerin kesilmesiyle birlikte iki ki\u015finin oylar\u0131 \u00e7almaya \u00e7al\u0131\u015ft\u0131\u011f\u0131 ileri s\u00fcr\u00fcld\u00fc. Baz\u0131 CHP&#8217;lilerin iddias\u0131yla ilgili inceleme yap\u0131ld\u0131\u011f\u0131 \u00f6\u011frenildi. Dikmen&#8217;de kalabal\u0131k gruplar\u0131n bekleyi\u015fi s\u0131ras\u0131nda da b\u00fcy\u00fck gerginlikler ya\u015fand\u0131.<\/p>\n<p style=\"text-align: justify;\">A\u011f\u0131rl\u0131\u011f\u0131n\u0131 CHP taraftarlar\u0131n\u0131n olu\u015fturdu\u011fu gruplar &#8220;Halka De\u011fil G\u00f6k\u00e7ek&#8217;e Barikat&#8221;, &#8220;Vur Vur \u0130nlesin G\u00f6k\u00e7ek Dinlesin&#8221; sloganlar\u0131 att\u0131.<\/p>\n<p style=\"text-align: justify;\">Ankara&#8217;n\u0131n Dikmen il\u00e7esindeki bir ilk\u00f6\u011fretim okulunda &#8220;oy pusulalar\u0131n\u0131n \u00e7al\u0131nd\u0131\u011f\u0131&#8221; iddias\u0131yla \u00e7\u0131kan olaylarda 1 ki\u015fi g\u00f6zalt\u0131na al\u0131nd\u0131.<\/p>\n<p style=\"text-align: justify;\">CHP&#8217;li bir grup, \u00d6\u011fretmen Necla K\u0131z\u0131lba\u011f \u0130lk\u00f6\u011fretim Okulu&#8217;na &#8220;polis giyimli baz\u0131 ki\u015filerin gelip okulda elektriklerin kesildi\u011fi bir anda montlar\u0131n\u0131n i\u00e7ine oy pusulalar\u0131n\u0131 saklayarak \u00e7ald\u0131\u011f\u0131&#8221; iddias\u0131 \u00fczerine okulun bah\u00e7esinde topland\u0131.<br \/>\n<strong><br \/>\nOkulda tart\u0131\u015fma \u00e7\u0131kt\u0131<\/strong><\/p>\n<p style=\"text-align: justify;\">Yenimahalle \u0130l\u00e7e Se\u00e7im Kurulu&#8217;nun bulundu\u011fu Sarar \u0130lk\u00f6\u011fretim Okulu&#8217;ndaki gerginlik ise tart\u0131\u015fmaya d\u00f6n\u00fc\u015ft\u00fc. MHP Grup Ba\u015fkanvekili Oktay Vural ve baz\u0131 MHP milletvekillerinin de m\u00fcdahale etti\u011fi gerginlik s\u0131ras\u0131nda, AKP&#8217;li Yenimahalle Belediyesi&#8217;ne ait bir zab\u0131ta arac\u0131ndan inen bir ki\u015finin oylar\u0131n bulundu\u011fu bir \u00e7uval\u0131 se\u00e7im kuruluna getirdi\u011fi ileri s\u00fcr\u00fcld\u00fc. Belediye g\u00f6revlisi g\u00f6zalt\u0131na al\u0131n\u0131rken, polis belediye arac\u0131n\u0131n da uzakla\u015fmas\u0131n\u0131 engelledi.<br \/>\n<strong><br \/>\nBelediye arac\u0131yla oy geldi<\/strong>\n<\/p>\n<p style=\"text-align: justify;\">Yenimahalle&#8217;den oylar\u0131n bulundu\u011fu \u00e7uvallar\u0131n belediye ara\u00e7lar\u0131yla getirilmesi de gerginli\u011fi art\u0131rd\u0131. MHP B\u00fcy\u00fck\u015fehir aday\u0131 Mansur Yava\u015f ile CHP aday\u0131 Murat Karayal\u00e7\u0131n polisi g\u00f6reve davet ederken, il\u00e7e se\u00e7im kuruluna \u00c7evik Kuvvet ekipleri sevk edildi. Bu gerginlikler s\u00fcrerken adaylar da canl\u0131 yay\u0131nlarda bas\u0131n toplant\u0131lar\u0131 d\u00fczenleyerek parti g\u00f6revlilerinden sand\u0131klara sahip \u00e7\u0131kmalar\u0131n\u0131 istemeleri ve farkl\u0131 sonu\u00e7lar a\u00e7\u0131klamalar\u0131 da tansiyonu iyice y\u00fckseltti. \u00d6zellikle G\u00f6k\u00e7ek&#8217;in Dikmen&#8217;deki kalabal\u0131\u011f\u0131n AKP se\u00e7im b\u00fcrosuna y\u00fcr\u00fcyece\u011fine ili\u015fkin iddias\u0131 olaylar\u0131n b\u00fcy\u00fcyece\u011fi endi\u015fesine neden oldu.<\/p>\n<p style=\"text-align: justify;\"><strong>Karayal\u00e7\u0131n: Biz kazanaca\u011f\u0131z<\/strong><\/p>\n<p style=\"text-align: justify;\">Gerginlik \u00fczerine kameralar\u0131n kar\u015f\u0131s\u0131na ilk Murat Karayal\u00e7\u0131n \u00e7\u0131kt\u0131. Karayal\u00e7\u0131n, saat 23.30&#8217;da yapt\u0131\u011f\u0131 a\u00e7\u0131klamada CHP&#8217;nin \u00f6nde oldu\u011fu \u00c7ankaya ve Yenimahalle&#8217;deki oylara ili\u015fkin veri giri\u015finin durdu\u011funu duyduklar\u0131n\u0131 belirtti. Bu konuda a\u00e7\u0131klama beklediklerini s\u00f6yleyen Karayal\u00e7\u0131n, \u00c7ankaya&#8217;n\u0131n \u00f6nemli bir k\u0131sm\u0131nda da uzun s\u00fcredir elektriklerin kesik oldu\u011funu s\u00f6yledi. Karayal\u00e7\u0131n, yetkilileri dikkatli olmaya \u00e7a\u011f\u0131rd\u0131 ve ald\u0131klar\u0131 duyuma g\u00f6re 2 puanla se\u00e7imi kazanmay\u0131 beklediklerini vurgulad\u0131.<br \/>\n<strong><br \/>\nSav: Elektrik kesintileri bilin\u00e7li<\/strong>\n<\/p>\n<p style=\"text-align: justify;\">CHP Genel Sekreteri \u00d6nder Sav da kameralar\u0131n kar\u015f\u0131s\u0131na ge\u00e7erek se\u00e7mene, &#8220;oylar\u0131n\u0131za sahip \u00e7\u0131k\u0131n&#8221; mesaj\u0131 verdi. Ankara&#8217;daki elektrik kesintilerinin bilin\u00e7li olarak yap\u0131ld\u0131\u011f\u0131n\u0131 ileri s\u00fcren Sav, se\u00e7im sonu\u00e7lar\u0131n\u0131n girildi\u011fi bilgi i\u015flem sisteminin iktidar\u0131n elinde oldu\u011funu, kesintiler nedeniyle CHP&#8217;nin oylar\u0131n\u0131n sisteme kaydedilmedi\u011fini s\u00f6yledi. Sav, &#8220;Demokrasilerde her t\u00fcrl\u00fc sonuca katlanmak gerekiyor. Ama namuslu d\u00fcr\u00fcst sonuca katlan\u0131l\u0131r. Hile ile sonu\u00e7 olmak hi\u00e7bir siyasal iktidara yak\u0131\u015fmaz. D\u00fcnyada hi\u00e7bir siyasal iktidar bu yolla iktidara gitmedi. Bu bir \u00e7\u00f6k\u00fc\u015f\u00fcn ba\u015flang\u0131c\u0131. Siyasal iktidar\u0131n \u00e7\u00f6k\u00fc\u015f\u00fcn\u00fcn ba\u015flang\u0131\u00e7\u0131. Araba yoku\u015f a\u015fa\u011f\u0131 inmeye ba\u015flam\u0131\u015ft\u0131r. \u0130nmeye de devam edecektir.&#8221;<\/p>\n<p style=\"text-align: justify;\">Ba\u015fbakan Erdo\u011fan&#8217;\u0131n d\u00fczenledi\u011fi bas\u0131n toplant\u0131s\u0131na i\u015faret eden Sav, &#8220;\u0130ktidar\u0131n g\u00f6revi gecenin bu saatinde kendi militanlar\u0131n\u0131 y\u00fcreklendirmek de\u011fil. Se\u00e7imin genel sonu\u00e7lar\u0131n\u0131 aksettirmek&#8221; dedi.<\/p>\n<p style=\"text-align: justify;\"><strong>YSK Ba\u015fkan\u0131: Sorun sonucu etkilemez<\/strong><\/p>\n<p style=\"text-align: justify;\">CHP&#8217;nin veri giri\u015finde problem ya\u015fand\u0131\u011f\u0131 i\u00e7in televizyonlara yans\u0131yan sonu\u00e7lar\u0131n yanl\u0131\u015f oldu\u011fu bilgisi YSK Ba\u015fkan\u0131 Muammer Ayd\u0131n taraf\u0131ndan da do\u011fruland\u0131. Ayd\u0131n, saat 23.30 civar\u0131nda sorunun devam etti\u011fi dakikalarda VATAN&#8217;a yapt\u0131\u011f\u0131 a\u00e7\u0131klamada \u015funlar\u0131 s\u00f6yledi:<br \/>\n&#8220;Sonu\u00e7lar\u0131 YSK&#8217;ya g\u00f6ndermek isteyen se\u00e7im kurullar\u0131 ya sisteme giremiyor ya da bu sonu\u00e7lar\u0131 g\u00f6nderemiyorlar. T\u00fcrkiye&#8217;nin her yerinden veri giri\u015fi oldu\u011fu i\u00e7in hatlar \u00e7ekmedi, t\u0131kand\u0131. Ama bizim sistemde \u00e7\u00f6kme olmaz, 10 dakika i\u00e7inde \u00e7\u00f6zeriz. Sistemimizi kuran Havelsan&#8217;dan yard\u0131m istedik. Bu durum kesinlikle se\u00e7imin sa\u011fl\u0131kl\u0131 bir \u015fekilde sonu\u00e7lanmas\u0131n\u0131 etkilemez. Sonu\u00e7ta t\u0131kan\u0131kl\u0131k a\u015f\u0131l\u0131nca veri giri\u015fleri olacak ve sonu\u00e7lar al\u0131nacak.&#8221;\n<\/p>\n<p style=\"text-align: justify;\"><strong>TEDA\u015e M\u00fcd\u00fcr\u00fc &#8216;lokal&#8217; dedi, kesinti b\u00fcy\u00fckt\u00fc<\/strong><\/p>\n<p style=\"text-align: justify;\">TEDA\u015e Genel M\u00fcd\u00fcr\u00fc Ha\u015fim Keklik gece Ankara&#8217;n\u0131n \u00c7ankaya il\u00e7esinde Yukar\u0131 Ayranc\u0131 semtinde lokal olarak elektrik kesintisi ya\u015fand\u0131\u011f\u0131n\u0131, ar\u0131zan\u0131n giderilmeye \u00e7al\u0131\u015f\u0131ld\u0131\u011f\u0131n\u0131 bildirdi. Keklik, gece saatlerinde yapt\u0131\u011f\u0131 a\u00e7\u0131klamada, Ankara&#8217;da \u00c7ankaya il\u00e7esinde &#8220;lokal bir b\u00f6lgede 5 dakikal\u0131k kesinti&#8221; meydana geldi\u011fini s\u00f6yledi.<\/p>\n<p style=\"text-align: justify;\">Keklik, kesintinin giderildi\u011fini ancak Yukar\u0131 Ayranc\u0131 semtindeki b\u00f6lgede elektrik kesintisinin devam etti\u011fini belirtti. Elektrik kesintisinin ar\u0131zadan kaynakland\u0131\u011f\u0131n\u0131 s\u00f6yleyen Keklik, &#8220;Bu beklemedi\u011fimiz bir ar\u0131zayd\u0131. Ar\u0131zan\u0131n giderilmesine \u00e7al\u0131\u015f\u0131l\u0131yor&#8221; dedi. Keklik&#8217;in bu a\u00e7\u0131klamas\u0131na ra\u011fmen \u00c7ankaya b\u00f6lgesinde \u00c7ankaya Gaziosmanpa\u015fa, Y\u0131ld\u0131z ve Dikmen gibi geni\u015f bir b\u00f6lgede s\u0131k s\u0131k elektrik kesintileri ya\u015fand\u0131.<br \/>\n<strong><br \/>\n\u0130L\u00c7ELERDE MHP ATA\u011eI<\/strong>\n<\/p>\n<p style=\"text-align: justify;\">CHP&#8217;nin kalesi Elmada\u011f&#8217;da AKP kazand\u0131<\/p>\n<p style=\"text-align: justify;\">Mansur Yava\u015f gitti ama Beypazar\u0131&#8217;nda ipi yine MHP g\u00f6\u011f\u00fcsledi. CHP Kalecik&#8217;te AKP&#8217;den r\u00f6van\u015f\u0131 ald\u0131&#8230;<\/p>\n<p style=\"text-align: justify;\">Metropol il\u00e7eler d\u0131\u015f\u0131nda Ankara&#8217;ya ba\u011fl\u0131 di\u011fer il\u00e7elerde ilgin\u00e7 sonu\u00e7lar ortaya \u00e7\u0131kt\u0131. CHP&#8217;nin Ankara&#8217;daki kalelerinden biri kabul edilmesine ra\u011fmen CHP Genel Sekreteri \u00d6nder Sav&#8217;\u0131n bir vatanda\u015fla hac konusunda olay sohbetinin ya\u015fand\u0131\u011f\u0131 Elmada\u011f&#8217;da AKP a\u00e7\u0131k farkla belediye ba\u015fkanl\u0131\u011f\u0131n\u0131 kazand\u0131. Beypazar\u0131&#8217;nda ise eski belediye ba\u015fkan\u0131 Mansur Yava\u015f&#8217;\u0131n B\u00fcy\u00fck\u015fehir aday\u0131 olmas\u0131na ra\u011fmen ipi yine MHP aday\u0131 g\u00f6\u011f\u00fcsledi. Kalecik&#8217;te de Elmada\u011f&#8217;\u0131 kaybeden CHP, AKP&#8217;nin \u00fcst\u00fcnl\u00fc\u011f\u00fcn\u00fc bitirdi. Evren il\u00e7esinde de AKP&#8217;li ba\u015fkan koltu\u011funu MHP&#8217;ye devrediyor. Bu il\u00e7edeki oy oranlar\u0131 ise dikkat \u00e7ekiciydi. 2004&#8217;de belediye ba\u015fkanl\u0131\u011f\u0131n\u0131 y\u00fczde 54 oyla kazanan AKP&#8217;nin oyu 2009&#8217;da y\u00fczde 44&#8217;e gerilerken, ba\u015fkanl\u0131\u011f\u0131 kazanan MHP&#8217;nin oy oran\u0131n\u0131 y\u00fczde 2.4&#8217;den y\u00fczde 52&#8217;ye y\u00fckseltmesi dikkat \u00e7ekti.<br \/>\nHaymana&#8217;da DP&#8217;li ba\u015fkan\u0131n yerine AKP aday\u0131 kazand\u0131. Nall\u0131han&#8217;da da, MHP&#8217;den y\u00fczde 1&#8217;den az bir oy oran\u0131yla buradaki belediye ba\u015fkanl\u0131\u011f\u0131 MHP&#8217;de kald\u0131. AKP&#8217;nin kamplar\u0131na ev sahipli\u011fi yapan K\u0131z\u0131cahamam&#8217;da da MHP, ba\u015fkanl\u0131\u011f\u0131 AKP&#8217;nin elinden ald\u0131.\n<\/p>\n<p style=\"text-align: justify;\"><strong>AKP, Ankara&#8217;da il genel meclisinde de geriledi<\/strong><\/p>\n<p style=\"text-align: justify;\">ANKARA &#8211; Ba\u015fkentte il genel meclisi se\u00e7imi sonucuna g\u00f6re AKP oylar\u0131 2004 y\u0131l\u0131na k\u0131yasla geriledi.<br \/>\n2004 y\u0131l\u0131ndaki ve d\u00fcnk\u00fc secim sonucuna g\u00f6re sand\u0131klar\u0131n y\u00fczde 51&#8217;inin a\u00e7\u0131ld\u0131\u011f\u0131 saat itibariyle il genel meclisi se\u00e7im kesin olmayan sonu\u00e7lar\u0131 \u015f\u00f6yle:<br \/>\nAnkara \u0130l Genel Meclisi \u00dcyesi Se\u00e7im Sonu\u00e7lar\u0131:<\/p>\n<p style=\"text-align: justify;\">2004 \u0130L GENEL MECL\u0130S\u0130 SE\u00c7\u0130M\u0130<br \/>\nPART\u0130\tOY\tY\u00dcZDES\u0130<\/p>\n<p style=\"text-align: justify;\">AKP\t1022015\t49<br \/>\nCHP\t435670\t20.9<br \/>\nMHP\t211376\t10.1<\/p>\n<p style=\"text-align: justify;\">2009 \u0130L GENEL MECL\u0130S\u0130 SE\u00c7\u0130M\u0130<br \/>\nPART\u0130\tOY\tY\u00dcZDES\u0130<\/p>\n<p style=\"text-align: justify;\">AKP\t494700\t37.64<br \/>\nCHP\t382947\t29.14<br \/>\nMHP\t326915\t24.89\n<\/p>\n<p style=\"text-align: justify;\"><span style=\"color: #888888;\">Kaynak : Vatan Gazetesi<\/span><\/p>\n","protected":false},"excerpt":{"rendered":"<p style=\"text-align: justify;\">Ankara B\u00fcy\u00fck\u015fehir se\u00e7imi karakolluk..!<\/p>\n<p style=\"text-align: justify;\">AKP, CHP ve MHP adaylar\u0131n\u0131n ba\u015fa ba\u015f yar\u0131\u015ft\u0131\u011f\u0131 Ankara B\u00fcy\u00fck\u015fehir Belediye Ba\u015fkanl\u0131\u011f\u0131 se\u00e7iminde Yenimahalle \u0130l\u00e7e Se\u00e7im Kurulu&#8217;nda bir belediye g\u00f6revlisi g\u00f6zalt\u0131na al\u0131nd\u0131. \u00c7evik kuvvet sevk edilmesine ra\u011fmen s\u00fcren gerginli\u011fe MHP&#8217;li vekiller m\u00fcdahale etti.<\/p>\n<p style=\"text-align: justify;\">AKP, MHP ve CHP&#8217;nin ba\u015fa ba\u015f yar\u0131\u015ft\u0131\u011f\u0131 Ankara b\u00fcy\u00fck\u015fehir se\u00e7iminde b\u00fcy\u00fck gerginlikler <\/p>\n","protected":false},"author":1,"featured_media":0,"comment_status":"open","ping_status":"closed","sticky":false,"template":"","format":"standard","meta":{"footnotes":""},"categories":[105],"tags":[],"class_list":["post-7091","post","type-post","status-publish","format-standard","hentry","category-gundem","odd"],"_links":{"self":[{"href":"http:\/\/www.korhanyilmaz.com\/index.php?rest_route=\/wp\/v2\/posts\/7091","targetHints":{"allow":["GET"]}}],"collection":[{"href":"http:\/\/www.korhanyilmaz.com\/index.php?rest_route=\/wp\/v2\/posts"}],"about":[{"href":"http:\/\/www.korhanyilmaz.com\/index.php?rest_route=\/wp\/v2\/types\/post"}],"author":[{"embeddable":true,"href":"http:\/\/www.korhanyilmaz.com\/index.php?rest_route=\/wp\/v2\/users\/1"}],"replies":[{"embeddable":true,"href":"http:\/\/www.korhanyilmaz.com\/index.php?rest_route=%2Fwp%2Fv2%2Fcomments&post=7091"}],"version-history":[{"count":0,"href":"http:\/\/www.korhanyilmaz.com\/index.php?rest_route=\/wp\/v2\/posts\/7091\/revisions"}],"wp:attachment":[{"href":"http:\/\/www.korhanyilmaz.com\/index.php?rest_route=%2Fwp%2Fv2%2Fmedia&parent=7091"}],"wp:term":[{"taxonomy":"category","embeddable":true,"href":"http:\/\/www.korhanyilmaz.com\/index.php?rest_route=%2Fwp%2Fv2%2Fcategories&post=7091"},{"taxonomy":"post_tag","embeddable":true,"href":"http:\/\/www.korhanyilmaz.com\/index.php?rest_route=%2Fwp%2Fv2%2Ftags&post=7091"}],"curies":[{"name":"wp","href":"https:\/\/api.w.org\/{rel}","templated":true}]}}