{"id":7070,"date":"2009-03-30T08:15:26","date_gmt":"2009-03-30T05:15:26","guid":{"rendered":"http:\/\/www.korhanyilmaz.com\/?p=7070"},"modified":"2009-03-30T08:15:26","modified_gmt":"2009-03-30T05:15:26","slug":"%e2%80%98photoshop%e2%80%99lu-manisa%e2%80%99yi-kaybetti","status":"publish","type":"post","link":"http:\/\/www.korhanyilmaz.com\/?p=7070","title":{"rendered":"\u2018Photoshop\u2019lu Manisa\u2019y\u0131 kaybetti!"},"content":{"rendered":"<p style=\"text-align: center;\"><img loading=\"lazy\" decoding=\"async\" class=\"aligncenter size-full wp-image-7071\" title=\"\u2018Photoshop\u2019lu Manisa\u2019y\u0131 kaybetti! \" src=\"http:\/\/www.korhanyilmaz.com\/wp-content\/uploads\/2009\/03\/123q.png\" alt=\"\u2018Photoshop\u2019lu Manisa\u2019y\u0131 kaybetti! \" width=\"322\" height=\"192\" \/><\/p>\n<p style=\"text-align: justify;\"><strong>AKP&#8217;nin g\u00fc\u00e7l\u00fc ismi Ar\u0131n\u00e7&#8217;\u0131n memleketi Manisa&#8217;dan MHP \u00e7\u0131kt\u0131!<\/strong><\/p>\n<p style=\"text-align: justify;\">MAN\u0130SA, AKP&#8217;nin g\u00fc\u00e7l\u00fc ismi, Meclis eski Ba\u015fkan\u0131 B\u00fclent Ar\u0131n\u00e7&#8217;\u0131n memleketi. Ar\u0131n\u00e7 se\u00e7im \u00e7al\u0131\u015fmalar\u0131 boyunca Manisa&#8217;y\u0131 \u00fcs olarak kulland\u0131. Ba\u015fbakan&#8217;\u0131n Manisa mitingi s\u0131ras\u0131nda AKP Manisa \u0130l Ba\u015fkanl\u0131\u011f\u0131 taraf\u0131ndan \u00e7ekilen ve photoshop&#8217;lanm\u0131\u015f olarak da\u011f\u0131t\u0131lan foto\u011fraflar\u0131n klonland\u0131\u011f\u0131 ortaya \u00e7\u0131km\u0131\u015f, mitingi kalabal\u0131k g\u00f6stermek isteyen AKP Manisa il ba\u015fkanl\u0131\u011f\u0131 bu skandalla sars\u0131lm\u0131\u015ft\u0131. Bir ba\u015fka skandal ise, se\u00e7ime g\u00fcnler kala Ar\u0131n\u00e7, Atat\u00fcrk An\u0131t\u0131 \u00f6n\u00fcnde sayg\u0131 duru\u015funda bulundu\u011fu s\u0131rada ses sisteminden oryantal m\u00fczik verilmesiyle ya\u015fand\u0131. \u0130stiklal Mar\u015f\u0131&#8217;na ge\u00e7ilirken hareketli m\u00fczik, partilileri ve alanda toplananlar\u0131 \u015fa\u015fk\u0131na \u00e7evirmi\u015f, baz\u0131 vatanda\u015flar bu duruma yuh \u00e7ekerek tepki g\u00f6stermi\u015fti. APK&#8217;nin tar\u0131m politikalar\u0131 da Manisal\u0131 \u00e7ift\u00e7iler taraf\u0131ndan sand\u0131kta AKP&#8217;nin hanesine eksi olarak kaydedildi. \u00d6zellikle kuru \u00fcz\u00fcme verilen 1.30 TL&#8217;lik taban fiyat\u0131 da oy kayb\u0131n\u0131n nedenleri aras\u0131nda.<\/p>\n<p style=\"text-align: justify;\">\n","protected":false},"excerpt":{"rendered":"<p style=\"text-align: center;\">\n<p style=\"text-align: justify;\">AKP&#8217;nin g\u00fc\u00e7l\u00fc ismi Ar\u0131n\u00e7&#8217;\u0131n memleketi Manisa&#8217;dan MHP \u00e7\u0131kt\u0131!<\/p>\n<p style=\"text-align: justify;\">MAN\u0130SA, AKP&#8217;nin g\u00fc\u00e7l\u00fc ismi, Meclis eski Ba\u015fkan\u0131 B\u00fclent Ar\u0131n\u00e7&#8217;\u0131n memleketi. Ar\u0131n\u00e7 se\u00e7im \u00e7al\u0131\u015fmalar\u0131 boyunca Manisa&#8217;y\u0131 \u00fcs olarak kulland\u0131. Ba\u015fbakan&#8217;\u0131n Manisa mitingi s\u0131ras\u0131nda AKP Manisa \u0130l Ba\u015fkanl\u0131\u011f\u0131 taraf\u0131ndan \u00e7ekilen ve photoshop&#8217;lanm\u0131\u015f olarak da\u011f\u0131t\u0131lan foto\u011fraflar\u0131n klonland\u0131\u011f\u0131 ortaya \u00e7\u0131km\u0131\u015f, mitingi kalabal\u0131k g\u00f6stermek isteyen <\/p>\n","protected":false},"author":1,"featured_media":0,"comment_status":"open","ping_status":"closed","sticky":false,"template":"","format":"standard","meta":{"footnotes":""},"categories":[105],"tags":[],"class_list":["post-7070","post","type-post","status-publish","format-standard","hentry","category-gundem","odd"],"_links":{"self":[{"href":"http:\/\/www.korhanyilmaz.com\/index.php?rest_route=\/wp\/v2\/posts\/7070","targetHints":{"allow":["GET"]}}],"collection":[{"href":"http:\/\/www.korhanyilmaz.com\/index.php?rest_route=\/wp\/v2\/posts"}],"about":[{"href":"http:\/\/www.korhanyilmaz.com\/index.php?rest_route=\/wp\/v2\/types\/post"}],"author":[{"embeddable":true,"href":"http:\/\/www.korhanyilmaz.com\/index.php?rest_route=\/wp\/v2\/users\/1"}],"replies":[{"embeddable":true,"href":"http:\/\/www.korhanyilmaz.com\/index.php?rest_route=%2Fwp%2Fv2%2Fcomments&post=7070"}],"version-history":[{"count":0,"href":"http:\/\/www.korhanyilmaz.com\/index.php?rest_route=\/wp\/v2\/posts\/7070\/revisions"}],"wp:attachment":[{"href":"http:\/\/www.korhanyilmaz.com\/index.php?rest_route=%2Fwp%2Fv2%2Fmedia&parent=7070"}],"wp:term":[{"taxonomy":"category","embeddable":true,"href":"http:\/\/www.korhanyilmaz.com\/index.php?rest_route=%2Fwp%2Fv2%2Fcategories&post=7070"},{"taxonomy":"post_tag","embeddable":true,"href":"http:\/\/www.korhanyilmaz.com\/index.php?rest_route=%2Fwp%2Fv2%2Ftags&post=7070"}],"curies":[{"name":"wp","href":"https:\/\/api.w.org\/{rel}","templated":true}]}}