{"id":7066,"date":"2009-03-30T08:35:38","date_gmt":"2009-03-30T05:35:38","guid":{"rendered":"http:\/\/www.korhanyilmaz.com\/?p=7066"},"modified":"2009-03-30T08:35:38","modified_gmt":"2009-03-30T05:35:38","slug":"secime-kan-bulasti-8-olu-96-yarali","status":"publish","type":"post","link":"http:\/\/www.korhanyilmaz.com\/?p=7066","title":{"rendered":"Se\u00e7ime kan bula\u015ft\u0131: 8 \u00f6l\u00fc 96 yaral\u0131!"},"content":{"rendered":"<p style=\"text-align: center;\"><img loading=\"lazy\" decoding=\"async\" class=\"aligncenter size-full wp-image-7067\" title=\"Se\u00e7ime kan bula\u015ft\u0131: 8 \u00f6l\u00fc 96 yaral\u0131! \" src=\"http:\/\/www.korhanyilmaz.com\/wp-content\/uploads\/2009\/03\/kayseride_silahli_kavga1_olu_1_yarali.jpg\" alt=\"Se\u00e7ime kan bula\u015ft\u0131: 8 \u00f6l\u00fc 96 yaral\u0131! \" width=\"302\" height=\"227\" \/><\/p>\n<p style=\"text-align: justify;\"><strong>BBP Genel Ba\u015fkan\u0131 Muhsin Yaz\u0131c\u0131o\u011flu&#8217;nun trajik kayb\u0131yla buruk ge\u00e7en se\u00e7ime sand\u0131k ba\u015f\u0131nda ya\u015fanan kavgalar y\u00fcz\u00fcnden kan bula\u015ft\u0131.<\/strong><\/p>\n<p style=\"text-align: justify;\">Bir\u00e7ok b\u00f6lgede oy verme i\u015flemi s\u0131ras\u0131nda \u00e7\u0131kan kavgalarda ta\u015f, sopa, b\u0131\u00e7ak ve ate\u015fli silahlar kullan\u0131ld\u0131 8 ki\u015fi \u00f6ld\u00fc, 6&#8217;s\u0131 a\u011f\u0131r 96 ki\u015fi ise yaraland\u0131. \u0130\u015fte illere g\u00f6re olaylar:<br \/>\n<strong><br \/>\nSopa, tabanca, t\u00fcfek<\/strong>\n<\/p>\n<p style=\"text-align: justify;\">\u015eanl\u0131urfa&#8217;n\u0131n merkeze ba\u011fl\u0131 Bezirci K\u00f6y\u00fc&#8217;nde muhtar Ali \u00c7etinda\u011f ile muhtar aday\u0131 M\u00fcsl\u00fcm Babacan taraftarlar\u0131 sopalarla birbirine girdi. \u0130ki grup daha sonra tabanca ve t\u00fcfeklerle birbirlerine ate\u015f etti. Yaralanan 12 ki\u015fiden muhtar aday\u0131 M\u00fcsl\u00fcm Babacan, \u015eanl\u0131urfa Devlet Hastanesi&#8217;nde \u00f6ld\u00fc. Suru\u00e7&#8217;taki kavgada 18, Onbirnisan beldesinde 3, Siverek Uzun Ziyaret K\u00f6y\u00fc&#8217;nde 3, Ak\u00e7akale&#8217;nin Cevher K\u00f6y\u00fc&#8217;nde de 3 ki\u015fi yaraland\u0131.<!--more--><\/p>\n<p style=\"text-align: justify;\">Kars&#8217;\u0131n Verimli K\u00f6y\u00fc&#8217;nde, muhtarl\u0131k y\u00fcz\u00fcnden \u00e7\u0131kan kavgada 20 ya\u015f\u0131ndaki \u0130lhan Ay\u0131lmazd\u0131r a\u00e7\u0131lan ate\u015f sonucu \u00f6ld\u00fcr\u00fcld\u00fc. Ka\u011f\u0131zman \u0130l\u00e7esi&#8217;ne ba\u011fl\u0131 Karaba\u011f K\u00f6y\u00fc&#8217;nde muhtarl\u0131k se\u00e7imi silahl\u0131 \u00e7at\u0131\u015fmaya d\u00f6n\u00fc\u015ft\u00fc, muhtar aday\u0131 Zeki Demir ya\u015fam\u0131n\u0131 yitirdi, 5 ki\u015fi a\u011f\u0131r yaraland\u0131. Di\u011fer bir kavgada 4 ki\u015fi b\u0131\u00e7akla yaraland\u0131.<\/p>\n<p style=\"text-align: justify;\">Van&#8217;\u0131n Erecek Beldesi Il\u0131kaynak K\u00f6y\u00fc&#8217;nde 1 ki\u015fi \u00f6ld\u00fc, 5 ki\u015fi yaraland\u0131. \u00d6zalp \u0130l\u00e7esi&#8217;ne ba\u011fl\u0131 Dibekli K\u00f6y\u00fc&#8217;nde 3 ki\u015fi ta\u015f ve sopayla yaraland\u0131.<\/p>\n<p style=\"text-align: justify;\">A\u011fr\u0131&#8217;n\u0131n Patnos \u0130l\u00e7esi&#8217;ne ba\u011fl\u0131 Dedeli beldesinde AKP Belde Belediye Ba\u015fkan aday\u0131 Naim Durak ile DP aday\u0131 Ekrem Ge\u00e7er&#8217;in yak\u0131nlar\u0131 tart\u0131\u015ft\u0131. Naim Durak&#8217;\u0131n ye\u011feni 16 ya\u015f\u0131ndaki Adem Durak s\u0131rt\u0131ndan b\u0131\u00e7akland\u0131.<\/p>\n<p style=\"text-align: justify;\">Kayseri&#8217;nin \u0130ncesu il\u00e7esinde oy vermeye giden iki grup aras\u0131nda tart\u0131\u015fma \u00e7\u0131kt\u0131. Kavgada, Ferit \u00d6. (24) tabanca ile Saim Ta\u015fdemir&#8217;i (26) \u00f6ld\u00fcrd\u00fc. B\u0131\u00e7akla yaralanan karde\u015fi Mehmet \u00d6. de tedavi alt\u0131na al\u0131nd\u0131.<\/p>\n<p style=\"text-align: justify;\"><strong>1 ya\u015f\u0131nda bebek de yaral\u0131<\/strong><\/p>\n<p style=\"text-align: justify;\">Diyarbak\u0131r&#8217;\u0131n Lice \u0130l\u00e7esi&#8217;ne ba\u011fl\u0131 S\u0131\u011f\u0131nak K\u00f6y\u00fc&#8217;nde muhtarl\u0131k se\u00e7imi y\u00fcz\u00fcnden &#8216;Yal\u00e7\u0131n&#8217; ve &#8216;Aslan&#8217; aileleri aras\u0131nda kavga \u00e7\u0131kt\u0131. Kavgada tabancayla a\u00e7\u0131lan ate\u015fte 41 ya\u015f\u0131ndaki Adnan Yal\u00e7\u0131n ya\u015fam\u0131n\u0131 yitirirken, aralar\u0131nda 1 ya\u015f\u0131ndaki bebe\u011fin de bulundu\u011fu 10 ki\u015fi yaraland\u0131. Bumina\u011fa Mahallesi&#8217;nde muhtar aday\u0131 \u015eirin \u00c7aml\u0131 se\u00e7menlerle tart\u0131\u015f\u0131rken kalp krizi ge\u00e7irerek \u00f6ld\u00fc.<\/p>\n<p style=\"text-align: justify;\">Afyonkarahisar&#8217;\u0131n \u00c7obanlar \u0130l\u00e7esi&#8217;ne ba\u011fl\u0131 G\u00f6yn\u00fck K\u00f6y\u00fc&#8217;nde muhtar adaylar\u0131 Ali \u015eenol ve Bayram \u00c7ivril ile karde\u015fleri aras\u0131nda oy verme y\u00fcz\u00fcnden \u00e7\u0131kan tart\u0131\u015fma silahl\u0131 kavgaya d\u00f6n\u00fc\u015ft\u00fc, 6 ki\u015fi yaraland\u0131. Kavgaya kar\u0131\u015fanlar\u0131 ay\u0131rmaya \u00e7al\u0131\u015fan Jandarma Uzman \u00c7avu\u015f Sami Uzun, sol kolundan silahla yaraland\u0131.<\/p>\n<p style=\"text-align: justify;\">Adana&#8217;n\u0131n Tepeba\u011f Mahallesi&#8217;nde 47 ya\u015f\u0131ndaki Ramazan Av\u015far ile oy s\u0131ras\u0131 y\u00fcz\u00fcnden tart\u0131\u015fan Cengiz \u00c7a\u011fan oyunu kulland\u0131ktan sonra, arkada\u015flar\u0131yla Av\u015far&#8217;\u0131n evini bast\u0131. Av\u015far av t\u00fcfe\u011fiyle sald\u0131rganlara ate\u015f a\u00e7t\u0131. Cengiz \u00c7a\u011fan&#8217;la 6 yak\u0131n\u0131 yaraland\u0131.<\/p>\n<p style=\"text-align: justify;\">Mardin&#8217;in Nusaybin \u0130l\u00e7esi&#8217;ne ba\u011fl\u0131 Girmeli Beldesi&#8217;nde AKP ve DTP&#8217;liler aras\u0131nda \u00e7\u0131kan ta\u015fl\u0131, sopal\u0131 ve silahl\u0131 kavgada 6 ki\u015fi yaraland\u0131.<\/p>\n<p style=\"text-align: justify;\">I\u011fd\u0131r merkeze ba\u011fl\u0131 Y\u00fczba\u015f\u0131lar K\u00f6y\u00fc&#8217;nde muhtar aday\u0131 Mahmut U\u00e7rak&#8217;\u0131 destekleyen U\u00e7rak ailesinden bir grup ile di\u011fer muhtar aday\u0131 \u0130sa Akta\u015f&#8217;\u0131 destekleyen Akta\u015f ailesinden bir grup kavga etti, 2 ki\u015fi yaraland\u0131.<\/p>\n<p style=\"text-align: justify;\"><strong>200 ki\u015fi polisi ta\u015flad\u0131<\/strong><\/p>\n<p style=\"text-align: justify;\">\u015eanl\u0131urfa&#8217;n\u0131n Birecik \u0130l\u00e7esi Yunus Emre \u0130lk\u00f6\u011fretim Okulu&#8217;nda oy vermeye gelen Yunus Ye\u015filtepe, polis taraf\u0131ndan g\u00f6zalt\u0131na al\u0131nmak istendi. Ancak Ye\u015filtepe&#8217;nin yan\u0131ndakilerin arkada\u015flar\u0131na haber vermelerinin ard\u0131ndan, okul bah\u00e7esinde toplanan 200 ki\u015filik bir grup, polisi ve ara\u00e7lar\u0131 ta\u015f ya\u011fmuruna tutunca polis havaya uyar\u0131 ate\u015fi a\u00e7t\u0131. Olaylar yat\u0131\u015ft\u0131, Ye\u015filtepe g\u00f6zalt\u0131na al\u0131nd\u0131.<\/p>\n<p style=\"text-align: justify;\"><strong>Kazanan muhtar\u0131 rakibi vurdu<\/strong><\/p>\n<p style=\"text-align: justify;\">MAN\u0130SA&#8217;n\u0131n G\u00f6lmarmara il\u00e7esine ba\u011fl\u0131 Tiyenni K\u00f6y\u00fcnde muhtar se\u00e7ildi\u011fini \u00f6\u011frenen aday, se\u00e7im kutlamas\u0131 s\u0131ras\u0131nda \u00e7\u0131kan tart\u0131\u015fmada, t\u00fcfekle ate\u015f a\u00e7\u0131lmas\u0131 sonucu hayat\u0131n\u0131 kaybetti. Muhtar adaylar\u0131ndan Erol Do\u011fan (60) se\u00e7imi kazand\u0131\u011f\u0131n\u0131 \u00f6\u011frendikten sonra d\u00fczenlenen kutlamaya kat\u0131ld\u0131. Bu s\u0131rada Erol Do\u011fan ile se\u00e7imi kaybeden adaylardan M.E. aras\u0131nda tart\u0131\u015fma \u00e7\u0131kt\u0131. M.E&#8217;nin t\u00fcfekle ate\u015f a\u00e7mas\u0131 sonucu yaralanan Erol Do\u011fan, kald\u0131r\u0131ld\u0131\u011f\u0131 Akhisar Devlet Hastanesi&#8217;nde ya\u015fam\u0131n\u0131 yitirdi.<\/p>\n<p style=\"text-align: justify;\"><span style=\"color: #888888;\">Kaynak : Vatan Gazetesi<\/span><\/p>\n","protected":false},"excerpt":{"rendered":"<p style=\"text-align: center;\">\n<p style=\"text-align: justify;\">BBP Genel Ba\u015fkan\u0131 Muhsin Yaz\u0131c\u0131o\u011flu&#8217;nun trajik kayb\u0131yla buruk ge\u00e7en se\u00e7ime sand\u0131k ba\u015f\u0131nda ya\u015fanan kavgalar y\u00fcz\u00fcnden kan bula\u015ft\u0131.<\/p>\n<p style=\"text-align: justify;\">Bir\u00e7ok b\u00f6lgede oy verme i\u015flemi s\u0131ras\u0131nda \u00e7\u0131kan kavgalarda ta\u015f, sopa, b\u0131\u00e7ak ve ate\u015fli silahlar kullan\u0131ld\u0131 8 ki\u015fi \u00f6ld\u00fc, 6&#8217;s\u0131 a\u011f\u0131r 96 ki\u015fi ise yaraland\u0131. \u0130\u015fte illere g\u00f6re olaylar: Sopa, tabanca, t\u00fcfek <\/p>\n","protected":false},"author":1,"featured_media":0,"comment_status":"open","ping_status":"closed","sticky":false,"template":"","format":"standard","meta":{"footnotes":""},"categories":[105],"tags":[],"class_list":["post-7066","post","type-post","status-publish","format-standard","hentry","category-gundem","odd"],"_links":{"self":[{"href":"http:\/\/www.korhanyilmaz.com\/index.php?rest_route=\/wp\/v2\/posts\/7066","targetHints":{"allow":["GET"]}}],"collection":[{"href":"http:\/\/www.korhanyilmaz.com\/index.php?rest_route=\/wp\/v2\/posts"}],"about":[{"href":"http:\/\/www.korhanyilmaz.com\/index.php?rest_route=\/wp\/v2\/types\/post"}],"author":[{"embeddable":true,"href":"http:\/\/www.korhanyilmaz.com\/index.php?rest_route=\/wp\/v2\/users\/1"}],"replies":[{"embeddable":true,"href":"http:\/\/www.korhanyilmaz.com\/index.php?rest_route=%2Fwp%2Fv2%2Fcomments&post=7066"}],"version-history":[{"count":0,"href":"http:\/\/www.korhanyilmaz.com\/index.php?rest_route=\/wp\/v2\/posts\/7066\/revisions"}],"wp:attachment":[{"href":"http:\/\/www.korhanyilmaz.com\/index.php?rest_route=%2Fwp%2Fv2%2Fmedia&parent=7066"}],"wp:term":[{"taxonomy":"category","embeddable":true,"href":"http:\/\/www.korhanyilmaz.com\/index.php?rest_route=%2Fwp%2Fv2%2Fcategories&post=7066"},{"taxonomy":"post_tag","embeddable":true,"href":"http:\/\/www.korhanyilmaz.com\/index.php?rest_route=%2Fwp%2Fv2%2Ftags&post=7066"}],"curies":[{"name":"wp","href":"https:\/\/api.w.org\/{rel}","templated":true}]}}