{"id":7044,"date":"2009-03-30T08:00:29","date_gmt":"2009-03-30T05:00:29","guid":{"rendered":"http:\/\/www.korhanyilmaz.com\/?p=7044"},"modified":"2009-03-30T08:00:29","modified_gmt":"2009-03-30T05:00:29","slug":"sandiktan-akp%e2%80%99ye-uyari-cikti","status":"publish","type":"post","link":"http:\/\/www.korhanyilmaz.com\/?p=7044","title":{"rendered":"Sand\u0131ktan AKP\u2019ye uyar\u0131 \u00e7\u0131kt\u0131"},"content":{"rendered":"<p style=\"text-align: center;\"><img loading=\"lazy\" decoding=\"async\" class=\"aligncenter size-full wp-image-7045\" title=\"Sand\u0131ktan AKP\u2019ye uyar\u0131 \u00e7\u0131kt\u0131 \" src=\"http:\/\/www.korhanyilmaz.com\/wp-content\/uploads\/2009\/03\/300320090736012859445jpg.gif\" alt=\"Sand\u0131ktan AKP\u2019ye uyar\u0131 \u00e7\u0131kt\u0131 \" width=\"329\" height=\"210\" \/><\/p>\n<p style=\"text-align: justify;\"><strong>AKP girdi\u011fi d\u00f6rd\u00fcnc\u00fc se\u00e7imde ilk kez oy kaybetti. 2007 genel se\u00e7imi sonu\u00e7lar\u0131na g\u00f6re 8 puan gerileyerek y\u00fczde 39.3&#8217;e indi<\/strong><\/p>\n<p style=\"text-align: justify;\"><strong>Hayal k\u0131r\u0131kl\u0131\u011f\u0131 oldu<\/strong><\/p>\n<p style=\"text-align: justify;\">Erdo\u011fan, 2004 yerel se\u00e7imlerinde \u0130l Genel Meclisi&#8217;nde ald\u0131\u011f\u0131 y\u00fczde 41.7&#8217;lik oyu ba\u015far\u0131 \u00e7\u0131tas\u0131 olarak koymu\u015f, &#8220;Bu oran\u0131n alt\u0131nda kal\u0131r ve belediye say\u0131m\u0131z azal\u0131rsa, bunu ba\u015far\u0131s\u0131zl\u0131k olarak kabul ederiz&#8221; demi\u015fti. \u0130ktidara geldi\u011fi 3 Kas\u0131m 2002 se\u00e7imlerinden bu yana ilk kez y\u00fczde 40&#8217;\u0131n alt\u0131nda kalan AKP hayal k\u0131r\u0131kl\u0131\u011f\u0131 ya\u015fad\u0131.<\/p>\n<p style=\"text-align: justify;\"><strong>58&#8217;den 43&#8217;e d\u00fc\u015ft\u00fc<\/strong><\/p>\n<p style=\"text-align: justify;\">AKP&#8217;nin y\u00f6netti\u011fi belediye say\u0131s\u0131 da 58&#8217;den 43&#8217;e indi. Antalya ve Adana&#8217;y\u0131 kaybetti, b\u00fcy\u00fck\u015fehir belediyesi say\u0131s\u0131 12&#8217;den 10&#8217;a indi. Manisa, Yalova, Zonguldak, Tekirda\u011f&#8217;\u0131n da bulundu\u011fu 12 ilde de iktidar\u0131n\u0131 s\u00fcrd\u00fcremedi. Buna kar\u015f\u0131l\u0131k CHP&#8217;den Trabzon, Ardahan&#8217;\u0131; MHP&#8217;den Ni\u011fde&#8217;yi ve Saadet&#8217;ten Mardin&#8217;i ald\u0131. <!--more--><\/p>\n<p style=\"text-align: justify;\"><strong>ERDO\u011eAN: MESAJI ALDIM<\/strong><\/p>\n<p style=\"text-align: justify;\">Ba\u015fbakan Erdo\u011fan, se\u00e7imi \u015fu s\u00f6zlerle de\u011ferlendirdi: Se\u00e7imin sonucundan da tabii ki mesaj\u0131m\u0131z\u0131 alacak bundan sonraki s\u00fcre\u00e7te de dersimizi farkl\u0131 bir \u015fekilde \u00e7al\u0131\u015fmaya devam edece\u011fiz. Oranlara \u015fu ana kadar bakarsak tabii ki tatmin etmedi. Nerede eksi\u011fimiz var ona g\u00f6re gidece\u011fiz.<\/p>\n<p style=\"text-align: justify;\">ANKARA &#8211; Ba\u015fbakan ve AKP Genel Ba\u015fkan\u0131 Recep Tayyip Erdo\u011fan, se\u00e7im sonu\u00e7lar\u0131n\u0131n ortaya \u00e7\u0131kmas\u0131n\u0131n ard\u0131ndan gece yar\u0131s\u0131 parti genel merkezinde bir bas\u0131n toplant\u0131s\u0131 yapt\u0131. Erdo\u011fan, \u00f6zetle \u015fu de\u011ferlendirmeyi yapt\u0131:<\/p>\n<p style=\"text-align: justify;\"><strong>\u015eA\u0130BE GAYRETLER\u0130:<\/strong> Sonu\u00e7lar tecelli etti ancak buna g\u00f6lge d\u00fc\u015f\u00fcrme gayreti i\u00e7inde olanlar var. Televizyon kanallar\u0131nda konu\u015fan partililer ve adaylar, yok elektrik kesildi, yok oylar kay\u0131p oldu. Bunlar\u0131n muhattaplar\u0131 bellidir. YSK \u00e7al\u0131\u015fmalar\u0131n\u0131 yapm\u0131\u015ft\u0131r. Bunlara \u015fimdiden bir \u015faibe d\u00fc\u015f\u00fcrme gayreti i\u00e7ine girmeyi etik a\u00e7\u0131dan do\u011fru bulmuyorum.<\/p>\n<p style=\"text-align: justify;\"><strong>MESAJI DO\u011eRU OKUMALI:<\/strong> Milletimizin h\u00fcr iradesiyle bir keze daha sand\u0131\u011fa gittik ve irade tecelli etti. \u00d6zellikle alt\u0131n\u0131 \u00e7izmek istedi\u011fim husus, se\u00e7imin rakamsal sonucu ne olursa olsun kazanan milletimizin as\u0131l iradesi, demokrasi, T\u00fcrk siyaseti olmu\u015ftur. AKP kuruldu\u011fu andan itibaren milli iradeye, milletimizin tercihlerine sayg\u0131l\u0131 olmu\u015ftur. Biz her se\u00e7imin, halk\u0131n iradesini do\u011frudan yans\u0131tan bir mesaj oldu\u011funu biliyoruz. Bu mesaj\u0131 do\u011fru okumaya \u00e7al\u0131\u015f\u0131yoruz. Milletimizin verdi\u011fi mesaj\u0131 do\u011fru okumaya, anlamaya, dersler \u00e7\u0131karmaya \u00f6zen g\u00f6steriyoruz. Se\u00e7imin sonucundan da tabii ki mesaj\u0131m\u0131z\u0131 alacak, bundan sonraki s\u00fcre\u00e7te de dersimizi farkl\u0131 bir \u015fekilde \u00e7al\u0131\u015fmaya devam edece\u011fiz. Bu sonu\u00e7lar\u0131 da bu anlamda de\u011ferlendiriyoruz. Buna g\u00f6re \u00f6n\u00fcm\u00fczdeki g\u00fcnlerde daha kapsaml\u0131 de\u011ferlendirmeler yapmam\u0131z gerekiyor. Se\u00e7ilmi\u015f arkada\u015flar\u0131m\u0131z kutsal bir emanet y\u00fcklenmi\u015ftir. Kimse milletin emanetini ta\u015f\u0131rken \u015f\u0131marma, onu teslim edenlerden kopma hakk\u0131na sahip de\u011fildir. Emeneti ta\u015f\u0131ma vakur olmay\u0131 gerektirir. AKP olarak ne merkezi y\u00f6netimle ne yerel y\u00f6netimle, bize oy verenlerle oy vermeyenler aras\u0131nda ayr\u0131m yapmad\u0131k yapmayaca\u011f\u0131z.<\/p>\n<p style=\"text-align: justify;\"><strong>BEDEL\u0130N\u0130 \u00d6DER\u0130Z:<\/strong> Se\u00e7imi kazanan t\u00fcm ba\u015fkanlara h\u00fck\u00fcmet olarak e\u015fit mesafede oldu\u011fumuzu ifade edeyim. Hepsini kendi ba\u015fkanlar\u0131m\u0131z olarak millete hizmet vermeye devam edece\u011fiz. Arkada\u015flar\u0131m\u0131za tavsiyem, kucaklay\u0131c\u0131 tavr\u0131 temsil etmeleridir. \u015eimdi milletin verdi\u011fi karar\u0131 hep birlikte de\u011ferlendirme zaman\u0131d\u0131r. Milletimiz i\u00e7in yapacak daha \u00e7ok i\u015fimiz vard\u0131r. Bizim siyasetimiz b\u00f6lge, kabile siyasetini i\u00e7ermez. Bunun bir bedeli vard\u0131r. Ama bunun bedelini \u00f6deriz. Bundan \u00f6nce oldu\u011fu gibi bundan sonra da tavr\u0131m\u0131z de\u011fi\u015fmeyecektir.<\/p>\n<p style=\"text-align: justify;\"><strong>A\u00c7IK ARA \u00d6NDEY\u0130Z:<\/strong> En \u00f6nemli sonu\u00e7, il genel meclisi ve belediye ba\u015fkanl\u0131\u011f\u0131 oylar\u0131nda a\u00e7\u0131k ara \u00f6nde oldu\u011fumuzdur. Oylar\u0131m\u0131z CHP ve MHP&#8217;nin toplam\u0131n\u0131 ge\u00e7mi\u015ftir. \u00d6nceki se\u00e7imden ald\u0131\u011f\u0131 oyu a\u015fmaya \u00e7al\u0131\u015fm\u0131\u015ft\u0131r. Partimiz, ba\u015fkas\u0131yla de\u011fil kendisiyle yar\u0131\u015fm\u0131\u015ft\u0131r. 1. parti olmay\u0131 hedeflemeyip bize bir \u00e7\u0131ta belirlemeye kalkanlar, yorumcular taraf\u0131ndan anlaml\u0131 bir \u015fekilde de\u011ferlendirilir. AKP T\u00fcrkiye&#8217;yi kucaklayan en b\u00fcy\u00fck siyasi parti oldu\u011funu g\u00f6stermi\u015ftir. Di\u011fer partileri 81 ilde g\u00f6remeyeceksiniz. Biz t\u00fcm T\u00fcrkiye&#8217;yi kucakl\u0131yoruz, bizim fark\u0131m\u0131z budur. Biz bu milletin hizmetkar\u0131y\u0131z. T\u00fcrkiye&#8217;nin, laik, demokratik, sosyal hukuk devleti oldu\u011funu herkese kavratmaya \u00e7al\u0131\u015faca\u011f\u0131z.<\/p>\n<p style=\"text-align: justify;\"><strong>K\u00dc\u00c7\u00dcMSEMEY\u0130N:<\/strong> Kimse sand\u0131ktan \u00e7\u0131kan\u0131 k\u00fc\u00e7\u00fcmseme hakk\u0131n\u0131 kendinde g\u00f6rmesin. Sand\u0131ktan \u00e7\u0131kan irade siyasetin yol haritas\u0131d\u0131r. Siyaset\u00e7inin iddias\u0131z olmamas\u0131 laz\u0131m. B\u00f6yle davranan siyaset yapmamal\u0131. Bu oranlar g\u00f6r\u00fcnt\u00fcye g\u00f6re tatmin etmi\u015f de\u011fil. Nerede eksi\u011fimiz var onu giderece\u011fiz. T\u00fcm siyasi partilerin hedefi ilk parti olmakt\u0131r. M\u00fccadeleyi sadece partilere kar\u015f\u0131 de\u011fil bir\u00e7ok medya gruplar\u0131na kar\u015f\u0131 da verdik. Uluslararas\u0131 finas krizi vard\u0131. Bu krize ra\u011fmen de b\u00f6yle bir sonu\u00e7 \u00e7\u0131kmas\u0131 \u00f6nemlidir.<\/p>\n<p style=\"text-align: justify;\"><strong>KAB\u0130NEDE DE\u011e\u0130\u015e\u0130KL\u0130K:<\/strong> Kabinede de\u011fi\u015fiklik se\u00e7im sonu\u00e7lar\u0131na ba\u011fl\u0131 olarak da olmayarak da yap\u0131labilir. B\u00f6yle davranmak grubumuz i\u00e7in de de kabine i\u00e7inde de anormal kar\u015f\u0131lanmamal\u0131d\u0131r. Zaman zaman bu de\u011fi\u015fiklikleri yapt\u0131k, bundan sonra da yapaca\u011f\u0131z.<\/p>\n<p style=\"text-align: justify;\"><strong>TATM\u0130N ETMED\u0130:<\/strong> 11 b\u00fcy\u00fck\u015fehir belediyesi vard\u0131 bunlardan birini kaybettik. 65 il belediyesi vard\u0131, 36&#8217;s\u0131 AKP&#8217;de g\u00f6r\u00fcn\u00fcyor. Bunlar\u0131n say\u0131mlar\u0131 devam ediyor. Kriterlerimizden biri 28 Mart se\u00e7imleriydi. 1 puan m\u0131 2 puan m\u0131 d\u00fc\u015fm\u00fc\u015f onun de\u011ferlendirmesini yapaca\u011f\u0131z. \u0130l genel meclisi sonu\u00e7lar\u0131na g\u00f6re de bir de\u011ferlendirmemiz olacak. 22 Mart sonu\u00e7lar\u0131na g\u00f6re birka\u00e7 puan a\u015f\u015fa\u011f\u0131s\u0131nda \u00e7\u0131kacak g\u00f6r\u00fcn\u00fcyor. Hat\u0131rlarsan\u0131z se\u00e7im \u00f6ncesi birka\u00e7 televizyon kanal\u0131na \u00e7\u0131kt\u0131\u011f\u0131mda bana bununla ilgili tahminler sorulmu\u015ftu. Oranlar \u015fu ana bakarsak tabi ki tatmin etmedi. Nerede eksi\u011fimiz var ona g\u00f6re giderece\u011fiz.<\/p>\n<p style=\"text-align: justify;\"><strong>HANG\u0130 \u0130LLERE \u00dcZ\u00dcLD\u00dc?:<\/strong> Biz kimlik siyaseti de\u011fil hizmet siyaseti yap\u0131yoruz. Biz bunu da masaya yat\u0131raca\u011f\u0131z. Ne kadar kimlik siyaseti ne kadar eser siyaseti etkili oldu, bunlara bakaca\u011f\u0131z. Trabzon&#8217;da merkezi se\u00e7imde muhte\u015fem bir netice varken, yerel netice bizi \u015fa\u015f\u0131rtm\u0131\u015ft\u0131r. Daha a\u00e7\u0131k ara olmas\u0131 gerekirdi. Bu netice bizleri mutlu etti. Ni\u011fde ve Ardahan da bizleri mutlu etti. Van ve Siirt ise \u00fcz\u00fcld\u00fc\u011f\u00fcm iller oldu. Bitlis devam etti. Manisa&#8217;da, Bal\u0131kesir&#8217;de verilen hizmetler anlat\u0131l\u0131r gibi de\u011fil. Bunlar\u0131n sebepleri nedir, \u00fczerinde \u00e7al\u0131\u015faca\u011f\u0131z. Antalya ile ilgili sonucu \u00e7ok ama \u00e7ok anormal buluyorum. Antalya 28 kere gittim, hizmet paketlerinin a\u00e7\u0131l\u0131\u015f\u0131 i\u00e7in gittim. Antalya tarihinde g\u00f6rmedi\u011fi hizmeti 6.5 y\u0131lda g\u00f6rd\u00fc. Ger\u00e7ekten orada bu kadar hizmet kar\u015f\u0131l\u0131k bulmad\u0131. \u00dcz\u00fcnt\u00fcl\u00fcy\u00fcm.<\/p>\n<p style=\"text-align: justify;\"><strong>ADANA VE URFA:<\/strong> \u0130kinci ve \u00fc\u00e7\u00fcnc\u00fc partilerin toplamlar\u0131n\u0131n \u00fcst\u00fcnde bir sonu\u00e7 ald\u0131k. Biz kitle partisiyiz. Urfa&#8217;da se\u00e7imi kazanan aday\u0131 biz yine aday yapabilirdik, yapmad\u0131ysak tak\u0131m oyununa gelmeyen olduklar\u0131 i\u00e7in yapmad\u0131k. Ayn\u0131 \u015fekilde Adana&#8217;da da. Biz kollektif oyuna uyacak insanlarla \u00e7al\u0131\u015f\u0131r\u0131z. Bu, partimizin olmazsa olmaz ko\u015fuludur. Bundan sonra da b\u00f6yle devam edece\u011fiz.<\/p>\n<p style=\"text-align: justify;\"><strong>TAHR\u0130K YARI\u015eI VAR:<\/strong> \u0130stanbul ve Ankara&#8217;da adeta tahrik yar\u0131\u015f\u0131 var. Belediye otob\u00fcsleri talep edilmi\u015f gelmi\u015ftir, yoksa niye gelsin. Bilgisiyarlar \u00e7al\u0131\u015fm\u0131yor deniyor. \u00c7al\u0131\u015fm\u0131yorsa yetkililere sorun. Vatanda\u015f\u0131n tercihine g\u00f6lge d\u00fc\u015f\u00fcrme gayreti i\u00e7indeler. Ba\u015far\u0131 elde edemezseniz, bu, sonra b\u00f6yleydi de b\u00f6yle oldu gayretidir.<\/p>\n<p style=\"text-align: justify;\"><strong>Baykal evinden \u00e7\u0131kmad\u0131<\/strong><\/p>\n<p style=\"text-align: justify;\">CHP lideri Baykal bu se\u00e7imi de evinde izlemeyi tercih etti. CHP&#8217;nin \u0130stanbul ve Ankara&#8217;daki itirazlar\u0131n\u0131 Genel Sekreter \u00d6nder Sav dile getirdi.<\/p>\n","protected":false},"excerpt":{"rendered":"<p style=\"text-align: center;\">\n<p style=\"text-align: justify;\">AKP girdi\u011fi d\u00f6rd\u00fcnc\u00fc se\u00e7imde ilk kez oy kaybetti. 2007 genel se\u00e7imi sonu\u00e7lar\u0131na g\u00f6re 8 puan gerileyerek y\u00fczde 39.3&#8217;e indi<\/p>\n<p style=\"text-align: justify;\">Hayal k\u0131r\u0131kl\u0131\u011f\u0131 oldu<\/p>\n<p style=\"text-align: justify;\">Erdo\u011fan, 2004 yerel se\u00e7imlerinde \u0130l Genel Meclisi&#8217;nde ald\u0131\u011f\u0131 y\u00fczde 41.7&#8217;lik oyu ba\u015far\u0131 \u00e7\u0131tas\u0131 olarak koymu\u015f, &#8220;Bu oran\u0131n alt\u0131nda kal\u0131r ve belediye say\u0131m\u0131z azal\u0131rsa, bunu <\/p>\n","protected":false},"author":1,"featured_media":0,"comment_status":"open","ping_status":"closed","sticky":false,"template":"","format":"standard","meta":{"footnotes":""},"categories":[105],"tags":[],"class_list":["post-7044","post","type-post","status-publish","format-standard","hentry","category-gundem","odd"],"_links":{"self":[{"href":"http:\/\/www.korhanyilmaz.com\/index.php?rest_route=\/wp\/v2\/posts\/7044","targetHints":{"allow":["GET"]}}],"collection":[{"href":"http:\/\/www.korhanyilmaz.com\/index.php?rest_route=\/wp\/v2\/posts"}],"about":[{"href":"http:\/\/www.korhanyilmaz.com\/index.php?rest_route=\/wp\/v2\/types\/post"}],"author":[{"embeddable":true,"href":"http:\/\/www.korhanyilmaz.com\/index.php?rest_route=\/wp\/v2\/users\/1"}],"replies":[{"embeddable":true,"href":"http:\/\/www.korhanyilmaz.com\/index.php?rest_route=%2Fwp%2Fv2%2Fcomments&post=7044"}],"version-history":[{"count":0,"href":"http:\/\/www.korhanyilmaz.com\/index.php?rest_route=\/wp\/v2\/posts\/7044\/revisions"}],"wp:attachment":[{"href":"http:\/\/www.korhanyilmaz.com\/index.php?rest_route=%2Fwp%2Fv2%2Fmedia&parent=7044"}],"wp:term":[{"taxonomy":"category","embeddable":true,"href":"http:\/\/www.korhanyilmaz.com\/index.php?rest_route=%2Fwp%2Fv2%2Fcategories&post=7044"},{"taxonomy":"post_tag","embeddable":true,"href":"http:\/\/www.korhanyilmaz.com\/index.php?rest_route=%2Fwp%2Fv2%2Ftags&post=7044"}],"curies":[{"name":"wp","href":"https:\/\/api.w.org\/{rel}","templated":true}]}}