{"id":7039,"date":"2009-03-30T00:40:08","date_gmt":"2009-03-29T21:40:08","guid":{"rendered":"http:\/\/www.korhanyilmaz.com\/?p=7039"},"modified":"2009-03-30T00:40:08","modified_gmt":"2009-03-29T21:40:08","slug":"erdogandan-ilk-secim-yorumu","status":"publish","type":"post","link":"http:\/\/www.korhanyilmaz.com\/?p=7039","title":{"rendered":"Erdo\u011fan&#039;dan ilk se\u00e7im yorumu!"},"content":{"rendered":"<p style=\"text-align: center;\"><img loading=\"lazy\" decoding=\"async\" class=\"aligncenter size-full wp-image-7040\" title=\"Erdo\u011fan'dan ilk se\u00e7im yorumu! \" src=\"http:\/\/www.korhanyilmaz.com\/wp-content\/uploads\/2009\/03\/300320090042335300731.jpg\" alt=\"Erdo\u011fan'dan ilk se\u00e7im yorumu! \" width=\"329\" height=\"210\" \/><\/p>\n<p style=\"text-align: justify;\"><strong>Se\u00e7im sonu\u00e7lar\u0131n\u0131 de\u011ferlendiren Ba\u015fbakan Tayyip Erdo\u011fan \u015funlar\u0131 kaydetti:<\/strong><\/p>\n<p style=\"text-align: justify;\">Televizyonlar\u0131n ba\u015f\u0131nda bizleri izleyen say\u0131n vatanda\u015flar\u0131m ;29 Mart yerel se\u00e7imleri sonu\u00e7lanmak \u00fczere, say\u0131mlar devam ediyor. Ortaya \u00e7\u0131kacak sonu\u00e7 \u00fclkemiz, miletimiz ve yerel y\u00f6netimlere hay\u0131rl\u0131 olsun. Sevin\u00e7liyiz, \u00e7\u00fcnk\u00fc millet iradesi demokrasiye uygun tecelli etti. Fakat buna g\u00f6lge d\u00fc\u015f\u00fcrmek isteyenler var. Televizyonlar\u0131 izliyorum, ekranda konu\u015fan adaylar ve parti temsilcileri, elektrikler kesildi vs. demektedir. \u015eimdiden se\u00e7ime bir \u015faibe d\u00fc\u015f\u00fcrme gayreti i\u00e7inde olmay\u0131 etik a\u00e7\u0131dan do\u011fru bulmuyorum. Demokrasi g\u00fcc\u00fcne g\u00fc\u00e7 katm\u0131\u015ft\u0131r. Bu se\u00e7im \u00f6ncesi \u00fclkemiz Kahramanmara\u015f&#8217;dan gelen ac\u0131 haberle sars\u0131ld\u0131. \u00dclkemiz \u00e7ok de\u011ferli bir siyaset\u00e7isini kaybetti. Demokratik bir yar\u0131\u015f olmas\u0131n\u0131 istedi\u011fimiz se\u00e7imin sonlar\u0131nda olan bu olay bizleri derinden yaralad\u0131. Muhsin Bey ve arkada\u015flar\u0131n\u0131n ebedi mekanlar\u0131 cennet olsun. Geride kalanlar Allah&#8217;tan sab\u0131r diliyorum.<!--more--><\/p>\n<p style=\"text-align: justify;\">T\u00fcrkiye&#8217;yi ileri hedeflerine g\u00f6t\u00fcrecek olan bir se\u00e7im yapt\u0131k. Say\u0131mlar yap\u0131ld\u0131, art\u0131k birle\u015ftirme bordrolar\u0131 yap\u0131l\u0131yor. \u015eu hususun \u00f6zelikle alt\u0131n\u0131 \u00e7izmek istiyorum. Rakamsal sonu\u00e7 ne olursa olsun kazanan demokrasi olmu\u015ftur, T\u00fcrk siyaseti olmu\u015ftur. Her se\u00e7imi siyasetimize y\u00f6n veren halk\u0131n bir mesaj\u0131 olarak alg\u0131lad\u0131k. Milletin verdi\u011fi mesaj\u0131 do\u011fru okumaya bu mesajdan dersler \u00e7\u0131karmaya \u00f6zen g\u00f6sterdik. Bu se\u00e7imden de mesaj\u0131 alacak ve dersimi daha farkl\u0131 bir \u015fekilde \u00e7al\u0131\u015fmaya devam edece\u011fiz. 29 mart yerel se\u00e7im sonu\u00e7lar\u0131n\u0131 da bu \u015fekilde de\u011ferlendiriyor, milletimizin verdi\u011fi mesaj do\u011frultusunda \u00e7al\u0131\u015fmalar yapaca\u011f\u0131z. Se\u00e7ilen t\u00fcn arkada\u015flar\u0131m\u0131z omuzuna kutsal bir emanet binmi\u015ftir. Milletin verdi\u011fi karar\u0131 de\u011ferlendirme zaman\u0131d\u0131r. AKP hem oy y\u00fczdesinden hem ba\u015fkanl\u0131k say\u0131s\u0131nda CHP ve MHP&#8217;yi ge\u00e7mi\u015ftir. AKP kendisiyle yar\u0131\u015fm\u0131\u015f ve bir \u00f6nceki se\u00e7imdeki oyu ge\u00e7mek istemi\u015ftir. AKP milletten g\u00fcven oyu alm\u0131\u015ft\u0131r.<br \/>\n<strong><br \/>\nBu tablo sizi tatmin etti mi?<\/strong>\n<\/p>\n<p style=\"text-align: justify;\">Se\u00e7im \u00f6ncesi birka\u00e7 televizyon kanal\u0131na \u00e7\u0131kt\u0131mda tahminler sorulmu\u015fu. 2 kriterim var demi\u015ftim. Biri ge\u00e7en yerel se\u00e7imlerdir. \u015eu anda da birinci kriter i\u015fliyor. Bunun d\u0131\u015f\u0131nda da 22 Temmuz Genel se\u00e7imleri idi. \u0130l genel Meclisi oylamas\u0131nda da oray\u0131 yakalar\u0131z demi\u015ftim. \u015eu anda o oyu alamayaca\u011f\u0131m\u0131z g\u00f6r\u00fcl\u00fcyor.<\/p>\n<p style=\"text-align: justify;\">Siyaset\u00e7inin iddias\u0131z olan\u0131 zaten siyaset olmas\u0131n. Bu oranlar\u0131 \u015fu andaki g\u00f6r\u00fcnt\u00fcye bakarsak bizi tatmin etmedi. Dikkat edilirse t\u00fcm siyasi partilerin tek hedefi vard\u0131 o da AKP. Bir \u00e7ok medya gruplar\u0131na kar\u015f\u0131 da bu m\u00fccadeleyi verdik. \u00dcstelik k\u00fcresel bir finans krizinin oldu\u011fu d\u00f6nemde b\u00f6yle bir sonu\u00e7 \u00e7\u0131km\u0131\u015ft\u0131r.<\/p>\n<p style=\"text-align: justify;\">Trabzon&#8217;da merkezi y\u00f6netimle ilgili se\u00e7ime bak\u0131yorsunuz, ortada muhte\u015fem bir tablo var. Ama yerel se\u00e7imlerde orada \u00f6yle bir neticenin \u00e7\u0131kmas\u0131 bizi \u015fa\u015f\u0131rtm\u0131\u015ft\u0131. \u015eu anda asl\u0131nda \u00e7\u0131kan netice tablo olarak, daha a\u00e7\u0131k olarak \u00e7\u0131kmas\u0131 gerekirdi. Trabzon 22 Temmuz&#8217;da daha a\u00e7\u0131k ortaya koymu\u015ftu. Bizi tabi mutlu etti, Ni\u011fde&#8217;yi alm\u0131\u015f olmam\u0131z \u00f6nemli bir neticeydi. Bir de Ardahan ad\u0131ld\u0131. Gerek Van, gerek Siirt do\u011frusu \u00fcz\u00fcld\u00fc\u011f\u00fcm iller oldu.<\/p>\n<p style=\"text-align: justify;\">Ama bunun yan\u0131nda Bitlis devam etti, bat\u0131ya geldi\u011fimizde Manisa&#8217;da, Bal\u0131kesir&#8217;de verilen hizmetler anlat\u0131l\u0131r gibi de\u011fil.<\/p>\n<p style=\"text-align: justify;\"><strong><br \/>\n\u0130stanbul ve Ankara&#8217;da a\u00e7\u0131klamalar oldu CHP ve  MHP taraf\u0131ndan. Nas\u0131l de\u011ferlendiriyorsunuz? Antalya i\u00e7in ne diyeceksiniz?<\/strong>\n<\/p>\n<p style=\"text-align: justify;\">Antalya i\u00e7in \u015fahs\u0131m olarak 28 kere gidi\u015fim hizmetlerin a\u00e7\u0131l\u0131\u015f\u0131 i\u00e7indir. Bizden \u00f6nceki iktidarlar\u0131n yapamad\u0131\u011f\u0131 hizmeti yapt\u0131k. Demek ki hizmet kar\u015f\u0131l\u0131k bulmuyor. \u0130stanbul ve Ankara&#8217;da tahrik yar\u0131\u015f\u0131 var. Yenimahalle&#8217;de belediye otob\u00fcsleri var iddias\u0131 var, davet edilmi\u015ftir gelmi\u015ftir. I\u015f\u0131klar s\u00f6nm\u00fc\u015ft\u00fcr diyorlar, serverlar \u00e7al\u0131\u015fm\u0131yormu\u015f, onu muhatab\u0131na sor. Buralardan bir \u015feyler \u00e7\u0131karma hakk\u0131na kimse sahiptir de\u011fildir. Elimizdeki mazbatalara g\u00f6re s\u00f6yl\u00fcyorum Ankara ve \u0130stanbul&#8217;da \u00f6ndeyiz.<\/p>\n<p style=\"text-align: justify;\"><span style=\"color: #888888;\">Kaynak : Vatan Gazetesi<\/span><\/p>\n","protected":false},"excerpt":{"rendered":"<p style=\"text-align: center;\">\n<p style=\"text-align: justify;\">Se\u00e7im sonu\u00e7lar\u0131n\u0131 de\u011ferlendiren Ba\u015fbakan Tayyip Erdo\u011fan \u015funlar\u0131 kaydetti:<\/p>\n<p style=\"text-align: justify;\">Televizyonlar\u0131n ba\u015f\u0131nda bizleri izleyen say\u0131n vatanda\u015flar\u0131m ;29 Mart yerel se\u00e7imleri sonu\u00e7lanmak \u00fczere, say\u0131mlar devam ediyor. Ortaya \u00e7\u0131kacak sonu\u00e7 \u00fclkemiz, miletimiz ve yerel y\u00f6netimlere hay\u0131rl\u0131 olsun. Sevin\u00e7liyiz, \u00e7\u00fcnk\u00fc millet iradesi demokrasiye uygun tecelli etti. Fakat buna g\u00f6lge d\u00fc\u015f\u00fcrmek isteyenler var. Televizyonlar\u0131 <\/p>\n","protected":false},"author":1,"featured_media":0,"comment_status":"open","ping_status":"closed","sticky":false,"template":"","format":"standard","meta":{"footnotes":""},"categories":[105],"tags":[],"class_list":["post-7039","post","type-post","status-publish","format-standard","hentry","category-gundem","odd"],"_links":{"self":[{"href":"http:\/\/www.korhanyilmaz.com\/index.php?rest_route=\/wp\/v2\/posts\/7039","targetHints":{"allow":["GET"]}}],"collection":[{"href":"http:\/\/www.korhanyilmaz.com\/index.php?rest_route=\/wp\/v2\/posts"}],"about":[{"href":"http:\/\/www.korhanyilmaz.com\/index.php?rest_route=\/wp\/v2\/types\/post"}],"author":[{"embeddable":true,"href":"http:\/\/www.korhanyilmaz.com\/index.php?rest_route=\/wp\/v2\/users\/1"}],"replies":[{"embeddable":true,"href":"http:\/\/www.korhanyilmaz.com\/index.php?rest_route=%2Fwp%2Fv2%2Fcomments&post=7039"}],"version-history":[{"count":0,"href":"http:\/\/www.korhanyilmaz.com\/index.php?rest_route=\/wp\/v2\/posts\/7039\/revisions"}],"wp:attachment":[{"href":"http:\/\/www.korhanyilmaz.com\/index.php?rest_route=%2Fwp%2Fv2%2Fmedia&parent=7039"}],"wp:term":[{"taxonomy":"category","embeddable":true,"href":"http:\/\/www.korhanyilmaz.com\/index.php?rest_route=%2Fwp%2Fv2%2Fcategories&post=7039"},{"taxonomy":"post_tag","embeddable":true,"href":"http:\/\/www.korhanyilmaz.com\/index.php?rest_route=%2Fwp%2Fv2%2Ftags&post=7039"}],"curies":[{"name":"wp","href":"https:\/\/api.w.org\/{rel}","templated":true}]}}