{"id":70124,"date":"2021-12-31T20:27:56","date_gmt":"2021-12-31T17:27:56","guid":{"rendered":"http:\/\/www.korhanyilmaz.com\/?p=70124"},"modified":"2022-01-28T00:39:48","modified_gmt":"2022-01-27T21:39:48","slug":"erdogandan-faiz-aciklamasi-bizim-silahimiz-nas","status":"publish","type":"post","link":"http:\/\/www.korhanyilmaz.com\/?p=70124","title":{"rendered":"Erdo\u011fan\u2019dan faiz a\u00e7\u0131klamas\u0131: Bizim silah\u0131m\u0131z Nas"},"content":{"rendered":"<p style=\"text-align: justify;\"><a href=\"http:\/\/www.korhanyilmaz.com\/wp-content\/uploads\/2022\/01\/56859276_303.jpg\"  class=\"lightview\"><img loading=\"lazy\" decoding=\"async\" class=\"wp-image-70125 aligncenter\" src=\"http:\/\/www.korhanyilmaz.com\/wp-content\/uploads\/2022\/01\/56859276_303.jpg\" alt=\"\" width=\"400\" height=\"225\" \/><\/a><\/p>\n<p style=\"text-align: justify;\">Cumhurba\u015fkan\u0131 Recep Tayyip Erdo\u011fan, T\u00fcrkiye\u2019nin ekonomik beka m\u00fccadelesi verdi\u011fini ve ya\u015fanan krize &#8220;d\u0131\u015f mihraklar\u0131n&#8221; neden oldu\u011funu savundu.<\/p>\n<p style=\"text-align: justify;\">Cumhurba\u015fkan\u0131 Recep Tayyip Erdo\u011fan, T\u00fcrkiye&#8217;de d\u00f6vizden TL&#8217;ye h\u0131zl\u0131 bir d\u00f6n\u00fc\u015f oldu\u011funu ve bunun devam edece\u011finin i\u015faretlerinin g\u00f6r\u00fcld\u00fc\u011f\u00fcn\u00fc ifade etti. \u0130stanbul&#8217;da yap\u0131lan Anadolu Aslanlar\u0131 \u0130\u015f Adamlar\u0131 Derne\u011fi (ASKON)\u00a012. Ola\u011fan Genel Kurulu&#8217;nda konu\u015fan Erdo\u011fan, dolar ve euronun yeniden de\u011fer kazanmaya ba\u015flamas\u0131 ile ilgili olarak da, &#8220;Kurun tekrar oynamaya ba\u015flamas\u0131 ge\u00e7ici bir durumdur&#8221; dedi.<!--more--><\/p>\n<p style=\"text-align: justify;\">Konu\u015fmas\u0131nda T\u00fcrkiye&#8217;nin ekonomik bir beka m\u00fccadelesi verdi\u011fini ve ya\u015fanan ekonomik krizin kayna\u011f\u0131n\u0131n &#8220;d\u0131\u015f mihraklar&#8221; oldu\u011funu dile getiren Erdo\u011fan, &#8220;D\u00f6viz kuru \u00fczerinden bize silah g\u00f6stermeye kalkt\u0131lar ama ba\u015faramayacaklar bizim silah\u0131m\u0131z daha g\u00fc\u00e7l\u00fc, bizim silah\u0131m\u0131z Nas&#8221; s\u00f6yleminde bulundu.<\/p>\n<p style=\"text-align: justify;\">Vatanda\u015flara bir kez daha yat\u0131r\u0131m ve tasarruflar\u0131nda\u00a0<strong><span style=\"color: #ff6600;\"><a style=\"color: #ff6600;\" href=\"https:\/\/www.dw.com\/tr\/faiz-indirimi-sonras%C4%B1-tl-%C3%BCzerindeki-bask%C4%B1-b%C3%BCy%C3%BCyor\/a-60155905\" target=\"_blank\" rel=\"noopener\">T\u00fcrk Liras\u0131 kullanmay\u0131<\/a><\/span><\/strong>\u00a0tavsiye eden Cumhurba\u015fkan\u0131 Erdo\u011fan, faiz tart\u0131\u015fmalar\u0131 ile ilgili olarak da, &#8220;<strong><span style=\"color: #ff6600;\"><a style=\"color: #ff6600;\" href=\"https:\/\/www.dw.com\/tr\/merkez-bankas%C4%B1n%C4%B1n-faiz-indirme-karar%C4%B1-d%C3%B6n%C3%BClmez-yola-girdik\/a-60152990\" target=\"_blank\" rel=\"noopener\">Faiz a\u015fa\u011f\u0131, faiz yukar\u0131.<\/a><\/span><\/strong>\u00a0Arkada\u015flar l\u00fctfen bu i\u015fi art\u0131k kitab\u0131m\u0131zdan \u00e7\u0131karal\u0131m. Faiz zengini daha zengin, fakiri daha fakir yap\u0131yor. Art\u0131k bunu bilelim buna g\u00f6re hareket edelim&#8221; dedi.<\/p>\n<p style=\"text-align: justify;\"><strong>Y\u0131lba\u015f\u0131 mesaj\u0131<\/strong><\/p>\n<p style=\"text-align: justify;\">Bu arada\u00a0<strong><span style=\"color: #ff6600;\"><a style=\"color: #ff6600;\" href=\"https:\/\/www.dw.com\/tr\/erdo%C4%9Fan-enflasyonu-nas%C4%B1l-d%C3%BC%C5%9F%C3%BCrd%C3%BCysek-gene-indirece%C4%9Fiz\/a-60187472\" target=\"_blank\" rel=\"noopener\">Cumhurba\u015fkan\u0131 Erdo\u011fan<\/a><\/span><\/strong>, bir de y\u0131lba\u015f\u0131 mesaj\u0131 yay\u0131mlad\u0131. Video mesaj\u0131nda, &#8220;Biz milletimize 2023 hedeflerini, \u00fclkemizi d\u00fcnyan\u0131n en b\u00fcy\u00fck 10 ekonomisi aras\u0131na sokmay\u0131, b\u00fcy\u00fck ve g\u00fc\u00e7l\u00fc T\u00fcrkiye&#8217;yi yeni nesillere 2053 vizyonunu miras b\u0131rakmay\u0131 taahh\u00fct ediyoruz. Bizimle bu vizyonu payla\u015facak herkesle birlikte yol y\u00fcr\u00fcmeye, rekabet edecek herkesle de yar\u0131\u015fmaya haz\u0131r\u0131z. \u0130n\u015fallah 2022, 84 milyon insan\u0131m\u0131z\u0131n tamam\u0131 i\u00e7in hayal etti\u011fimiz g\u00fcvenli, huzurlu, mutlu, m\u00fcreffeh g\u00fcnlere eri\u015fece\u011fimiz bir y\u0131l olacakt\u0131r&#8221; ifadelerini kullanan Erdo\u011fan, 2021&#8217;in bir \u00f6nceki y\u0131l gibi koronavir\u00fcs salg\u0131n\u0131n\u0131n g\u00f6lgesinde ge\u00e7ti\u011fini ve bu y\u0131la ayr\u0131ca iklim de\u011fi\u015fikli\u011finin yol a\u00e7t\u0131\u011f\u0131 afetlerin, \u00e7e\u015fitli \u00fclkelerdeki istikrars\u0131zl\u0131ktan kaynaklanan gerilimlerin ve bitmeyen g\u00f6\u00e7 dalgalar\u0131n\u0131n damga vurdu\u011funu belirtti.<\/p>\n<p style=\"text-align: justify;\"><strong>Yerli a\u015f\u0131 Turkovac<\/strong><\/p>\n<p style=\"text-align: justify;\">&#8220;Kendilerini geli\u015fmi\u015f \u00fclkeler olarak nitelendiren ama asl\u0131nda o kadar da g\u00fc\u00e7l\u00fc olmad\u0131klar\u0131 anla\u015f\u0131lan \u00fclkelerin art\u0131k d\u00fcnyan\u0131n kar\u015f\u0131 kar\u015f\u0131ya bulundu\u011fu krizleri y\u00f6netemeyece\u011finin inkar\u0131 m\u00fcmk\u00fcn olmayan bir ger\u00e7ek oldu\u011funu&#8221; ifade eden Erdo\u011fan \u015f\u00f6yle konu\u015ftu:<\/p>\n<p style=\"text-align: justify;\">&#8220;T\u00fcrkiye i\u015fte bu k\u00fcresel foto\u011fraf i\u00e7inde hem g\u00fcvenlik krizlerini, hem sa\u011fl\u0131k krizini, hem siyasi ve sosyal s\u0131namalar\u0131 ba\u015far\u0131 ile atlatan bir \u00fclke olarak kendini olumlu y\u00f6nde ayr\u0131\u015ft\u0131rmay\u0131 ba\u015farm\u0131\u015ft\u0131r. Hat\u0131rlarsan\u0131z salg\u0131n krizinin ilk d\u00f6neminde maske ve t\u0131bbi malzeme, daha sonra hastane yata\u011f\u0131 ve sa\u011fl\u0131k hizmeti ard\u0131ndan da a\u015f\u0131 karga\u015fas\u0131 ortaya \u00e7\u0131kt\u0131\u011f\u0131nda biz vakitlice ald\u0131\u011f\u0131m\u0131z tedbirler ve att\u0131\u011f\u0131m\u0131z ad\u0131mlar sayesinde hepsinin de \u00fcstesinden gelmi\u015ftir. \u015eehir hastaneleri\u00a0salg\u0131n d\u00f6neminde sa\u011fl\u0131k hizmetlerinin yerine getirilmesinde \u00f6nemli roller \u00fcstlenmi\u015ftir. Hamdolsun kendi a\u015f\u0131m\u0131z Turkovac&#8217;\u0131\u00a0da \u00fcreterek a\u015f\u0131n\u0131n s\u00fcreklili\u011fi konusundaki t\u00fcm soru i\u015faretlerini ortadan kald\u0131rd\u0131k.&#8221;<\/p>\n<p style=\"text-align: justify;\"><strong>En b\u00fcy\u00fck 10 ekonomi aras\u0131na girme hedefi<\/strong><\/p>\n<p style=\"text-align: justify;\">Y\u0131lba\u015f\u0131 mesaj\u0131nda, T\u00fcrkiye&#8217;yi d\u00fcnyan\u0131n en b\u00fcy\u00fck 10 ekonomisi aras\u0131na sokma hedefi konusunda kararl\u0131 olduklar\u0131n\u0131 dile getiren Erdo\u011fan, &#8220;\u00dclkemizin bir s\u00fcredir ya\u015fad\u0131\u011f\u0131 ve hayat\u0131n ola\u011fan ak\u0131\u015f\u0131na uygun olmayan siyasi, sosyal, diplomatik, askeri ekonomik nice hadisenin gerisinde \u00fclkemizi bu hedefinden uzakla\u015ft\u0131rma gayesi oldu\u011funu \u00e7ok iyi biliyoruz. Allah&#8217;\u0131n yard\u0131m\u0131 ve milletimizin deste\u011fi ile geride b\u0131rakt\u0131\u011f\u0131m\u0131z her engel, bozdu\u011fumuz her tuzak, y\u0131rt\u0131p att\u0131\u011f\u0131m\u0131z her karanl\u0131k senaryo bizi b\u00fcy\u00fck ve g\u00fc\u00e7l\u00fc T\u00fcrkiye&#8217;ye biraz daha yakla\u015ft\u0131rmaktad\u0131r. Ge\u00e7mi\u015fte bu \u00fclkenin \u00f6n\u00fcn\u00fc siyasi istikrars\u0131zl\u0131klar\u0131n sembol\u00fc haline gelen koalisyonlarla, darbelerle, vesayet d\u00fczeniyle sosyal fay hatlar\u0131n\u0131 derinle\u015ftirmekle kesenlerin \u00e7abalar\u0131 art\u0131k i\u015fe yaram\u0131yor&#8221; s\u00f6yleminde bulundu.<\/p>\n<p style=\"text-align: justify;\">DW,DHA \/ ET,HT<\/p>\n<p style=\"text-align: justify;\"><strong>Kaynak :<span style=\"color: #ff6600;\">\u00a0 <a href=\"https:\/\/www.dw.com\/tr\/erdo%C4%9Fandan-faiz-a%C3%A7%C4%B1klamas%C4%B1-bizim-silah%C4%B1m%C4%B1z-nas\/a-60302714\" target=\"_blank\" rel=\"noopener\">\u00a9 Deutsche Welle T\u00fcrk\u00e7e<\/a><\/span><\/strong><\/p>\n","protected":false},"excerpt":{"rendered":"<p style=\"text-align: justify;\">\n<p style=\"text-align: justify;\">Cumhurba\u015fkan\u0131 Recep Tayyip Erdo\u011fan, T\u00fcrkiye\u2019nin ekonomik beka m\u00fccadelesi verdi\u011fini ve ya\u015fanan krize &#8220;d\u0131\u015f mihraklar\u0131n&#8221; neden oldu\u011funu savundu.<\/p>\n<p style=\"text-align: justify;\">Cumhurba\u015fkan\u0131 Recep Tayyip Erdo\u011fan, T\u00fcrkiye&#8217;de d\u00f6vizden TL&#8217;ye h\u0131zl\u0131 bir d\u00f6n\u00fc\u015f oldu\u011funu ve bunun devam edece\u011finin i\u015faretlerinin g\u00f6r\u00fcld\u00fc\u011f\u00fcn\u00fc ifade etti. \u0130stanbul&#8217;da yap\u0131lan Anadolu Aslanlar\u0131 \u0130\u015f Adamlar\u0131 Derne\u011fi (ASKON) 12. Ola\u011fan Genel Kurulu&#8217;nda <\/p>\n","protected":false},"author":1,"featured_media":0,"comment_status":"open","ping_status":"open","sticky":false,"template":"","format":"standard","meta":{"footnotes":""},"categories":[7,105],"tags":[],"class_list":["post-70124","post","type-post","status-publish","format-standard","hentry","category-ekonomi","category-gundem","odd"],"_links":{"self":[{"href":"http:\/\/www.korhanyilmaz.com\/index.php?rest_route=\/wp\/v2\/posts\/70124","targetHints":{"allow":["GET"]}}],"collection":[{"href":"http:\/\/www.korhanyilmaz.com\/index.php?rest_route=\/wp\/v2\/posts"}],"about":[{"href":"http:\/\/www.korhanyilmaz.com\/index.php?rest_route=\/wp\/v2\/types\/post"}],"author":[{"embeddable":true,"href":"http:\/\/www.korhanyilmaz.com\/index.php?rest_route=\/wp\/v2\/users\/1"}],"replies":[{"embeddable":true,"href":"http:\/\/www.korhanyilmaz.com\/index.php?rest_route=%2Fwp%2Fv2%2Fcomments&post=70124"}],"version-history":[{"count":0,"href":"http:\/\/www.korhanyilmaz.com\/index.php?rest_route=\/wp\/v2\/posts\/70124\/revisions"}],"wp:attachment":[{"href":"http:\/\/www.korhanyilmaz.com\/index.php?rest_route=%2Fwp%2Fv2%2Fmedia&parent=70124"}],"wp:term":[{"taxonomy":"category","embeddable":true,"href":"http:\/\/www.korhanyilmaz.com\/index.php?rest_route=%2Fwp%2Fv2%2Fcategories&post=70124"},{"taxonomy":"post_tag","embeddable":true,"href":"http:\/\/www.korhanyilmaz.com\/index.php?rest_route=%2Fwp%2Fv2%2Ftags&post=70124"}],"curies":[{"name":"wp","href":"https:\/\/api.w.org\/{rel}","templated":true}]}}