{"id":69987,"date":"2021-10-24T18:53:03","date_gmt":"2021-10-24T15:53:03","guid":{"rendered":"http:\/\/www.korhanyilmaz.com\/?p=69987"},"modified":"2021-10-24T22:46:31","modified_gmt":"2021-10-24T19:46:31","slug":"tugvanin-yemin-videosu-ortaya-cikti-bilal-erdogan-kursudeyken-biz-tugva-erleri-diye-yemin-ettiler","status":"publish","type":"post","link":"http:\/\/www.korhanyilmaz.com\/?p=69987","title":{"rendered":"T\u00dcGVA&#8217;n\u0131n yemin videosu ortaya \u00e7\u0131kt\u0131: Bilal Erdo\u011fan k\u00fcrs\u00fcdeyken &#8220;Biz T\u00dcGVA erleri&#8221; diye yemin ettiler"},"content":{"rendered":"<p><a href=\"http:\/\/www.korhanyilmaz.com\/wp-content\/uploads\/2021\/10\/2021-10-24_221912.jpg\"  class=\"lightview\"><img loading=\"lazy\" decoding=\"async\" class=\"aligncenter wp-image-69988\" src=\"http:\/\/www.korhanyilmaz.com\/wp-content\/uploads\/2021\/10\/2021-10-24_221912.jpg\" alt=\"\" width=\"400\" height=\"234\" \/><\/a><\/p>\n<p class=\"spot\" style=\"text-align: justify;\">AKP\u2019li Cumhurba\u015fkan\u0131 Recep Tayyip Erdo\u011fan\u2019\u0131n o\u011flu Bilal Erdo\u011fan\u2019\u0131n y\u00f6neticisi oldu\u011fu T\u00dcGVA&#8217;n\u0131n bir toplant\u0131s\u0131nda, T\u00dcGVA&#8217;l\u0131lar\u0131n &#8216;Komando And\u0131&#8217;n\u0131n s\u00f6zlerini de\u011fi\u015ftirerek okudu\u011fu g\u00f6r\u00fcnt\u00fcler sosyal medyada g\u00fcndem oldu. G\u00f6r\u00fcnt\u00fclerde, Bilal Erdo\u011fan&#8217;\u0131n k\u00fcrs\u00fcde oldu\u011fu s\u0131rada, Adalar&#8217;a \u00f6zel vurgu yap\u0131larak &#8220;Ba\u015fkomutan\u0131m\u0131z Erdo\u011fan&#8221; ifadesi yer ald\u0131.<\/p>\n<p style=\"text-align: justify;\">\u0130ktidar\u0131n g\u00f6zde kurumlar\u0131ndan, AKP\u2019li Cumhurba\u015fkan\u0131\u00a0<strong>Recep Tayyip Erdo\u011fan<\/strong>\u2019\u0131n o\u011flu\u00a0<strong>Bilal Erdo\u011fan<\/strong>\u2019\u0131n y\u00f6neticilerinden oldu\u011fu\u00a0<strong>T\u00fcrkiye Gen\u00e7lik Vakf\u0131&#8217;n\u0131n<\/strong>\u00a0(T\u00dcGVA), vak\u0131f \u00fczerinden ordu, emniyet ve di\u011fer kamu kurumlar\u0131na y\u00fczlerce ki\u015fiyi yerle\u015ftirdi\u011fi, bu ki\u015filerle ilgili sicil listeleri tuttu\u011funa dair belgeler g\u00fcndemdeki yerini koruyor.<!--more--><\/p>\n<p style=\"text-align: justify;\">Son olarak, T\u00dcGVA ile ilgili yeni iddialar\u0131n i\u00e7inde bulundu\u011fu belgelerde, 15 Temmuz ard\u0131ndan \u201c<strong>FET\u00d6\u2019n\u00fcn ard\u0131ndan ortaya \u00e7\u0131kan yurt bo\u015flu\u011funun doldurulmas\u0131<\/strong>\u201d ve h\u00fck\u00fcmetin bu konuda T\u00dcGVA ve T\u00dcRGEV gibi vak\u0131flar\u0131 maddi olarak desteklemesi iddias\u0131 da yer ald\u0131.<\/p>\n<p style=\"text-align: justify;\">Bug\u00fcn ise T\u00dcGVA,\u00a0<strong>Gelece\u011fin Gen\u00e7li\u011fi<\/strong>\u00a0isimli bir toplant\u0131 d\u00fczenledi. Gazeteci\u00a0<strong>Metin Cihan<\/strong>&#8216;\u0131n sosyal medya hesab\u0131 Twitter \u00fczerinden payla\u015ft\u0131\u011f\u0131 toplant\u0131n\u0131n g\u00f6r\u00fcnt\u00fclerinde, at\u0131lan sloganlar tepki \u00e7ekti.<\/p>\n<p><center><iframe loading=\"lazy\" title=\"T\u00dcGVA&#039;dan olay yaratacak yemin videosu: Ba\u015fkomutan\u0131m\u0131z Erdo\u011fan\" frameborder=\"0\" width=\"640\" height=\"359\" src=\"https:\/\/geo.dailymotion.com\/player.html?video=x8526k5&#038;\" allowfullscreen allow=\"autoplay; fullscreen; picture-in-picture; web-share\"><\/iframe><\/p>\n<p><\/center><\/p>\n<h3 style=\"text-align: justify;\">&#8216;B\u0130Z T\u00dcGVA ERLER\u0130&#8217;<\/h3>\n<p style=\"text-align: justify;\">G\u00f6r\u00fcnt\u00fclerde, Cumhurba\u015fkan\u0131 Erdo\u011fan&#8217;\u0131n o\u011flu<strong>\u00a0Bilal Erdo\u011fa<\/strong>n&#8217;\u0131n k\u00fcrs\u00fcde oldu\u011fu s\u0131rada, hep bir a\u011f\u0131zdan &#8220;<strong>Biz T\u00dcGVA erleri<\/strong>&#8221; diye ba\u015flayan bir metnin okundu\u011fu g\u00f6r\u00fcl\u00fcyor.\u00a0T\u00dcGVA&#8217;l\u0131lar\u0131n okudu\u011fu antta, \u201c<strong>Ben T\u00fcrk komandosuyum<\/strong>\u201d s\u00f6zlerinin \u201cBen T\u00dcGVA&#8217;l\u0131y\u0131m\u201d diye de\u011fi\u015ftirildi\u011fi de duyuldu.<\/p>\n<p style=\"text-align: justify;\">Kendilerini &#8220;T\u00dcGVA erleri&#8221; diye tan\u0131mlayan grup sonras\u0131nda &#8220;Ben\u00a0<strong>T\u00dcGVA&#8217;l\u0131y\u0131m. Her yerde ben var\u0131m; havada, karada, denizde! \u0130dlib&#8217;de, Ke\u015fmir&#8217;de, Filistin&#8217;de<\/strong>&#8221; diye devam ederken; &#8220;<strong>Adalarda<\/strong>&#8221; k\u0131sm\u0131 \u00fc\u00e7 kez tekrar edildi.<\/p>\n<h3 style=\"text-align: justify;\">C\u0130HAN: BELGELERLE \u0130F\u015eA OLDUKTAN SONRA \u0130Y\u0130CE SALDILAR<\/h3>\n<p style=\"text-align: justify;\">\u00d6te yandan grubun &#8220;<strong>Allah, kuran, peygamber, ba\u015fkomutan Erdo\u011fan<\/strong>&#8221; diye ba\u011f\u0131rmas\u0131 da dikkat \u00e7ekiyor. Gazeteci Metin Cihan&#8217;\u0131n payla\u015ft\u0131\u011f\u0131 ikinci videoda ise, &#8216;<strong>Ey kafirler, yenileceksiniz ve cehenneme s\u00fcr\u00fcleceksiniz<\/strong>&#8216; ifadelerinin kullan\u0131ld\u0131\u011f\u0131 g\u00f6r\u00fcld\u00fc. Cihan videoyu, &#8220;<strong>T\u00dcGVA y\u00f6neticiler toplant\u0131s\u0131ndan bir ba\u015fka g\u00f6r\u00fcnt\u00fc daha. Normalde b\u00f6yle g\u00f6r\u00fcnt\u00fcler vermezlerdi. \u00c7ocuklar, satran\u00e7, kitap, spor vs ile maskelerlerdi. Belgelerle if\u015fa olduktan sonra iyice sald\u0131lar. \u0130zledi\u011fimiz g\u00f6r\u00fcnt\u00fclerde ne t\u00fcrkiye var ne gen\u00e7lik ne de vak\u0131f. bir su\u00e7 \u00f6rg\u00fct\u00fc var<\/strong>&#8221; notuyla payla\u015ft\u0131.<\/p>\n<p><center><iframe loading=\"lazy\" title=\"T\u00dcGVA&#039;n\u0131n yemin videosu ortaya \u00e7\u0131kt\u0131: Bilal Erdo\u011fan k\u00fcrs\u00fcdeyken &quot;Biz T\u00dcGVA erleri&quot; diye yemin ettiler\" frameborder=\"0\" width=\"640\" height=\"362\" src=\"https:\/\/geo.dailymotion.com\/player.html?video=x85296t&#038;\" allowfullscreen allow=\"autoplay; fullscreen; picture-in-picture; web-share\"><\/iframe><\/p>\n<p><\/center><strong>Yemin metni \u015fu \u015fekilde:\u00a0<\/strong><\/p>\n<p>B\u0130Z T\u00dcGVA erleri<\/p>\n<p>Yuva yapt\u0131k g\u00f6klere<\/p>\n<p>Ba\u015f d\u00f6nd\u00fcren yerlere<\/p>\n<p>Engel tan\u0131maz a\u015far\u0131z<\/p>\n<p>Y\u00fcce engin da\u011flara<\/p>\n<p>El verir uzan\u0131r\u0131z<\/p>\n<p>Mor siyah bulutlara<\/p>\n<p>Ben T\u00dcGVA&#8217;l\u0131y\u0131m<\/p>\n<p>Her yerde ben var\u0131m<\/p>\n<p>Havada, karada, denizde, \u00e7\u00f6lde<\/p>\n<p>Her zaman ve her yerde<\/p>\n<p>Arakan&#8217;da, \u0130dlip&#8217;de, Ke\u015fmir&#8217;de, Filistin&#8217;de Libya&#8217;da Yemen&#8217;de<\/p>\n<p>Silivri&#8217;de, Erdek&#8217;ta, \u00c7atalca&#8217;da<\/p>\n<p>Adalar&#8217;da Adalar&#8217;da Adalar&#8217;da<\/p>\n<p>&#8230;<\/p>\n<p>Rab Allah,<\/p>\n<p>Rehber Kuran<\/p>\n<p>\u00d6nder peygamber<\/p>\n<p>Ba\u015fkomutan Erdo\u011fan, Ba\u015fkomutan Erdo\u011fan, Ba\u015fkomutan Erdo\u011fan&#8230;<\/p>\n<p>&nbsp;<\/p>\n<p><strong>KOMANDO YEM\u0130N\u0130<\/strong><\/p>\n<p>Korku nedir bilmeyizBiz da\u011flar\u0131n erleri<br \/>\nYuva yapt\u0131k g\u00f6klere<br \/>\nBa\u015f d\u00f6nd\u00fcren yerlere.<br \/>\nEngel tan\u0131maz a\u015far\u0131z<br \/>\nY\u00fcce engin da\u011flara<br \/>\nEl verir uzan\u0131r\u0131z mor siyah bulutlara.<br \/>\nBen T\u00fcrk komandosuyum<br \/>\nD\u00fc\u015fman\u0131 \u00e7elik pen\u00e7emle ezerim<br \/>\nHer yerde ben var\u0131m.<br \/>\nhavada, karada, denizde, \u00e7\u00f6lde<br \/>\n\u00c7atakta ve batakta<br \/>\nHer zaman ve her yerde<br \/>\nSiirt&#8217;te, Hakkari&#8217;de, Tunceli&#8217;de<br \/>\nG\u00f6k\u00e7eada&#8217;da, Bolu&#8217;da<br \/>\nHaz\u0131r<br \/>\nDaima haz\u0131r<br \/>\nKim; komando<br \/>\nKim: komando<br \/>\nOlamazs\u0131n<br \/>\nYahh!<br \/>\nOlamazs\u0131n<br \/>\nYahh!<br \/>\nKomandolar!<br \/>\nAllah&#8230;<\/p>\n<p>Kaynak : <a href=\"https:\/\/www.cumhuriyet.com.tr\/turkiye\/tugvanin-yemin-videosu-ortaya-cikti-bilal-erdogan-kursudeyken-biz-tugva-erleri-diye-yemin-ettiler-1879314\" target=\"_blank\" rel=\"noopener\">https:\/\/www.cumhuriyet.com.tr\/<\/a><\/p>\n","protected":false},"excerpt":{"rendered":"<\/p>\n<p class=\"spot\" style=\"text-align: justify;\">AKP\u2019li Cumhurba\u015fkan\u0131 Recep Tayyip Erdo\u011fan\u2019\u0131n o\u011flu Bilal Erdo\u011fan\u2019\u0131n y\u00f6neticisi oldu\u011fu T\u00dcGVA&#8217;n\u0131n bir toplant\u0131s\u0131nda, T\u00dcGVA&#8217;l\u0131lar\u0131n &#8216;Komando And\u0131&#8217;n\u0131n s\u00f6zlerini de\u011fi\u015ftirerek okudu\u011fu g\u00f6r\u00fcnt\u00fcler sosyal medyada g\u00fcndem oldu. G\u00f6r\u00fcnt\u00fclerde, Bilal Erdo\u011fan&#8217;\u0131n k\u00fcrs\u00fcde oldu\u011fu s\u0131rada, Adalar&#8217;a \u00f6zel vurgu yap\u0131larak &#8220;Ba\u015fkomutan\u0131m\u0131z Erdo\u011fan&#8221; ifadesi yer ald\u0131.<\/p>\n<p style=\"text-align: justify;\">\u0130ktidar\u0131n g\u00f6zde kurumlar\u0131ndan, AKP\u2019li Cumhurba\u015fkan\u0131 Recep Tayyip Erdo\u011fan\u2019\u0131n o\u011flu Bilal <\/p>\n","protected":false},"author":1,"featured_media":0,"comment_status":"open","ping_status":"open","sticky":false,"template":"","format":"standard","meta":{"footnotes":""},"categories":[105],"tags":[57,6121,591,6120,6066,12,3184,5777,1749,3159],"class_list":["post-69987","post","type-post","status-publish","format-standard","hentry","category-gundem","tag-akp","tag-baskomutan-erdogan","tag-bilal-erdogan","tag-gelecegin-gencligi","tag-metin-cihan","tag-recep-tayyip-erdogan","tag-suc-orgutu","tag-tugva","tag-turgev","tag-turkiye-genclik-vakfi-tugva","odd"],"_links":{"self":[{"href":"http:\/\/www.korhanyilmaz.com\/index.php?rest_route=\/wp\/v2\/posts\/69987","targetHints":{"allow":["GET"]}}],"collection":[{"href":"http:\/\/www.korhanyilmaz.com\/index.php?rest_route=\/wp\/v2\/posts"}],"about":[{"href":"http:\/\/www.korhanyilmaz.com\/index.php?rest_route=\/wp\/v2\/types\/post"}],"author":[{"embeddable":true,"href":"http:\/\/www.korhanyilmaz.com\/index.php?rest_route=\/wp\/v2\/users\/1"}],"replies":[{"embeddable":true,"href":"http:\/\/www.korhanyilmaz.com\/index.php?rest_route=%2Fwp%2Fv2%2Fcomments&post=69987"}],"version-history":[{"count":0,"href":"http:\/\/www.korhanyilmaz.com\/index.php?rest_route=\/wp\/v2\/posts\/69987\/revisions"}],"wp:attachment":[{"href":"http:\/\/www.korhanyilmaz.com\/index.php?rest_route=%2Fwp%2Fv2%2Fmedia&parent=69987"}],"wp:term":[{"taxonomy":"category","embeddable":true,"href":"http:\/\/www.korhanyilmaz.com\/index.php?rest_route=%2Fwp%2Fv2%2Fcategories&post=69987"},{"taxonomy":"post_tag","embeddable":true,"href":"http:\/\/www.korhanyilmaz.com\/index.php?rest_route=%2Fwp%2Fv2%2Ftags&post=69987"}],"curies":[{"name":"wp","href":"https:\/\/api.w.org\/{rel}","templated":true}]}}