{"id":6938,"date":"2009-03-29T08:56:38","date_gmt":"2009-03-29T05:56:38","guid":{"rendered":"http:\/\/www.korhanyilmaz.com\/?p=6938"},"modified":"2009-03-29T08:56:38","modified_gmt":"2009-03-29T05:56:38","slug":"%e2%80%9cben-akp%e2%80%99lilerin-gozunde-bir-samar-oglaniyim%e2%80%9d","status":"publish","type":"post","link":"http:\/\/www.korhanyilmaz.com\/?p=6938","title":{"rendered":"\u201cBen AKP\u2019lilerin g\u00f6z\u00fcnde bir \u015famar o\u011flan\u0131y\u0131m\u201d"},"content":{"rendered":"<p style=\"text-align: center;\"><img loading=\"lazy\" decoding=\"async\" class=\"aligncenter size-full wp-image-6939\" title=\"Faz\u0131l Say\" src=\"http:\/\/www.korhanyilmaz.com\/wp-content\/uploads\/2009\/03\/fft5_mf145898.jpeg\" alt=\"Faz\u0131l Say\" width=\"357\" height=\"232\" \/><\/p>\n<p style=\"text-align: center;\">\n<p style=\"text-align: justify;\"><strong>Ge\u00e7ti\u011fimiz g\u00fcnlerde K\u00fclt\u00fcr Bakan\u0131 Ertu\u011frul G\u00fcnay ile &#8220;Naz\u0131m Oratoryosu&#8221; \u00fczerine bir tart\u0131\u015fmayla g\u00fcndeme gelen d\u00fcnyaca \u00fcnl\u00fc piyanist Faz\u0131l Say&#8217;la Milliyet gazetesinden Mira\u00e7 Zeynep \u00d6zkartal konu\u015ftu.<\/strong><\/p>\n<p style=\"text-align: justify;\">Bir bakan taraf\u0131ndan su\u00e7lanmak, onunla uluorta tart\u0131\u015fmak nas\u0131l etkiliyor sizi?<\/p>\n<p style=\"text-align: justify;\">Haks\u0131zl\u0131\u011fa u\u011fram\u0131\u015f hissediyorum kendimi. NTV&#8217;de Bakan o laf\u0131 etti, ertesi g\u00fcn bas\u0131na yans\u0131d\u0131. Herkes &#8220;Cevap ver&#8221; dedi. Kendimi savunmak i\u00e7in bir metin haz\u0131rlad\u0131m, yay\u0131mland\u0131. \u0130nternette yaz\u0131m\u0131n alt\u0131ndaki okur yorumlar\u0131n\u0131 okuyorum, 20 yorum varsa 14&#8217;\u00fc aleyhimde. Kendimi sadece aklamaya \u00e7al\u0131\u015f\u0131rken &#8220;Sen h\u00e2l\u00e2 burada m\u0131s\u0131n? Git&#8221; c\u00fcmleleriyle kar\u015f\u0131la\u015f\u0131yorum. <!--more--><\/p>\n<p style=\"text-align: justify;\">Ne hissediyorsunuz birileri &#8220;Git&#8221; deyince?<br \/>\nKeder. &#8220;Sen i\u015fine bak&#8221; diyorlar. Sanki ben hi\u00e7 i\u015fime bakm\u0131yorum. Ben kimseye hakaret etmedim, kimseyi k\u0131rmad\u0131m. Sadece \u00e7amur at\u0131l\u0131nca kendimi savunurken bunlar ba\u015f\u0131ma geliyor. Bir de marjinal yazarlar var&#8230;<\/p>\n<p style=\"text-align: justify;\">Kim onlar?<br \/>\nMillet marjinalle\u015fme merak\u0131nda. Ek\u015fi S\u00f6zl\u00fck&#8217;te, Facebook&#8217;ta bir laf bulup onu evirip \u00e7evirmekte \u00fcstlerine yok. Bazen d\u00fc\u015f\u00fcn\u00fcyorum, bir Alman meslekta\u015f\u0131m\u0131n ba\u015f\u0131na b\u00f6yle \u015feyler geliyor mudur? K\u0131skan\u0131yorum onlar\u0131. Belki de talihli olan benim, s\u0131k\u0131c\u0131 olan onlar\u0131n hayat\u0131. Beethoven \u00e7al\u0131yor, bir ay ses \u00e7\u0131km\u0131yor. Bu mu daha iyi acaba, benim ya\u015fad\u0131\u011f\u0131m cehennemi durum mu, bilemedim.\n<\/p>\n<p style=\"text-align: justify;\">&#8220;Yunus Emre Oratoryosu&#8221;nu 2 bin 600&#8217;l\u00fck salonda 300 ki\u015fi izledi<\/p>\n<p style=\"text-align: justify;\">Zorluklar yarat\u0131c\u0131l\u0131\u011f\u0131 besler denir&#8230;<br \/>\nOlabilir. Ama ya\u015fad\u0131\u011f\u0131m\u0131z keder ve \u00f6fke olmas\u0131n isterim. Bakan konser iptal etmenin yasa d\u0131\u015f\u0131 oldu\u011funu da biliyor, onun yerine yap\u0131lan i\u015flerin k\u00f6t\u00fc ge\u00e7ti\u011fini de&#8230; Biliyor musunuz ki &#8220;Yunus Emre Oratoryosu&#8221;nu 2 bin 600 ki\u015filik salonda ka\u00e7 ki\u015fi izledi? 300 ki\u015fi! Almanca tekstini herhalde Almanca bilmeyen biri terc\u00fcme etmi\u015f. 2 bin 600 ki\u015filik salonu doldurmak i\u00e7in d\u00fcnya \u00e7ap\u0131nda olmak laz\u0131m. Ama bunun yolu her ak\u015fam Faz\u0131l Say gibi \u00e7alabilmekten ge\u00e7iyor. Hintli bir ermi\u015f gibi ruh ve beden kontrol\u00fc gerekiyor. \u00c7\u00fcnk\u00fc beden itiraz eder. &#8220;\u00c7alm\u0131yorum bu gece&#8221; der.<\/p>\n<p style=\"text-align: justify;\">Nas\u0131l olur bu?<br \/>\nO sabah u\u00e7akta uyuyakalm\u0131\u015fs\u0131nd\u0131r, omzun korkun\u00e7 a\u011fr\u0131yordur. O zaman v\u00fccut y\u00fczde 80 a\u011f\u0131r i\u015fler. Bunun yollar\u0131n\u0131 da tecr\u00fcbeyle \u00f6\u011freniyor insan. Tamamen i\u00e7 sesine gidip v\u00fccudunu unutmay\u0131 \u00f6\u011freniyorsun.\n<\/p>\n<p style=\"text-align: justify;\">10 y\u0131l sonra geriye bakt\u0131\u011f\u0131mda &#8220;\u0130yi ki b\u00f6yle yapm\u0131\u015f\u0131m&#8221; diyece\u011fim<\/p>\n<p style=\"text-align: justify;\">Peki ruh nas\u0131l isyan eder? \u00c7etin Altan&#8217;\u0131n &#8220;Bug\u00fcn i\u00e7imde yaz\u0131 yazmak gelmiyor&#8221; durumu gibi mi?<br \/>\nTokyo&#8217;da 3 bin ki\u015fi bilet al\u0131p konsere gelmi\u015f, ben &#8220;\u015eu anda i\u00e7imden gelmiyor&#8221; diyemem. Ben ruhunu, bedenini ve d\u00fc\u015f\u00fcncelerini \u00e7ok analiz eden bir insan\u0131m. Zuhal de (Olcay) ben de bir ara psikologa gitmi\u015ftik, be\u015f-alt\u0131 seans sonra b\u0131rakt\u0131k. \u015eunu dedik: Zaten kendimizi o kadar \u00e7ok de\u015fiyoruz ki neden psikologa gidelim? Bir sanat\u00e7\u0131n\u0131n gereksinimi olan yard\u0131mlar ba\u015fka. Benim analizlerime g\u00f6re, b\u00fct\u00fcn bu olaylardan ruhum y\u00fczde bir bile yara alm\u0131yor.<\/p>\n<p style=\"text-align: justify;\">Nelerden yara al\u0131r peki ruhunuz?<br \/>\nMesela Beethoven&#8217;in bir sonat\u0131n\u0131 art\u0131k iyi \u00e7alam\u0131yorumdur. Ya da bir besteyi bir t\u00fcrl\u00fc ilerletemiyorumdur. Ama Radikal&#8217;deki ya da Taraf&#8217;taki falanca k\u00f6\u015fe yazar\u0131n\u0131n sata\u015fmas\u0131, ruhsal bir yara de\u011fil. O sadece d\u00fc\u015f\u00fcnceleri savunma aktivitesine d\u00f6n\u00fc\u015ft\u00fcren, cevap vermeye zorlayan, vakit kayb\u0131 dolay\u0131s\u0131yla da sinirlendiren bir olay.<\/p>\n<p style=\"text-align: justify;\">H\u00e2l\u00e2 T\u00fcrkiye&#8217;den gitmeyi d\u00fc\u015f\u00fcn\u00fcyor musunuz?<br \/>\nBazen diyorum, ya arkada\u015f sen \u00fc\u00e7 y\u0131l falan ba\u015fka bir \u00fclkede ya\u015fasan&#8230; B\u00fct\u00fcn bu olaylar sakinle\u015fse, sonra d\u00f6nersin ve iyi bir d\u00f6n\u00fc\u015f de olur. Bunu yapamamam\u0131n baz\u0131 sebepleri var. Birincisi k\u0131z\u0131m\u0131 b\u0131rakamam. Onu al\u0131p gidemem de, \u00e7\u00fcnk\u00fc y\u0131l\u0131n 250 g\u00fcn\u00fc turnedeyim. Y\u00fczde 80 bu. Kalan y\u00fczde 20 de \u015fu: T\u00fcrkiye&#8217;yi seviyorum. B\u00fct\u00fcn batakl\u0131\u011f\u0131na, cehennemine ra\u011fmen T\u00fcrkiye&#8217;yi Hollanda&#8217;ya tercih ederim. Avrupa s\u0131k\u0131c\u0131. Z\u00fcrih&#8217;te intihar oran\u0131 \u0130stanbul&#8217;dan daha fazla. S\u0131k\u0131nt\u0131ya \u00e7\u00f6z\u00fcm yok \u00e7\u00fcnk\u00fc. U\u00e7 fikirli bir AKP&#8217;li ya da MHP&#8217;li ile internette at\u0131\u015fmaya ba\u015flay\u0131nca bu s\u0131k\u0131c\u0131 de\u011fil ki&#8230;<\/p>\n<p style=\"text-align: justify;\">E\u011flenceli mi buluyorsunuz?<br \/>\nArif Sa\u011f politikaya giriyor ya, &#8220;Sen bu i\u015fi hobi olarak yap\u0131yorsun&#8221; dedim ona. Ben de piyano \u00e7al\u0131p beste yaparken biraz s\u0131k\u0131\u015ft\u0131\u011f\u0131m anda Facebook&#8217;a ya da MSN&#8217;e ka\u00e7\u0131yorum. Milletle mektupla\u015f\u0131yorum. Sert tart\u0131\u015fmalar da oluyor. O bana biraz ya\u015fam g\u00fcc\u00fc de veriyor a\u00e7\u0131k\u00e7as\u0131. En az\u0131ndan falanca Brahms kon\u00e7ertosu ruhsal olarak a\u011fr\u0131tmaya ba\u015flad\u0131\u011f\u0131nda onu unutturuyor. Bir ka\u00e7\u0131\u015f noktas\u0131.<\/p>\n<p style=\"text-align: justify;\">Arada bir &#8220;\u0130pin ucunu ka\u00e7\u0131rd\u0131m&#8221; diyor musunuz?<br \/>\nHerkes ipin ucunu ka\u00e7\u0131r\u0131r. Bir tane hakiki ben var\u0131m, bir tane de insanlar\u0131n kafas\u0131nda yaratt\u0131\u011f\u0131 ben. \u0130nternette biriyle yaz\u0131\u015f\u0131yorum mesela, &#8220;Siz Faz\u0131l Say m\u0131s\u0131n\u0131z?&#8221; diyor. &#8220;Evet&#8221; diyorum. &#8220;Olamazs\u0131n\u0131z&#8221; diyor. Neden? &#8220;O b\u00f6yle evet diye cevap vermez&#8221;. Niye? &#8220;Evet ekselanslar\u0131&#8221; filan m\u0131 diyece\u011fim? \u0130kinci Cumhuriyet\u00e7iler de &#8220;Bizim sizinle g\u00f6r\u00fc\u015flerimiz y\u00fczde 100 ayr\u0131 kutuplarda&#8221; diye lafa ba\u015fl\u0131yor. Bin tane konu var, belki de 997&#8217;sinde hemfikiriz.<\/p>\n<p style=\"text-align: justify;\">\u00c7ok tek ba\u015f\u0131na bir ya\u015fam\u0131n\u0131z var. Belki daha yerle\u015fik ya\u015fasan\u0131z, etraf\u0131n\u0131zdakilerle daha fazla ileti\u015fiminiz olacak, birileri de size &#8220;Sakin ol Faz\u0131l&#8221; diyecek. Ama \u015fimdi siz \u00f6fkenizi herkesin i\u00e7inde ortaya koyuyorsunuz.<br \/>\nDo\u011fru. Ama buna 10 y\u0131l sonra bakmak laz\u0131m. 50 ya\u015f\u0131na gelince, herhalde &#8220;\u0130yi ki b\u00f6yle yapm\u0131\u015f\u0131m&#8221; diyece\u011fim. \u00c7\u00fcnk\u00fc en az\u0131ndan a\u00e7\u0131k olmu\u015fum. Benim \u00e7ekti\u011fim yaln\u0131zl\u0131k ve ac\u0131 orant\u0131s\u0131, Beethoven&#8217;inkinin binde biri. \u00c7\u00fcnk\u00fc o yazd\u0131\u011f\u0131 eseri duyam\u0131yor. Ben kendi eksi\u011fimle m\u00fccadele etmiyorum, i\u00e7inde bulundu\u011fumuz toplumun \u00e7ok hastal\u0131kl\u0131 bir d\u00f6neminde bir m\u00fccadele veriyorum.\n<\/p>\n<p style=\"text-align: justify;\">&#8220;Konserime gelen, alb\u00fcmlerimi alan bir-iki milyon ki\u015fi \u00e7\u0131kar ama ger\u00e7ek hayatta iki ki\u015fi var: Ben ve k\u0131z\u0131m&#8221;<\/p>\n<p style=\"text-align: justify;\">Tek \u00e7ocuk, harika \u00e7ocuk olmak zaten dar alanda ya\u015famay\u0131 dayat\u0131yor. Bir de bu tart\u0131\u015fmalar olunca daha da yaln\u0131zla\u015fm\u0131yor musunuz?<br \/>\n15 y\u0131ld\u0131r hayat\u0131m \u015f\u00f6yle&#8230; Sabah 5&#8217;te u\u00e7a\u011fa bin, bir \u015fehre gel, oteline git, bir restoranda tek ba\u015f\u0131na yemek ye, ak\u015fa-m\u00fcst\u00fc prova yap. Orada iki adam olur, biri akort\u00e7u, biri \u0131\u015f\u0131k\u00e7\u0131. Adlar\u0131n\u0131 bilmezsin, d\u00f6rt kelime ya konu\u015fursun ya konu\u015fmazs\u0131n. Saat 8&#8217;de konsere \u00e7\u0131k\u0131yorsun. Kendinle kendin aras\u0131nda bir konser o. Sonunda alk\u0131\u015flan\u0131yorsun. Ve gece 11&#8217;de ak\u015fam yeme\u011fine yine yaln\u0131z oturuyorsun. Al\u0131\u015fveri\u015f halinde oldu\u011fun, konsere gelen, CD&#8217;leri dinleyen 1-2 milyon ki\u015fi var. Ama ger\u00e7ek hayatta geriye iki ki\u015fi kal\u0131yor: Ben ve k\u0131z\u0131m.\n<\/p>\n<p style=\"text-align: justify;\">&#8220;Erdo\u011fan&#8217;\u0131 anlayan beni de anlar&#8221;<\/p>\n<p style=\"text-align: justify;\">Bu ya\u015fam bi\u00e7imi insan\u0131 neye d\u00f6n\u00fc\u015ft\u00fcr\u00fcyor?<br \/>\nHerkesin bu anlatt\u0131klar\u0131m\u0131 anlamas\u0131n\u0131 beklemiyorum. Ben Tayyip Erdo\u011fan&#8217;\u0131 anlamaya \u00e7al\u0131\u015f\u0131yorum. O da her g\u00fcn 400 bin ki\u015fiye konu\u015fma yap\u0131yor. Ba\u011f\u0131r\u0131yor, \u00e7a\u011f\u0131r\u0131yor, i\u00e7ini d\u00f6k\u00fcyor. Hakl\u0131 veya haks\u0131z. Kas\u0131mpa\u015fal\u0131 veya de\u011fil. Bazen entelekt\u00fcel bir bilim adam\u0131 gibi laflar da ediyor. Sonra eve geliyor, bir tek Emine var. Unak\u0131tan onun i\u00e7in benim yan\u0131mda \u00e7alan ba\u015fkemanc\u0131 gibi. Onu anlayan beni anlar.<\/p>\n<p style=\"text-align: justify;\">Bu anlatt\u0131\u011f\u0131n\u0131z hayat denizcilere benziyor. Onlar gibi her limanda bir sevgiliniz var m\u0131?<br \/>\nCevap yok.<\/p>\n<p style=\"text-align: justify;\">Mesela Z\u00fcrih&#8217;te Lisolette, New York&#8217;ta Carrie&#8230;<br \/>\nLisolette olmas\u0131n ya! O nas\u0131l isim!<\/p>\n<p style=\"text-align: justify;\">\u0130stanbul&#8217;da var m\u0131 peki?<br \/>\nKonuyu kapatt\u0131k. A\u011fz\u0131m\u0131z\u0131n yand\u0131\u011f\u0131 konular bunlar. Ben magazine d\u00fc\u015fm\u00fc\u015f bir sanat\u00e7\u0131y\u0131m. D\u00fc\u015ft\u00fcm ve kalkt\u0131m. Ama iyi ki o ili\u015fkiler de ya\u015fand\u0131. Renk bunlar, an\u0131lar var.<\/p>\n<p style=\"text-align: justify;\">&#8220;Bu tart\u0131\u015fmalardan sonra biri laf eder diye ma\u00e7lara gidemiyorum&#8221;<br \/>\nFanatik bir Fenerbah\u00e7eliye sormadan olmaz: Ne olacak bu Fenerbah\u00e7e&#8217;nin hali?<br \/>\n\u00c7ok k\u00f6t\u00fc. \u0130yi giden bir \u015feyi bozmayacaks\u0131n. Nas\u0131l ben &#8220;Naz\u0131m Oratoryosu&#8221;nda Zuhal&#8217;in veya Genco&#8217;nun (Erkal) yerine ba\u015fka birini almaya \u00e7al\u0131\u015fm\u0131yorsam&#8230; \u0130yi giden bir \u015feyler vard\u0131; Zico, Aurelio, Anelka&#8230; Yenileri al\u0131\u015fana kadar zaten kaybetmi\u015f oluyorsun. Hele Aragones hi\u00e7 olmad\u0131. Bence zaten \u0130spanya Milli Tak\u0131m\u0131 da iyi oynam\u0131yordu, iyi oynad\u0131\u011f\u0131 i\u00e7in kazanm\u0131\u015f bir tak\u0131m de\u011fil. Taktik ba\u015far\u0131s\u0131 var m\u0131 Aragones&#8217;in, hi\u00e7birimiz anlamad\u0131k. Ama Avrupa \u015fampiyonu olmu\u015f tak\u0131m\u0131n teknik direkt\u00f6r\u00fcn\u00fc Fenerbah\u00e7e&#8217;ye almak management ba\u015far\u0131s\u0131. Ama olmad\u0131. Guiza da olmad\u0131. Ligde yeniliyor Fener ama \u00f6b\u00fcrleri de yeniliyor. Bence \u015fampiyonun kim olaca\u011f\u0131 h\u00e2l\u00e2 belli de\u011fil.<\/p>\n<p style=\"text-align: justify;\">Aziz Y\u0131ld\u0131r\u0131m gitsin mi?<br \/>\nHay\u0131r, tam tersi. Kals\u0131n hatta 10 y\u0131l. Fenerbah\u00e7e i\u00e7in yap\u0131lm\u0131\u015f en iyi i\u015fleri yapt\u0131. 100 y\u0131l i\u00e7inde bakt\u0131\u011f\u0131m\u0131zda \u015e\u00fckr\u00fc Saraco\u011flu, Ali \u015een ve Aziz Y\u0131ld\u0131r\u0131m en \u00f6nemli adamlar.<\/p>\n<p style=\"text-align: justify;\">Stada gidiyor musunuz?<br \/>\n\u00c7ok giderim. Benim de Kumru&#8217;nun da formalar\u0131m\u0131z var. \u00c7ok de\u011fi\u015fik yerlerden seyrediyorum ma\u00e7\u0131. Aziz Y\u0131ld\u0131r\u0131m&#8217;\u0131n yan\u0131nda seyretti\u011fim de oldu, kale arkas\u0131ndan da&#8230;<\/p>\n<p style=\"text-align: justify;\">Sakin mi seyrediyorsunuz?<br \/>\nK\u00fcf\u00fcrl\u00fc ve ba\u011f\u0131ra \u00e7a\u011f\u0131ra. Tezah\u00fcratlara da kat\u0131l\u0131r\u0131m. Ama tezah\u00fcrat konusunda kimse \u00c7ar\u015f\u0131&#8217;y\u0131 ge\u00e7emez, biz onlara rakip bile olamad\u0131k. Ama bu son olaylardan sonra bir y\u0131ld\u0131r falan gidemiyorum. Biri bir \u015fey der diye. Asl\u0131nda eminim adamla kar\u015f\u0131 kar\u015f\u0131ya gelsek tart\u0131\u015fmalar bu kadar sert olmayacak. \u00c7\u00fcnk\u00fc internette istedi\u011fin laf\u0131 edebiliyorsun.<\/p>\n<p style=\"text-align: justify;\">&#8220;Baba, Ya\u011fmurdereli&#8217;nin g\u00f6be\u011fi ka\u015f\u0131n\u0131yorsa benim de s\u0131rt\u0131m ka\u015f\u0131n\u0131yor&#8221;<br \/>\nK\u0131z\u0131n\u0131z Kumru da Sabri Tulu\u011f T\u0131rpan&#8217;dan piyano dersi al\u0131yor. Meslekta\u015f\u0131n\u0131z olmas\u0131n\u0131 ister misiniz?<br \/>\nBence m\u00fczik yetene\u011fi kendini v\u00fccuttan d\u0131\u015far\u0131 f\u0131\u015fk\u0131rtan bir yetenektir. Benim \u00fc\u00e7 ya\u015f\u0131nda iki oktavl\u0131k orgla, radyodan dinlediklerimi \u00e7alabilmem o \u00e7\u0131k\u0131\u015ft\u0131 i\u015fte. Kumru&#8217;da bu yok. Her insan m\u00fczik bilmemnesi olmuyor ama her insan\u0131n m\u00fczikle u\u011fra\u015fmas\u0131 bu d\u00fcnya i\u00e7in iyi bir \u015fey.<\/p>\n<p style=\"text-align: justify;\">Diyelim ki Kumru piyanist olmak istedi ve \u00e7ok da parlak de\u011fil. Ne yapars\u0131n\u0131z o zaman?<br \/>\n\u0130\u015fte bundan korkuyorum. Tut ki benden daha iyi bir m\u00fczisyen oldu, yine de zor i\u015fi. Babas\u0131 sayesinde konser veriyor diyebilirler bu sefer. Allah&#8217;tan Kumru piyanist olaca\u011f\u0131m havas\u0131nda de\u011fil \u015fu anda.<\/p>\n<p style=\"text-align: justify;\">Peki sizin ya\u015fad\u0131\u011f\u0131n\u0131z hayat\u0131 tekrar etmesini ister misiniz?<br \/>\nBen mesle\u011fimi \u00e7ok seviyorum. Bir daha d\u00fcnyaya gelsem yine bunu yapard\u0131m. Benim g\u00f6rd\u00fc\u011f\u00fcm Kumru; elinde kamera, aslanlar\u0131n kaplanlar\u0131n aras\u0131nda bir National Geographic belgeselcisi falan olacak gibi.<\/p>\n<p style=\"text-align: justify;\">Neler yap\u0131yorsunuz birlikte?<br \/>\nEskiden \u00e7ok oyun oynard\u0131k, PlayStation filan. Art\u0131k eskisi kadar oyun oynam\u0131yor.<\/p>\n<p style=\"text-align: justify;\">Ho\u015fland\u0131\u011f\u0131 o\u011flanlar\u0131 anlat\u0131yor mu size?<br \/>\nAnlatm\u0131yor pek. Bir ara \u00e2\u015f\u0131k oldu\u011funu d\u00fc\u015f\u00fcnd\u00fck, \u00e7ok da ho\u015fumuza gitti. Hatta annesine mesaj att\u0131m, &#8220;Bence o\u011flan bu&#8221; diye. Ama Kumru \u00e7ok i\u00e7ine kapan\u0131k o konuda.<\/p>\n<p style=\"text-align: justify;\">Babas\u0131n\u0131n tart\u0131\u015fmalar\u0131n\u0131n fark\u0131nda m\u0131?<br \/>\nOsman Ya\u011fmurdereli ile tart\u0131\u015ft\u0131\u011f\u0131m\u0131z\u0131n ertesi g\u00fcn\u00fc; kahvalt\u0131 ediyoruz birlikte. Sabah haberlerinde olay\u0131 anlatmaya ba\u015flad\u0131lar. &#8220;Faz\u0131l Say, Osman Ya\u011fmurdereli i\u00e7in &#8216;G\u00f6be\u011fini ka\u015f\u0131yan adam&#8217; dedi&#8221; filan&#8230; Bana bakt\u0131 Kumru, &#8220;Baba sen b\u00f6yle bir laf m\u0131 ettin?&#8221; dedi. &#8220;Evet ettim Kumru.&#8221; Eyvah, \u015fimdi ne diyece\u011fim acaba diye kurarken, &#8220;E benim de s\u0131rt\u0131m ka\u015f\u0131n\u0131yor o zaman&#8221; dedi. Ben bir anda galaksi de\u011fi\u015ftirdim.\n<\/p>\n<p style=\"text-align: justify;\">&#8220;K\u0131z\u0131m da yurtd\u0131\u015f\u0131nda okuyacak, bu bir aile gelene\u011fi&#8221;<\/p>\n<p style=\"text-align: justify;\">Yurtd\u0131\u015f\u0131nda okutmay\u0131 d\u00fc\u015f\u00fcn\u00fcyor musunuz?<br \/>\n\u0130lla ki. \u00c7\u00fcnk\u00fc bizim aile gelene\u011fimiz. Dedem de, babam da, ben de Almanya&#8217;da okuduk. Lisede de yurtd\u0131\u015f\u0131na gitmesini istiyorum.<\/p>\n<p style=\"text-align: justify;\">Onu yurtd\u0131\u015f\u0131na g\u00f6ndermek istemenizin &#8220;Giderim&#8221; s\u00f6z\u00fcn\u00fczle ba\u011flant\u0131s\u0131 var m\u0131?<br \/>\nYok, zaten annesi de ben de hep b\u00f6yle d\u00fc\u015f\u00fcnd\u00fck. Bence bir insan\u0131n mutlaka bir s\u00fcre yurtd\u0131\u015f\u0131nda ya\u015famas\u0131 laz\u0131m. Ba\u015fka bir \u00fclkede varolu\u015f m\u00fccadelesi vermeli.<\/p>\n<p style=\"text-align: justify;\">Peki o giderse buras\u0131yla ba\u011f\u0131n\u0131z zay\u0131flar m\u0131?<br \/>\nZorunluluklar\u0131m azal\u0131r. Ama dedi\u011fim gibi Hollanda ya da \u0130svi\u00e7re&#8217;de ya\u015famak daha cazip de\u011fil benim i\u00e7in. Kumru giderse de burada kalabilirim ama belki de Tibet&#8217;e giderim. Bilemiyorum.<\/p>\n<p style=\"text-align: justify;\">En b\u00fcy\u00fck korkunuz nedir?<br \/>\nErken \u00f6l\u00fcm olabilir. Beethoven gibi a\u011f\u0131r \u015fartlarda ya\u015famak olabilir. T\u00fcrkiye ile ilgili korkular da var. \u015eeriat gelebilir.<\/p>\n<p style=\"text-align: justify;\">\u0130nan\u0131yor musunuz \u015feriat\u0131n gelebilece\u011fine?<br \/>\n\u015eu an gelebilece\u011fini d\u00fc\u015f\u00fcnm\u00fcyorum ama gelebilitesi var. \u00c7\u00fcnk\u00fc Tayyip Erdo\u011fan hi\u00e7bir zaman bizi rahatlatacak bir konu\u015fma yapmad\u0131. Buradan bir korkum var. O hayat \u015fartlar\u0131nda yapamam.<\/p>\n<p style=\"text-align: justify;\">&#8220;Bir 18 ya\u015f\u0131nda b\u00fcy\u00fck bir kriz ge\u00e7irdim, bir de 36 ya\u015f\u0131nda&#8221;<br \/>\n40 ya\u015f sendromu var m\u0131?<br \/>\n39!\n<\/p>\n<p style=\"text-align: justify;\">Peki 40&#8217;a bir kala sendromu var m\u0131?Bir de\u011fi\u015fiklik yok. Ben bir 18 ya\u015f\u0131nda b\u00fcy\u00fck bir kriz ge\u00e7irmi\u015ftim, bir de 36 ya\u015f\u0131nda. \u0130nsan\u0131n d\u00f6nemleri bence 18&#8217;er y\u0131ll\u0131k. \u0130lk 18 b\u00fcy\u00fcme, 18-36 aras\u0131 ki\u015fili\u011fi bulma, 36-54 aras\u0131 \u00fcretim, 54-72 aras\u0131 olgunluk ve felsefe. Ben 1&#8217;den 2&#8217;ye, 2&#8217;den 3&#8217;e ge\u00e7erken b\u00fcy\u00fck krizler ya\u015fad\u0131m. Ki\u015filik bulma en zoruydu. Sadece ki\u015fili\u011fini de\u011fil, evrendeki yerini de bulmak zorundas\u0131n. Ad\u0131m ad\u0131m bir yere geleceksin, bunu da kendin yaratacaks\u0131n.<\/p>\n<p style=\"text-align: justify;\">Bu insan\u0131 h\u0131r\u00e7\u0131nla\u015ft\u0131r\u0131r m\u0131?<br \/>\nH\u0131r\u00e7\u0131nla\u015ft\u0131r\u0131r tabii. Her \u015fey insan\u0131 h\u0131r\u00e7\u0131nla\u015ft\u0131r\u0131r. Gol ka\u00e7\u0131ran futbolcu da h\u0131r\u00e7\u0131nla\u015f\u0131yor.<\/p>\n<p style=\"text-align: justify;\">25 ya\u015f\u0131n\u0131za g\u00f6re daha m\u0131 h\u0131r\u00e7\u0131ns\u0131n\u0131z?<br \/>\nO zamanki h\u0131r\u00e7\u0131nl\u0131k sebeplerim daha ruhsald\u0131, herhalde daha h\u0131r\u00e7\u0131nd\u0131m. Bir kere daha radikaldim. O 25 ya\u015f\u0131mdaki radikal \u00e7al\u0131\u015f\u0131mla \u015fimdiki, biraz daha herkesin be\u011fenece\u011fi \u015fekilde \u00e7al\u0131\u015f\u0131m farkl\u0131. O zamanki \u00e7al\u0131\u015f\u0131m o kadar u\u00e7tu ki, sevmeyenim de \u00e7oktu.<\/p>\n<p style=\"text-align: justify;\">Zaman ge\u00e7tik\u00e7e daha \u00e7ok insan\u0131n sizi be\u011fenmesini mi istiyorsunuz?<br \/>\nO dedi\u011finiz ikinci d\u00f6nemin olay\u0131, 30&#8217;lar\u0131n ba\u015flar\u0131. \u015eimdi benim kafamda g\u00fczel eserler \u00fcreteyim, g\u00fczel \u00e7almayacaksam \u00e7almayay\u0131m d\u00fc\u015f\u00fcncesi var. \u015eu anda bir senfoni besteliyorum, 400 y\u0131l sonra \u00e7al\u0131n\u0131nca da iyi anla\u015f\u0131ls\u0131n hesab\u0131m var. Eskiden o menajer be\u011fendi mi, ele\u015ftiri \u00e7\u0131kt\u0131 m\u0131 faland\u0131. \u015eimdi bakm\u0131yorum.<\/p>\n<p style=\"text-align: justify;\">&#8220;Bu olay Almanya&#8217;da olsa Bakan&#8217;\u0131 istifa ettirirdik&#8221;<br \/>\nBir s\u00fcredir siyasilerle hararetli tart\u0131\u015fmalar i\u00e7indesiniz.<br \/>\nUmursamaz bir d\u00fcnyada ya\u015famamak i\u00e7in. Ama galiba \u015fu a\u015famada kesmek laz\u0131m. Ben de art\u0131k b\u00f6yle an\u0131lmak istemiyorum. \u00dczerimize kirler de s\u0131\u00e7ramaya ba\u015flad\u0131, &#8220;Naz\u0131m&#8217;\u0131n s\u0131rt\u0131ndan para kazan\u0131yor&#8221; diye. Bakan etti\u011fi laf\u0131n \u00e7ok haks\u0131z bir laf oldu\u011funu kendi de biliyor. Bile bile s\u00f6yl\u00fcyor. Politika bu. Ama biz siyaset yapm\u0131yoruz. Orkestra ve koroyu bize veren mecra, kasap d\u00fckkan\u0131 olsayd\u0131 \u015fu anda bu tart\u0131\u015fmay\u0131 kasapla yap\u0131yor olurduk. Bakan oldu\u011fu i\u00e7in tart\u0131\u015fmay\u0131 siyasetle yapmak zorunday\u0131z.<\/p>\n<p style=\"text-align: justify;\">Ne olacak \u015fimdi?<br \/>\nBu olay Almanya&#8217;da ge\u00e7seydi biz Bakan&#8217;\u0131 istifa bile ettirirdik. Ama T\u00fcrkiye&#8217;de hi\u00e7bir \u015fey yapamazs\u0131n. Dava a\u00e7ars\u0131n, iki ay sonra kar\u015f\u0131 davalar \u00e7\u0131kar. Hi\u00e7bir \u015fekilde yenemeyiz biz onu. Olaydan alt\u0131 ay sonra \u00e7\u0131kt\u0131, &#8220;Bunlar Naz\u0131m&#8217;\u0131n s\u0131rt\u0131ndan para kazan\u0131yorlar&#8221; dedi. \u015eimdi biz ka\u015fe davas\u0131n\u0131 a\u00e7amayacak duruma geldik. \u00c7\u00fcnk\u00fc ka\u015fe istersek adam\u0131n s\u00f6z\u00fcn\u00fc aklam\u0131\u015f oluyoruz neredeyse.<\/p>\n<p style=\"text-align: justify;\">O zaman hakk\u0131n\u0131zdan feragat m\u0131 ediyorsunuz?<br \/>\nEvet. Ba\u011fr\u0131m\u0131za ta\u015f basaca\u011f\u0131z, unutaca\u011f\u0131z. Benim i\u00e7in Ertu\u011frul G\u00fcnay berbat bir bakan olarak kalacak. Mesela Mart 2010&#8217;da Paris&#8217;te Faz\u0131l Say Festivali var. \u0130KSV Genel M\u00fcd\u00fcr\u00fc G\u00f6rg\u00fcn Taner bana s\u00fcrekli telefon ediyor, o festivali Fransa&#8217;da T\u00fcrkiye Y\u0131l\u0131 i\u00e7ine almak istiyor. Reddettim. \u00c7\u00fcnk\u00fc oraya ben geldim 15 y\u0131lda. Oraya Bakan gelmedi, G\u00f6rg\u00fcn Taner gelmedi. O festivali kendi \u00e7er\u00e7evelerine almay\u0131 hak etmediler.<\/p>\n<p style=\"text-align: justify;\">Sizin bu \u00e7\u0131k\u0131\u015f\u0131n\u0131z bir bu\u00e7uk sene \u00f6nceki &#8220;Onlar kazand\u0131, biz kaybettik. Bu gidi\u015fle T\u00fcrkiye&#8217;yi terk ederim&#8221; beyanat\u0131n\u0131za da ba\u011fland\u0131.<br \/>\nBen AKP&#8217;lilerin g\u00f6z\u00fcnde bir \u015famar o\u011flan\u0131y\u0131m. \u00c7ok fazla d\u00fc\u015fman var \u015fu anda ve bu benim a\u00e7\u0131mdan \u00e7ok yorucu.<\/p>\n<p style=\"text-align: justify;\">Halbuki o beyanat\u0131n ard\u0131ndan Bakan G\u00fcnay ile bir kahvalt\u0131da bulu\u015fmu\u015ftunuz, ili\u015fkiler yumu\u015fam\u0131\u015f g\u00f6r\u00fcn\u00fcyordu.<br \/>\nO bulu\u015fmada &#8220;Naz\u0131m Oratoryosu&#8221;nun T\u00fcrkiye turnesini konu\u015ftuk. Bir de &#8220;Yahya Kemal ile ilgili benzer bir \u00e7al\u0131\u015fma yapabilirsin&#8221; dedi.<\/p>\n<p style=\"text-align: justify;\">Sonra?<br \/>\nArayan soran olmad\u0131. Bu adam oratoryo, senfoni nas\u0131l besteleniyor onu da bilmiyor.\n<\/p>\n<p style=\"text-align: justify;\">8-10 ay s\u00fcren yo\u011fun bir \u00e7al\u0131\u015fma bu. Bir partisyon sayfas\u0131 yazmak \u00fc\u00e7 saat s\u00fcr\u00fcyor. 80 enstr\u00fcman\u0131n her birine nota yaz\u0131yorsun ve bu 10 saniyelik m\u00fczik sadece. D\u00fc\u015f\u00fcn art\u0131k 75 dakikal\u0131k bir eseri&#8230; Ben 10 ay Yahya Kemal ya da Aziz Nesin \u00e7al\u0131\u015fmas\u0131 yapacaksam onun projelendirilmesi gerek. Turneler, konserlerle beraber g\u00f6rm\u00fcyorsam \u00f6yle bir projeye ba\u015flamak istemiyorum. Bir sanat\u00e7\u0131 eserini \u00e7al\u0131ns\u0131n diye besteler, gerisi yalan.<\/p>\n<p style=\"text-align: justify;\"><span style=\"color: #888888;\">Kaynak : Mira\u00e7 Zeynep \u00d6zkartal \/ Milliyet<\/span><\/p>\n","protected":false},"excerpt":{"rendered":"<p style=\"text-align: center;\">\n<p style=\"text-align: center;\">\n<p style=\"text-align: justify;\">Ge\u00e7ti\u011fimiz g\u00fcnlerde K\u00fclt\u00fcr Bakan\u0131 Ertu\u011frul G\u00fcnay ile &#8220;Naz\u0131m Oratoryosu&#8221; \u00fczerine bir tart\u0131\u015fmayla g\u00fcndeme gelen d\u00fcnyaca \u00fcnl\u00fc piyanist Faz\u0131l Say&#8217;la Milliyet gazetesinden Mira\u00e7 Zeynep \u00d6zkartal konu\u015ftu.<\/p>\n<p style=\"text-align: justify;\">Bir bakan taraf\u0131ndan su\u00e7lanmak, onunla uluorta tart\u0131\u015fmak nas\u0131l etkiliyor sizi?<\/p>\n<p style=\"text-align: justify;\">Haks\u0131zl\u0131\u011fa u\u011fram\u0131\u015f hissediyorum kendimi. NTV&#8217;de Bakan o laf\u0131 <\/p>\n","protected":false},"author":1,"featured_media":0,"comment_status":"open","ping_status":"closed","sticky":false,"template":"","format":"standard","meta":{"footnotes":""},"categories":[7],"tags":[],"class_list":["post-6938","post","type-post","status-publish","format-standard","hentry","category-ekonomi","odd"],"_links":{"self":[{"href":"http:\/\/www.korhanyilmaz.com\/index.php?rest_route=\/wp\/v2\/posts\/6938","targetHints":{"allow":["GET"]}}],"collection":[{"href":"http:\/\/www.korhanyilmaz.com\/index.php?rest_route=\/wp\/v2\/posts"}],"about":[{"href":"http:\/\/www.korhanyilmaz.com\/index.php?rest_route=\/wp\/v2\/types\/post"}],"author":[{"embeddable":true,"href":"http:\/\/www.korhanyilmaz.com\/index.php?rest_route=\/wp\/v2\/users\/1"}],"replies":[{"embeddable":true,"href":"http:\/\/www.korhanyilmaz.com\/index.php?rest_route=%2Fwp%2Fv2%2Fcomments&post=6938"}],"version-history":[{"count":0,"href":"http:\/\/www.korhanyilmaz.com\/index.php?rest_route=\/wp\/v2\/posts\/6938\/revisions"}],"wp:attachment":[{"href":"http:\/\/www.korhanyilmaz.com\/index.php?rest_route=%2Fwp%2Fv2%2Fmedia&parent=6938"}],"wp:term":[{"taxonomy":"category","embeddable":true,"href":"http:\/\/www.korhanyilmaz.com\/index.php?rest_route=%2Fwp%2Fv2%2Fcategories&post=6938"},{"taxonomy":"post_tag","embeddable":true,"href":"http:\/\/www.korhanyilmaz.com\/index.php?rest_route=%2Fwp%2Fv2%2Ftags&post=6938"}],"curies":[{"name":"wp","href":"https:\/\/api.w.org\/{rel}","templated":true}]}}