{"id":6935,"date":"2009-03-29T09:13:49","date_gmt":"2009-03-29T06:13:49","guid":{"rendered":"http:\/\/www.korhanyilmaz.com\/?p=6935"},"modified":"2009-03-29T09:13:49","modified_gmt":"2009-03-29T06:13:49","slug":"yargitaydan-pinar-seleki-cok-uzecek-karar","status":"publish","type":"post","link":"http:\/\/www.korhanyilmaz.com\/?p=6935","title":{"rendered":"Yarg\u0131tay&#039;dan P\u0131nar Selek&#039;i \u00e7ok \u00fczecek karar"},"content":{"rendered":"<p><img loading=\"lazy\" decoding=\"async\" class=\"aligncenter size-full wp-image-6934\" title=\"Yarg\u0131tay'dan P\u0131nar Selek'i \u00e7ok \u00fczecek karar\" src=\"http:\/\/www.korhanyilmaz.com\/wp-content\/uploads\/2009\/03\/fft27_mf145314.jpeg\" alt=\"Yarg\u0131tay'dan P\u0131nar Selek'i \u00e7ok \u00fczecek karar\" width=\"322\" height=\"97\" \/><\/p>\n<p style=\"text-align: justify;\"><strong>M\u0131s\u0131r \u00c7ar\u015f\u0131s\u0131&#8217;ndaki patlaman\u0131n nedeni belirlenemeyince beraat eden P\u0131nar Selek i\u00e7in Yarg\u0131tay 36 y\u0131l hapis cezas\u0131 istiyor.<\/strong><\/p>\n<p style=\"text-align: justify;\">Yarg\u0131tay 9. Ceza Dairesi, kamuoyunda &#8216;M\u0131s\u0131r \u00c7ar\u015f\u0131s\u0131 davas\u0131&#8217; olarak bilinen davayla ilgili temyiz incelemesini tamamlarken, \u0130stanbul 12. A\u011f\u0131r Ceza Mahkemesi&#8217;nin Sosyolog P\u0131nar Selek i\u00e7in verdi\u011fi beraat karar\u0131n\u0131n bozulmas\u0131na karar verdi. Daire, Selek&#8217;e eski TCK&#8217;n\u0131n 125. maddesi kapsam\u0131nda 36 y\u0131l ceza verilmesi gerekti\u011fine h\u00fckmetti.<\/p>\n<p style=\"text-align: justify;\">\nM\u0131s\u0131r \u00c7ar\u015f\u0131s\u0131 giri\u015findeki &#8216;\u00dcnl\u00fco\u011flu B\u00fcfe&#8217;de 9 Temmuz 1998 tarihinde ya\u015fan\u0131lan patlama sonucu yedi ki\u015fi \u00f6ld\u00fc 127 ki\u015fi ise yaralanm\u0131\u015ft\u0131. Patlama sonras\u0131 operasyonlarda, sosyolog P\u0131nar Selek&#8217;in de aralar\u0131nda bulundu\u011fu 15 ki\u015fi tutuklanm\u0131\u015ft\u0131. Selek yakla\u015f\u0131k 2,5 y\u0131l cezaevinde kald\u0131ktan sonra tutuksuz yarg\u0131lanmak \u00fczere serbest b\u0131rak\u0131lm\u0131\u015ft\u0131. \u0130stanbul 12. A\u011f\u0131r Ceza Mahkemesi&#8217;nde g\u00f6r\u00fclen davada, mahkeme 2006 y\u0131l\u0131nda &#8216;patlama nedeninin bomba m\u0131 LPG mi oldu\u011fu anla\u015f\u0131lamad\u0131\u011f\u0131ndan ceza verilmesine gerek olmad\u0131\u011f\u0131&#8217; karar\u0131 vermi\u015fti. <!--more--><\/p>\n<p style=\"text-align: justify;\">\nYerel mahkemenin karar\u0131na yap\u0131lan itiraz sonucu dosya Yarg\u0131tay 9. Ceza Dairesi&#8217;nin g\u00fcndemine geldi. Daire yerel mahkemenin karar\u0131n esas\u0131na girmeden &#8216;us\u00fcl y\u00f6n\u00fcnden&#8217; yapt\u0131\u011f\u0131 inceleme sonucunda bozmu\u015ftu. Daire 2007 y\u0131l\u0131nda verdi\u011fi kararda &#8216;h\u00fck\u00fcm kurulmas\u0131&#8217; gerekti\u011fine i\u015faret ederek bozmu\u015ftu. Daire, karar\u0131nda san\u0131k Kadriye Fikret Sevgi&#8217;ye &#8216;ek savunma hakk\u0131 verilmedi\u011fi&#8217;ne, Heval \u00d6zt\u00fcrk&#8217;e y\u00f6nelik de &#8216;eksik soru\u015fturma&#8217; bulundu\u011funa dikkat \u00e7ekmi\u015fti. Daire, san\u0131k Abd\u00fclmecit \u00d6zt\u00fcrk&#8217;e, verilen m\u00fcebbet hapis cezas\u0131n\u0131 da davan\u0131n iddianamesinde bu su\u00e7a ili\u015fkin h\u00fck\u00fcm bulunmad\u0131\u011f\u0131 gerek\u00e7esiyle bozmu\u015ftu.<br \/>\n9. Daire&#8217;nin karar\u0131 sonras\u0131nda davay\u0131 yeniden g\u00f6r\u00fc\u015fen \u0130stanbul 12. A\u011f\u0131r Ceza Mahkemesi, 2008 y\u0131l\u0131nda verdi\u011fi kararda, &#8216;patlamaya bomban\u0131n m\u0131, gaz ka\u00e7a\u011f\u0131n\u0131n m\u0131 neden oldu\u011funun tespit edilememesi, kesin delil bulunmamas\u0131 gerek\u00e7esiyle&#8217; beraat karar\u0131 verdi. Mahkeme, Selek hakk\u0131nda, \u00f6rg\u00fcte yard\u0131m yatakl\u0131k su\u00e7unun ise zamana\u015f\u0131m\u0131 nedeniyle ortadan kald\u0131r\u0131lmas\u0131na karar vermi\u015fti.<br \/>\nYerel mahkemenin karar\u0131 \u00fczerine Yarg\u0131tay 9. Ceza Dairesi, dosya \u00fczerindeki temyiz incelemesini 10 Mart 2009 tarihinde tamamlad\u0131. Daire, yerel mahkemenin Selek, Kadriye Fikret Sevgi, Abd\u00fclmecit \u00d6zt\u00fcrk, Ma\u015fallah Ya\u011fan ve Heval \u00d6zt\u00fcrk y\u00f6n\u00fcnden &#8216;bozma karar\u0131&#8217; verirken, Alaattin \u00d6get ve \u0130sa Kaya y\u00f6n\u00fcnden ise &#8216;onanma&#8217; karar verdi.<br \/>\nKararda, P\u0131nar Selek&#8217;in &#8216;sosyolojik ara\u015ft\u0131rma yapma&#8217; ad\u0131 alt\u0131nda silahl\u0131 ter\u00f6r \u00f6rg\u00fct\u00fc \u00fcyeleriyle irtibata ge\u00e7ip Fransa ve Romanya&#8217;ya giderek burada siyasi e\u011fitim ald\u0131\u011f\u0131 ve kod ad\u0131 ald\u0131\u011f\u0131 savunularak, &#8220;\u0130stanbul&#8217;da Azat kod adl\u0131 \u00f6rg\u00fct mensubu ile irtibat kurup Yurtseverler Birli\u011fi ad\u0131 ile askeri kanat olu\u015fturarak bomba imal etti\u011fi, di\u011fer san\u0131k Abd\u00fclmecit \u00d6zt\u00fcrk ile beraber 1998 tarihinde M\u0131s\u0131r \u00c7ar\u015f\u0131s\u0131, \u00dcnl\u00fco\u011flu B\u00fcfesi&#8217;ne koyduklar\u0131 bomban\u0131n patlamas\u0131 sonucu yedi ke\u015finin \u00f6ld\u00fc\u011f\u00fc, 127 ki\u015finin yaraland\u0131\u011f\u0131 san\u0131k Abd\u00fclmecit \u00d6zt\u00fcrk&#8217;\u00fcn duru\u015fmaya kadar s\u00fcren ikrar\u0131, di\u011fer san\u0131klar\u0131n kolluk beyan\u0131, ma\u011fdur ve tan\u0131k beyanlar\u0131 ile 2002 tarihli olu\u015fa uygun d\u00fc\u015fen bilirki\u015fi kurulu raporu ve t\u00fcm dosya kapsam\u0131nda anla\u015f\u0131lm\u0131\u015ft\u0131r&#8221; denildi.<br \/>\nKararda, Selek&#8217;in mensubu bulundu\u011fu PKK&#8217;n\u0131n amac\u0131 do\u011frultusunda eylemi ger\u00e7ekle\u015ftirdi\u011fi savunuldu ve eski TCK&#8217;n\u0131n 125. maddesi kapsam\u0131nda 36 y\u0131l hapis cezas\u0131 verilmesi istendi.\n<\/p>\n<p style=\"text-align: justify;\"><span style=\"color: #888888;\">Kaynak : Mesut Hasan Benli \/ Radikal<\/span><\/p>\n<p style=\"text-align: justify;\">\n<p style=\"text-align: justify;\">\n","protected":false},"excerpt":{"rendered":"<\/p>\n<p style=\"text-align: justify;\">M\u0131s\u0131r \u00c7ar\u015f\u0131s\u0131&#8217;ndaki patlaman\u0131n nedeni belirlenemeyince beraat eden P\u0131nar Selek i\u00e7in Yarg\u0131tay 36 y\u0131l hapis cezas\u0131 istiyor.<\/p>\n<p style=\"text-align: justify;\">Yarg\u0131tay 9. Ceza Dairesi, kamuoyunda &#8216;M\u0131s\u0131r \u00c7ar\u015f\u0131s\u0131 davas\u0131&#8217; olarak bilinen davayla ilgili temyiz incelemesini tamamlarken, \u0130stanbul 12. A\u011f\u0131r Ceza Mahkemesi&#8217;nin Sosyolog P\u0131nar Selek i\u00e7in verdi\u011fi beraat karar\u0131n\u0131n bozulmas\u0131na karar verdi. Daire, Selek&#8217;e eski TCK&#8217;n\u0131n <\/p>\n","protected":false},"author":1,"featured_media":0,"comment_status":"open","ping_status":"closed","sticky":false,"template":"","format":"standard","meta":{"footnotes":""},"categories":[105],"tags":[],"class_list":["post-6935","post","type-post","status-publish","format-standard","hentry","category-gundem","odd"],"_links":{"self":[{"href":"http:\/\/www.korhanyilmaz.com\/index.php?rest_route=\/wp\/v2\/posts\/6935","targetHints":{"allow":["GET"]}}],"collection":[{"href":"http:\/\/www.korhanyilmaz.com\/index.php?rest_route=\/wp\/v2\/posts"}],"about":[{"href":"http:\/\/www.korhanyilmaz.com\/index.php?rest_route=\/wp\/v2\/types\/post"}],"author":[{"embeddable":true,"href":"http:\/\/www.korhanyilmaz.com\/index.php?rest_route=\/wp\/v2\/users\/1"}],"replies":[{"embeddable":true,"href":"http:\/\/www.korhanyilmaz.com\/index.php?rest_route=%2Fwp%2Fv2%2Fcomments&post=6935"}],"version-history":[{"count":0,"href":"http:\/\/www.korhanyilmaz.com\/index.php?rest_route=\/wp\/v2\/posts\/6935\/revisions"}],"wp:attachment":[{"href":"http:\/\/www.korhanyilmaz.com\/index.php?rest_route=%2Fwp%2Fv2%2Fmedia&parent=6935"}],"wp:term":[{"taxonomy":"category","embeddable":true,"href":"http:\/\/www.korhanyilmaz.com\/index.php?rest_route=%2Fwp%2Fv2%2Fcategories&post=6935"},{"taxonomy":"post_tag","embeddable":true,"href":"http:\/\/www.korhanyilmaz.com\/index.php?rest_route=%2Fwp%2Fv2%2Ftags&post=6935"}],"curies":[{"name":"wp","href":"https:\/\/api.w.org\/{rel}","templated":true}]}}