{"id":6929,"date":"2009-03-29T09:07:32","date_gmt":"2009-03-29T06:07:32","guid":{"rendered":"http:\/\/www.korhanyilmaz.com\/?p=6929"},"modified":"2009-03-29T09:07:32","modified_gmt":"2009-03-29T06:07:32","slug":"dalan-asker-demokrat-olmamali","status":"publish","type":"post","link":"http:\/\/www.korhanyilmaz.com\/?p=6929","title":{"rendered":"Dalan: Asker demokrat olmamal\u0131"},"content":{"rendered":"<p><img loading=\"lazy\" decoding=\"async\" class=\"aligncenter size-full wp-image-6930\" title=\"Eski \u0130stanbul B\u00fcy\u00fck\u015fehir Belediye Ba\u015fkan\u0131 Bedrettin Dalan\" src=\"http:\/\/www.korhanyilmaz.com\/wp-content\/uploads\/2009\/03\/fft27_mf145868.jpeg\" alt=\"Eski \u0130stanbul B\u00fcy\u00fck\u015fehir Belediye Ba\u015fkan\u0131 Bedrettin Dalan\" width=\"322\" height=\"97\" \/><\/p>\n<p style=\"text-align: justify;\"><strong>Eski \u0130stanbul B\u00fcy\u00fck\u015fehir Belediye Ba\u015fkan\u0131 Bedrettin Dalan, &#8216;\u015f\u00fcpheli&#8217; s\u0131fat\u0131yla girdi\u011fi ikinci Ergenekon iddianamesinde, d\u00f6rt ayr\u0131 darbe giri\u015fimine kat\u0131ld\u0131\u011f\u0131 \u00f6ne s\u00fcr\u00fclen 16 ki\u015fi aras\u0131nda say\u0131l\u0131yor. <\/strong><\/p>\n<p style=\"text-align: justify;\">Halen Amerika&#8217;da bulunan Bedrettin Dalan, ikinci iddianameye giren gerek\u00e7elere g\u00f6re, &#8220;Arkada\u015f\u0131m&#8221; diye and\u0131\u011f\u0131 genelkurmay ba\u015fkanlar\u0131na &#8220;B\u00f6yle gitmez, bir \u015feyler yap\u0131ls\u0131n&#8221; dedi\u011fini anlat\u0131yor. Dalan Ergenekon san\u0131\u011f\u0131 eski Jandarma Genel Komutanl\u0131\u011f\u0131 \u0130stihbarat Dairesi Ba\u015fkan\u0131 Levent Ers\u00f6z&#8217;\u00fcn &#8220;Asker demokrat olamaz m\u0131 ba\u015fkan\u0131m&#8221; sorusunu da &#8220;Olamaz, olmamas\u0131 da laz\u0131m&#8230; D\u00fcnyada \u00f6yle bir demokrasi falan yok. Demokrasi bir game, \u015fov&#8221; diye yan\u0131tl\u0131yor. <!--more--><\/p>\n<p style=\"text-align: justify;\">AKP h\u00fck\u00fcmetine kar\u015f\u0131 2003-2004 y\u0131llar\u0131nda yap\u0131laca\u011f\u0131 ileri s\u00fcr\u00fclen d\u00f6rt darbe giri\u015fiminin geni\u015f yer tuttu\u011fu 2. Ergenekon iddianamesinde, bu \u00f6rg\u00fct\u00fcn &#8220;Y\u00fcr\u00fctme ve yasama organ\u0131n\u0131 cebren ortadan kald\u0131r\u0131p devlet idaresini ele ge\u00e7irmeyi planlad\u0131\u011f\u0131&#8221; iddia ediliyor. Ayn\u0131 zamanda Ergenekon&#8217;un \u00fcye ve y\u00f6neticisi olduklar\u0131 ileri s\u00fcr\u00fclen isimlerden birisi de, eski \u0130stanbul B\u00fcy\u00fck\u015fehir Belediye Ba\u015fkan\u0131 ve Yeditepe \u00dcniversitesi M\u00fctevelli Heyeti Ba\u015fkan\u0131 Bedrettin Dalan.<\/p>\n<p style=\"text-align: justify;\"><strong>Evi ve i\u015fyerine bask\u0131n <\/strong><\/p>\n<p style=\"text-align: justify;\">Dalan&#8217;\u0131n 7 Ocak&#8217;taki 10. dalga operasyonda evi ve \u00fcniversitesine bask\u0131n d\u00fczenlenmi\u015f fakat bulunamam\u0131\u015ft\u0131. Operasyonu \u00f6nceden haber al\u0131p \u00fclkeden ayr\u0131ld\u0131\u011f\u0131 ileri s\u00fcr\u00fclen Dalan, ABD&#8217;de ortaya \u00e7\u0131km\u0131\u015ft\u0131. Dalan, &#8216;sa\u011fl\u0131k&#8217; sebebiyle ABD&#8217;ye gitti\u011fini, tedavisi bitince T\u00fcrkiye&#8217;ye d\u00f6nece\u011fini a\u00e7\u0131klam\u0131\u015ft\u0131. Ancak bug\u00fcne de\u011fin T\u00fcrkiye&#8217;ye d\u00f6nm\u00fc\u015f de\u011fil.<br \/>\nDalan&#8217;\u0131n ad\u0131 ikinci Ergenekon iddianamesinin bir\u00e7ok yerinde ge\u00e7iyor. Savc\u0131n\u0131n iddianameye koydu\u011fu kan\u0131tlardan ilk ikisi; ergenekon san\u0131klar\u0131 eski Jandarma Genel Komutanl\u0131\u011f\u0131 \u0130stihbarat Dairesi Ba\u015fkan\u0131 Levent Ers\u00f6z ve ayn\u0131 dairede g\u00f6revli Hasan Atilla U\u011fur taraf\u0131ndan kaydedilen, Jandarma Genel Komutanl\u0131\u011f\u0131&#8217;nda yap\u0131lm\u0131\u015f &#8216;gizli&#8217; g\u00f6r\u00fc\u015fmeler. Ers\u00f6z, U\u011fur ve Dalan ile &#8216;K\u0131van\u00e7 De\u011firmenci&#8217; ad\u0131n\u0131 kullanan \u0130smail Y\u0131ld\u0131z aras\u0131ndaki g\u00f6r\u00fc\u015fmede T\u00fcrk Silahl\u0131 Kuvvetleri (TSK) de\u011ferlendirilirken Dalan, \u015funlar\u0131 s\u00f6yl\u00fcyor: &#8220;En b\u00fcy\u00fck sorumluluktan ka\u00e7an kurumlardan birisi maalesef sizin kurumunuz. Do\u011fan G\u00fcre\u015f&#8217;ten bug\u00fcne kadarki t\u00fcm genelkurmay ba\u015fkanlar\u0131 arkada\u015f\u0131m. T\u00fcrkiye&#8217;nin \u0130slamc\u0131 federal K\u00fcrt yap\u0131ya do\u011fru gitti\u011fini anlatmaya \u00e7al\u0131\u015ft\u0131m. Fakat hi\u00e7birisine anlatamad\u0131m. Fakat b\u00f6yle olmaz. Bir an evvel bir \u015feyler yap\u0131lmal\u0131.&#8221;\n<\/p>\n<p style=\"text-align: justify;\"><strong>&#8216;\u0130htilal yap\u0131ls\u0131n demiyorum&#8217; <\/strong><\/p>\n<p style=\"text-align: justify;\">Osmanl\u0131 \u0130mparatorlu\u011fu&#8217;nun y\u0131k\u0131lmas\u0131ndan sonra padi\u015fah\u0131n kutsal g\u00fcc\u00fcn\u00fcn yerini TSK&#8217;nin ald\u0131\u011f\u0131n\u0131 \u00f6ne s\u00fcren Dalan, &#8220;B\u00fct\u00fcn anayasalar\u0131 kuran daima bir g\u00fc\u00e7 vard\u0131r. Partili demokrasilerde burjuvad\u0131r. T\u00fcrk demokrasisinde silahl\u0131 kuvvetler. \u015eimdi bu g\u00fcc\u00fcn sahibi oldu\u011funun fark\u0131nda de\u011fil silahl\u0131 kuvvetler&#8221; diyor. Bunun \u00fczerine Ers\u00f6z, &#8220;Ba\u015fkan\u0131m ne yapal\u0131m, ihtilal mi yapal\u0131m&#8221; diye sorunca Dalan, &#8220;\u0130htilal yap\u0131ls\u0131n demiyorum. Bir \u00e7\u00f6z\u00fcm\u00fc her zaman vard\u0131r&#8221; diye kar\u015f\u0131l\u0131k veriyor.<\/p>\n<p style=\"text-align: justify;\">Ers\u00f6z&#8217;\u00fcn &#8220;Asker demokrat olamaz m\u0131 ba\u015fkan\u0131m&#8221; diye sordu\u011fu Dalan, &#8220;Olamaz, olmamas\u0131 da laz\u0131m&#8230; Demokrasi denilen olayda d\u00fcnyada \u00f6yle bir demokrasi falan yok. Demokrasi bir game, oyun, g\u00f6steri\u015f, \u015fov. Yoksa ger\u00e7ek demokrasi yok&#8221; diyor.<br \/>\n\u0130kinci kay\u0131t; Ers\u00f6z&#8217;le Tuncay \u00d6zkan aras\u0131nda ge\u00e7iyor. \u00d6zkan, eski \u0130stanbul B\u00fcy\u00fck\u015fehir Belediye Ba\u015fkan\u0131 Ali M\u00fcfit G\u00fcrtuna&#8217;ya ait \u0130stanbul TV&#8217;nin yerel se\u00e7imlerden \u00f6nce al\u0131nmas\u0131 gerekti\u011fini, G\u00fcrtuna&#8217;yla g\u00f6r\u00fc\u015fmesi i\u00e7in Bedrettin Dalan&#8217;\u0131 arac\u0131 koydu\u011funu belirterek, \u015f\u00f6yle diyor:<br \/>\n&#8220;Ali M\u00fcfit&#8217;i s\u0131k\u0131\u015ft\u0131rmak gerekiyor. Bedrettin beyi konu\u015fturdum, Dalan&#8217;a dedim ki git bununla konu\u015f, \u00f6yle bir \u015feye ihtiyac\u0131m\u0131z var. Bu, T\u00fcrkiye&#8217;nin ihtiyac\u0131d\u0131r, ulusal duru\u015f ortaya koymal\u0131y\u0131z.&#8221;<br \/>\n\u00d6zkan&#8217;la Dalan&#8217;\u0131n g\u00f6r\u00fc\u015fmesini, Ergenekon&#8217;un di\u011fer san\u0131\u011f\u0131 doktor H\u00fcseyin Nazl\u0131kul&#8217;un sa\u011flad\u0131\u011f\u0131 \u00f6ne s\u00fcr\u00fcl\u00fcyor.\n<\/p>\n<p style=\"text-align: justify;\"><span style=\"color: #888888;\">Kaynak : \u0130smail Saymaz \/ Radikal<\/span><\/p>\n","protected":false},"excerpt":{"rendered":"<\/p>\n<p style=\"text-align: justify;\">Eski \u0130stanbul B\u00fcy\u00fck\u015fehir Belediye Ba\u015fkan\u0131 Bedrettin Dalan, &#8216;\u015f\u00fcpheli&#8217; s\u0131fat\u0131yla girdi\u011fi ikinci Ergenekon iddianamesinde, d\u00f6rt ayr\u0131 darbe giri\u015fimine kat\u0131ld\u0131\u011f\u0131 \u00f6ne s\u00fcr\u00fclen 16 ki\u015fi aras\u0131nda say\u0131l\u0131yor. <\/p>\n<p style=\"text-align: justify;\">Halen Amerika&#8217;da bulunan Bedrettin Dalan, ikinci iddianameye giren gerek\u00e7elere g\u00f6re, &#8220;Arkada\u015f\u0131m&#8221; diye and\u0131\u011f\u0131 genelkurmay ba\u015fkanlar\u0131na &#8220;B\u00f6yle gitmez, bir \u015feyler yap\u0131ls\u0131n&#8221; dedi\u011fini anlat\u0131yor. Dalan Ergenekon san\u0131\u011f\u0131 <\/p>\n","protected":false},"author":1,"featured_media":0,"comment_status":"open","ping_status":"closed","sticky":false,"template":"","format":"standard","meta":{"footnotes":""},"categories":[105],"tags":[],"class_list":["post-6929","post","type-post","status-publish","format-standard","hentry","category-gundem","odd"],"_links":{"self":[{"href":"http:\/\/www.korhanyilmaz.com\/index.php?rest_route=\/wp\/v2\/posts\/6929","targetHints":{"allow":["GET"]}}],"collection":[{"href":"http:\/\/www.korhanyilmaz.com\/index.php?rest_route=\/wp\/v2\/posts"}],"about":[{"href":"http:\/\/www.korhanyilmaz.com\/index.php?rest_route=\/wp\/v2\/types\/post"}],"author":[{"embeddable":true,"href":"http:\/\/www.korhanyilmaz.com\/index.php?rest_route=\/wp\/v2\/users\/1"}],"replies":[{"embeddable":true,"href":"http:\/\/www.korhanyilmaz.com\/index.php?rest_route=%2Fwp%2Fv2%2Fcomments&post=6929"}],"version-history":[{"count":0,"href":"http:\/\/www.korhanyilmaz.com\/index.php?rest_route=\/wp\/v2\/posts\/6929\/revisions"}],"wp:attachment":[{"href":"http:\/\/www.korhanyilmaz.com\/index.php?rest_route=%2Fwp%2Fv2%2Fmedia&parent=6929"}],"wp:term":[{"taxonomy":"category","embeddable":true,"href":"http:\/\/www.korhanyilmaz.com\/index.php?rest_route=%2Fwp%2Fv2%2Fcategories&post=6929"},{"taxonomy":"post_tag","embeddable":true,"href":"http:\/\/www.korhanyilmaz.com\/index.php?rest_route=%2Fwp%2Fv2%2Ftags&post=6929"}],"curies":[{"name":"wp","href":"https:\/\/api.w.org\/{rel}","templated":true}]}}