{"id":6905,"date":"2009-03-29T08:24:18","date_gmt":"2009-03-29T06:24:18","guid":{"rendered":"http:\/\/www.korhanyilmaz.com\/?p=6905"},"modified":"2025-10-30T21:30:26","modified_gmt":"2025-10-30T18:30:26","slug":"yasamadigim-seyler-yuzunden-tuhaf-bir-kadin-tarafindan-itham-ediliyorum","status":"publish","type":"post","link":"http:\/\/www.korhanyilmaz.com\/?p=6905","title":{"rendered":"Ya\u015famad\u0131\u011f\u0131m \u015feyler y\u00fcz\u00fcnden tuhaf bir kad\u0131n taraf\u0131ndan itham ediliyorum"},"content":{"rendered":"<p style=\"text-align: center;\"><img loading=\"lazy\" decoding=\"async\" class=\"aligncenter size-full wp-image-6906\" title=\"\u015eahane Sultan M\u00fcft\u00fco\u011flu\" src=\"http:\/\/www.korhanyilmaz.com\/wp-content\/uploads\/2009\/03\/290320090548495405387.jpg\" alt=\"\u015eahane Sultan M\u00fcft\u00fco\u011flu\" width=\"329\" height=\"210\" \/><\/p>\n<p style=\"text-align: justify;\"><strong> \u015eahane Sultan M\u00fcft\u00fco\u011flu ad\u0131n\u0131, ge\u00e7en y\u0131l A\u011fustos ay\u0131nda Ya\u015far Nuri \u00d6zt\u00fcrk&#8217;\u00fcn e\u015fi Canan \u00d6zt\u00fcrk&#8217;\u00fcn bir gazeteye verdi\u011fi r\u00f6portajla duydu kamuoyu&#8230;<\/strong><\/p>\n<p style=\"text-align: justify;\">Canan \u00d6zt\u00fcrk, e\u015finin, dan\u0131\u015fman\u0131 M\u00fcft\u00fco\u011flu ile birlikte oldu\u011funu ima edip, &#8220;Bu fahi\u015felere ge\u00e7it vermeyece\u011fiz. Bu olay ailevi de\u011fil, siyasi bir olay&#8221; dedi. M\u00fcft\u00fco\u011flu&#8217;nun ya\u015f\u0131n\u0131n &#8220;sahtek\u00e2rca&#8221; b\u00fcy\u00fct\u00fclerek, 22 Temmuz se\u00e7imlerinde Antalya 1. s\u0131radan aday yap\u0131ld\u0131\u011f\u0131n\u0131 s\u00f6yleyen Canan \u00d6zt\u00fcrk, M\u00fcft\u00fco\u011flu&#8217;nun babas\u0131 i\u00e7in &#8220;Elalemin pavyoncusu. Sa\u011fda solda \u015fark\u0131 s\u00f6yleyen bir insan&#8221;, &#8220;Ne t\u00fcr bir aile olduklar\u0131 ortada&#8230;&#8221; dedi. E\u015fini ise, &#8220;Onun arkas\u0131nday\u0131z. Biz bu ismi koruyaca\u011f\u0131z&#8221; diyerek savundu. \u015eahane M\u00fcft\u00fco\u011flu&#8217;nun kendisine, &#8220;E\u015finle birlikteyim, sana \u00e7ok g\u00fcl\u00fcyor&#8221; diye mesaj att\u0131\u011f\u0131n\u0131 da iddia eden Canan \u00d6zt\u00fcrk, M\u00fcft\u00fco\u011flu&#8217;nu \u00e7al\u0131\u015ft\u0131\u011f\u0131 \u0130ngiltere B\u00fcy\u00fckel\u00e7ili\u011fi&#8217;ne \u015fikayet etti\u011fini de a\u00e7\u0131klad\u0131. <!--more--><\/p>\n<p style=\"text-align: justify;\">Canan \u00d6zt\u00fcrk&#8217;\u00fcn bu iddialar\u0131 ve r\u00f6portajda kulland\u0131\u011f\u0131 &#8220;Fahi\u015feli\u011fe ge\u00e7it vermem&#8221; gibi s\u00f6zleri \u00fczerine \u015eahane Sultan M\u00fcft\u00fco\u011flu ile ailesi Canan \u00d6zt\u00fcrk aleyhine 3 ayr\u0131 dava a\u00e7t\u0131lar. A\u00e7\u0131lan davalardan biri Canan \u00d6zt\u00fcrk&#8217;\u00fcn, M\u00fcft\u00fco\u011flu&#8217;nun annesine g\u00f6nderdi\u011fi ve &#8220;Fahi\u015fe k\u0131z\u0131n&#8230;&#8221;, &#8220;Murdar kar\u0131lar murdar erkekler bela \u00fczerinize \u00e7\u00f6ks\u00fcn&#8221; s\u00f6zlerinin yer ald\u0131\u011f\u0131 iki sms mesaj\u0131 nedeniyle oldu. Davalar\u0131n ilk duru\u015fmas\u0131 17 Mart&#8217;ta yap\u0131ld\u0131.<br \/>\nCanan \u00d6zt\u00fcrk, Kad\u0131k\u00f6y Asliye Hukuk Mahkemesi kanal\u0131yla 20 \u015eubat&#8217;ta davan\u0131n g\u00f6r\u00fc\u015f\u00fcld\u00fc\u011f\u00fc Ankara 11. Asliye Hukuk Mahkemesi&#8217;ne g\u00f6nderdi\u011fi cevap dilek\u00e7esinde, bu kez yeni iddialar\u0131 g\u00fcndeme getirdi. &#8220;24 Kas\u0131m 2006&#8217;da Ankara&#8217;daki evlerinde e\u015fi ile \u015eahane M\u00fcft\u00fco\u011flu&#8217;nu bast\u0131\u011f\u0131n\u0131&#8221; anlatan Canan \u00d6zt\u00fcrk dilek\u00e7esinde, &#8220;\u015eahane M\u00fcft\u00fco\u011flu ka\u00e7arak kendisini banyoya kilitledi. Banyodan zorla \u00e7\u0131kard\u0131\u011f\u0131mda \u0131slak sa\u00e7larla i\u00e7 \u00e7ama\u015f\u0131rs\u0131z ve \u00e7\u0131plak ayaklarla benim kar\u015f\u0131ma \u00e7\u0131kt\u0131&#8230; Yatak odas\u0131na gitti\u011fimde kar\u0131\u015fm\u0131\u015f bir yatak ile yata\u011f\u0131m\u0131n ba\u015fucunda \u015eahane M\u00fcft\u00fco\u011flu&#8217;nun dekolte bir pozla \u00e7ektirdi\u011fi \u00e7er\u00e7evelenmi\u015f bir foto\u011fraf\u0131 duruyordu. M\u00fcft\u00fco\u011flu&#8217;nu evimden kovarak \u00e7\u0131kard\u0131m&#8230;&#8221; ifadelerine yer verdi.<\/p>\n<p style=\"text-align: justify;\">Canan Han\u0131m ayr\u0131ca dilek\u00e7esinde bu olaydan sonra telefonuna yabanc\u0131 \u015fah\u0131slardan son derece \u00e7irkin ve m\u00fcstehcen mesajlar gelmeye ba\u015flad\u0131\u011f\u0131n\u0131, savc\u0131l\u0131\u011fa \u015fikayette bulundu\u011funu, mesajlar\u0131n M\u00fcft\u00fco\u011flu&#8217;nun babas\u0131n\u0131n bilgisayar\u0131ndan ge\u00e7ildi\u011fini ve cep elefonu numaras\u0131n\u0131n porno sitelerine verildi\u011fini de belirtti. \u00d6zt\u00fcrk ayr\u0131ca \u015eahane M\u00fcft\u00fco\u011flu&#8217;nun e\u015finin telefonuna mesajlar g\u00f6nderdi\u011fini de dilek\u00e7esinde yazd\u0131.<br \/>\nYa\u015far Nuri \u00d6zt\u00fcrk ise e\u015finin son iddialar\u0131 \u00fczerine yapt\u0131\u011f\u0131 a\u00e7\u0131klamada, iddialar\u0131 yalanlad\u0131 ve e\u015fi Canan \u00d6zt\u00fcrk&#8217;\u00fcn \u00f6nceki evlili\u011finden olan o\u011fluna verdi\u011fi 400 bin dolar borcun \u00f6denmedi\u011fini, sald\u0131r\u0131lar\u0131n bu nedenle yap\u0131ld\u0131\u011f\u0131n\u0131 savundu. \u015eahane Sultan M\u00fcft\u00fco\u011flu ise bas\u0131na da yans\u0131yan bu son iddialara ili\u015fkin olarak ayr\u0131 davalar a\u00e7t\u0131. Canan \u00d6zt\u00fcrk aleyhine \u015eahane M\u00fcft\u00fco\u011flu ve annesi ve babas\u0131n\u0131n a\u00e7t\u0131\u011f\u0131 \u015fu anda toplam 70 bin liral\u0131k, 7 dava bulunuyor.<br \/>\nBug\u00fcne kadar konu\u015fmayan, ancak son iddialar\u0131n bas\u0131na yans\u0131mas\u0131 \u00fczerine sessizli\u011fini bozmaya karar veren \u015eahane M\u00fcft\u00fco\u011flu ile avukat\u0131n\u0131n b\u00fcrosunda konu\u015ftuk.<\/p>\n<p style=\"text-align: justify;\"><strong>E\u011fitiminiz nedir?<\/strong><br \/>\nSiyaset haricinde bir i\u015f yapmay\u0131 d\u00fc\u015f\u00fcnm\u00fcyordum. Bu nedenle siyaset okudum. \u0130ngiltere&#8217;de Reading University&#8217;de siyasi bilimler e\u011fitimi ald\u0131m. Yine ayn\u0131 yerde siyasi bilimler \u00fczerine master yapt\u0131m. Geneva Centre For Security Policy&#8217;de Ortado\u011fu g\u00fcvenli\u011fi \u00fczerine bir y\u0131l \u00e7al\u0131\u015ft\u0131m.<\/p>\n<p style=\"text-align: justify;\"><strong>Cenevre&#8217;den sonra T\u00fcrkiye&#8217;ye mi d\u00f6nd\u00fcn\u00fcz?<\/strong><br \/>\nEvet, 2005 y\u0131l\u0131 ba\u015f\u0131nda. Ailem Antalya&#8217;da ya\u015f\u0131yor. Antalya Ticaret Odas\u0131&#8217;n\u0131n D\u0131\u015f Ekonomik \u0130li\u015fkiler M\u00fcd\u00fcrl\u00fc\u011f\u00fc&#8217;nde i\u015fe ba\u015flad\u0131m. Ama yeniden yurt d\u0131\u015f\u0131na gidecektim. \u0130\u015f ba\u011flant\u0131lar\u0131m vard\u0131.<\/p>\n<p style=\"text-align: justify;\"><strong>Halk\u0131n Y\u00fckseli\u015fi Partisi&#8217;ne nas\u0131l \u00fcye oldunuz?<\/strong><br \/>\nYa\u015far Nuri \u00d6zt\u00fcrk&#8217;\u00fc kitaplar\u0131ndan, konu\u015fmalar\u0131ndan biliyordum. Parti kurdu\u011funu \u00f6\u011frendim. Partinin web sitesinden \u00fcyelik i\u00e7in ba\u015fvurdum.<\/p>\n<p style=\"text-align: justify;\"><strong>Tan\u0131\u015f\u0131kl\u0131\u011f\u0131n\u0131z var m\u0131yd\u0131 Ya\u015far Nuri \u00d6zt\u00fcrk&#8217;le?<\/strong><br \/>\nHay\u0131r yoktu, kitaplar\u0131n\u0131 okumu\u015ftum. Hatta bu malum zat ile (Canan \u00d6zt\u00fcrk&#8217;\u00fc kastediyor) daha \u00f6nce tan\u0131\u015ft\u0131m. \u0130nternetten \u00fcyelik ba\u015fvurumu yap\u0131p, cv g\u00f6ndermi\u015ftim. Beni arad\u0131, benim gibi e\u011fitimli birisinin partiye girmesinden dolay\u0131 \u00e7ok mutlu oldu\u011funu s\u00f6yledi.<\/p>\n<p style=\"text-align: justify;\"><strong>\u00dcyelik ba\u015fvurunuz kabul edildikten sonra ne oldu?<\/strong><br \/>\n\u0130\u015ften istifa ettim, parti i\u00e7in \u00e7al\u0131\u015fmaya ba\u015flad\u0131m. \u0130lk kongrede MYK \u00fcyesi olarak beni aday g\u00f6sterdi.<\/p>\n<p style=\"text-align: justify;\"><strong>Ya\u015far Nuri \u00d6zt\u00fcrk ile tan\u0131\u015fman\u0131z nas\u0131l oldu?<\/strong><br \/>\nAntalya \u0130l Te\u015fkilat\u0131&#8217;n\u0131n d\u00fczenledi\u011fi &#8220;Atat\u00fcrk ve \u0130slam&#8221; \u00fczerine bir konferansta tan\u0131\u015ft\u0131k. Beni yeni \u00fcye olarak tan\u0131tt\u0131lar. 2006 yaz\u0131yd\u0131. Daha sonra &#8220;Ne yap\u0131yorsun, ne okudun&#8221; diye sordu, tezlerimi g\u00f6ndermemi istedi, g\u00f6nderdim.<\/p>\n<p style=\"text-align: justify;\"><strong>Parti y\u00f6netimine girmeniz nas\u0131l oldu?<\/strong><br \/>\n\u0130lk kurultayda delegeler taraf\u0131ndan se\u00e7ilerek, parti y\u00f6netim kurulu \u00fcyesi oldum. Sonra Ankara&#8217;ya ta\u015f\u0131nd\u0131m, tamamen siyaset yapmaya karar verdim. Yurt d\u0131\u015f\u0131na gitmekten de vazge\u00e7tim. Orada kabul edece\u011fim i\u015fleri reddettim.<\/p>\n<p style=\"text-align: justify;\"><strong>O kadar \u00e7ok istediniz yani siyaset yapmay\u0131?<\/strong><br \/>\nEvet \u00f6yle! T\u00fcrkiye&#8217;de bilgimi kullanmak istiyordum. Cenevre&#8217;de \u00e7al\u0131\u015ft\u0131\u011f\u0131m yerdeki ilk T\u00fcrk&#8217;t\u00fcm mesela. O da benim i\u00e7in \u00e7ok onur vericiydi&#8230; Ankara&#8217;da siyasete aktif olarak ba\u015flam\u0131\u015f oldum.<\/p>\n<p style=\"text-align: justify;\"><strong>MALUM K\u0130\u015e\u0130 PART\u0130 \u0130\u00c7\u0130NDE OLAYLAR \u00c7IKARTTI<\/strong><\/p>\n<p style=\"text-align: justify;\"><strong>Parti y\u00f6netimindeki g\u00f6reviniz yan\u0131nda, Ya\u015far Nuri \u00d6zt\u00fcrk&#8217;e dan\u0131\u015fmanl\u0131k da yapt\u0131n\u0131z?<\/strong><br \/>\nEvet, MYK \u00fcyeli\u011finin yan\u0131 s\u0131ra&#8230; Asl\u0131nda dan\u0131\u015fmanl\u0131k denilen, ald\u0131\u011f\u0131m e\u011fitim do\u011frultusunda d\u0131\u015f siyaset \u00fczerine \u00e7al\u0131\u015fmalard\u0131. Bir de onun iste\u011fi do\u011frultusunda d\u0131\u015f bas\u0131nda T\u00fcrkiye ile ilgili \u00e7\u0131kan haberler, \u0130ngilizce makaleler gibi i\u015fler vard\u0131.<\/p>\n<p style=\"text-align: justify;\"><strong>Sonra?<\/strong><br \/>\nSe\u00e7imler oldu. Se\u00e7imlerde Antalya&#8217;dan milletvekili aday\u0131 g\u00f6sterildim.<\/p>\n<p style=\"text-align: justify;\"><strong><br \/>\nMilletvekili olabilmek i\u00e7in ya\u015f\u0131n\u0131z\u0131 b\u00fcy\u00fctt\u00fcn\u00fcz&#8230;<\/strong><br \/>\nEvet, &#8220;sahtek\u00e2rca&#8221;! O se\u00e7imlerde 25 ya\u015f kanunu ge\u00e7medi. Benim ya\u015f\u0131m n\u00fcfus c\u00fczdan\u0131ma 4 ya\u015f k\u00fc\u00e7\u00fck yaz\u0131lm\u0131\u015f. Yani se\u00e7imlerin oldu\u011fu y\u0131l 26 ya\u015f\u0131nda g\u00f6r\u00fcn\u00fcyordum. Asl\u0131nda 30&#8217;dum. Haz\u0131r yap\u0131yorken d\u00fczelteyim dedim ve ger\u00e7ek ya\u015f\u0131m\u0131 yazd\u0131rd\u0131m, yani 4 ya\u015f b\u00fcy\u00fctt\u00fcm. Hatta hakim -han\u0131mlar genelde ya\u015flar\u0131n\u0131 k\u00fc\u00e7\u00fclt\u00fcrler- diye espri yapt\u0131.<\/p>\n<p style=\"text-align: justify;\"><strong>Adayl\u0131\u011f\u0131n\u0131z parti i\u00e7inde nas\u0131l kar\u015f\u0131land\u0131? Huzursuzluk ya\u015fand\u0131\u011f\u0131 iddialar\u0131 g\u00fcndeme gelmi\u015fti?<\/strong><br \/>\nO esnada malum, ad\u0131 ge\u00e7en ki\u015fi (Canan \u00d6zt\u00fcrk&#8217;\u00fc kastediyor), parti i\u00e7inde olaylar \u00e7\u0131kartt\u0131. &#8220;Ben genel ba\u015fkan e\u015fiyim, \u0130stanbul birinci s\u0131ra aday\u0131 olmazsam, ba\u015fka hi\u00e7bir kad\u0131n birinci s\u0131radan aday olamaz&#8221; dedi. Bu kurmay kadroda konu\u015fuluyordu.<\/p>\n<p style=\"text-align: justify;\"><strong>Canan \u00d6zt\u00fcrk&#8217;\u00fcn parti i\u00e7indeki g\u00f6revi neydi?<\/strong><br \/>\nKurucu \u00fcye.<\/p>\n<p style=\"text-align: justify;\"><strong>Sizden ba\u015fka 1. s\u0131radan kad\u0131n aday var m\u0131yd\u0131?<\/strong><br \/>\n\u00c7ok kad\u0131n aday vard\u0131 ama 1. s\u0131rada var m\u0131yd\u0131 hat\u0131rlam\u0131yorum.<\/p>\n<p style=\"text-align: justify;\"><strong>Bu tart\u0131\u015fma nas\u0131l sonu\u00e7land\u0131?<\/strong><br \/>\nGenel Ba\u015fkan, &#8220;Hem tahsili uygun de\u011fil, hem de siyasi gelene\u011fimizde b\u00f6yle bir \u015fey yoktur&#8221; diye bunu reddetti. Parti y\u00f6neticileri olaylar\u0131n b\u00fcy\u00fcmesini engellemek i\u00e7in &#8220;Daha a\u015fa\u011f\u0131 s\u0131ralardan aday g\u00f6sterilmesini&#8221; \u00f6nerdi, \u00f6yle de yap\u0131ld\u0131. Ondan sonra zaten parti i\u00e7inde Ya\u015far Nuri \u00d6zt\u00fcrk&#8217;e kar\u015f\u0131 karalama ba\u015flatt\u0131. Onu k\u00f6t\u00fcleme, ona kar\u015f\u0131 kendisini rakip g\u00f6rme psikolojisi devam etti.<\/p>\n<p style=\"text-align: justify;\"><strong>Siz ne zaman ayr\u0131ld\u0131n\u0131z partiden?<\/strong><br \/>\nSe\u00e7imlerden birka\u00e7 ay sonra. Doktoraya ba\u015flayaca\u011f\u0131m i\u00e7in, ki yak\u0131nda ba\u015fl\u0131yorum, ayr\u0131ld\u0131m partideki g\u00f6revlerimden. Yakla\u015f\u0131k bir y\u0131ld\u0131r \u0130ngiltere B\u00fcy\u00fckel\u00e7ili\u011fi&#8217;nde \u00e7al\u0131\u015f\u0131yorum.<\/p>\n<p style=\"text-align: justify;\"><strong>Siyaset yapaca\u011f\u0131m diye yurt d\u0131\u015f\u0131ndaki i\u015f tekliflerini reddedip, burada kald\u0131n\u0131z, sonra doktora i\u00e7in partiden ayr\u0131ld\u0131n\u0131z, bu bir \u00e7eli\u015fki de\u011fil mi?<\/strong><br \/>\nHay\u0131r, siyasete geri d\u00f6nmeden evvel elimde bir doktora belgesi olmas\u0131n\u0131 istedim. Zaten siyaset\u00e7i denilecek durumda de\u011filim. Bu benim siyasete att\u0131\u011f\u0131m ilk ad\u0131m. Ama dedim ki, madem bu i\u015fe g\u00f6n\u00fcl verdim, bu \u00fclkede hizmet etmek istiyorum ve aptalca h\u00e2l\u00e2 da istiyorum, ba\u015f\u0131ma gelenlere ra\u011fmen, doktora e\u011fitimini de tamamlayay\u0131m, bu unvanla devam edeyim. Yani kesinlikle vazge\u00e7mi\u015f de\u011filim siyasetten.<\/p>\n<p style=\"text-align: justify;\"><strong>&#8216;Zavall\u0131 k\u0131z&#8217; durumunday\u0131m ama bu imaj\u0131 vermek istemiyorum<\/strong><\/p>\n<p style=\"text-align: justify;\"><strong>Canan \u00d6zt\u00fcrk&#8217;\u00fcn bir demeci ile ba\u015flayan, siz ve Ya\u015far Nuri \u00d6zt\u00fcrk ile ilgili iddialar, olaylar&#8230; A\u00e7t\u0131\u011f\u0131n\u0131z davalar, hakk\u0131n\u0131zdaki yeni iddialar&#8230; T\u00fcm bunlar\u0131 sizin de\u011ferlendirmenizi istiyorum. Ne ya\u015fad\u0131n\u0131z, neler oldu?<\/strong><br \/>\nBunlar\u0131 anlat\u0131rken ne kadar \u00fcz\u00fcl\u00fcp, ailece ne kadar y\u0131prand\u0131\u011f\u0131m\u0131z\u0131 s\u00f6ylemeyece\u011fim. Ben bu i\u015fi mazlum, duygu s\u00f6m\u00fcr\u00fcs\u00fc, zavall\u0131 k\u0131z pozisyonunda konu\u015fmak istemiyorum. Asl\u0131nda arada piyon olarak kullan\u0131ld\u0131\u011f\u0131m i\u00e7in durumum odur benim, ama ben asla bu imaj\u0131 vermek istemiyorum. Herkes bir g\u00fcn ba\u015f\u0131na b\u00f6yle bir \u015fey gelirse anlar zaten. Kimse ba\u015f\u0131na gelmeden tam olarak anlayamaz.<\/p>\n<p style=\"text-align: justify;\"><strong>Canan \u00d6zt\u00fcrk&#8217;\u00fcn sizinle ve e\u015fiyle ilgili iddialar\u0131 ilk olarak ge\u00e7en y\u0131l A\u011fustos ay\u0131nda bas\u0131na yans\u0131d\u0131. Ne oldu o zaman? <\/strong><br \/>\nBen o zaman \u0130spanya&#8217;da tatildeydim. B\u00fcy\u00fckel\u00e7ilikten iznimi alm\u0131\u015ft\u0131m, tatil yap\u0131yordum. Tatilimin 2. ya da 3. g\u00fcn\u00fcyd\u00fc. Hatta, &#8220;Kay\u0131plara kar\u0131\u015ft\u0131&#8221; falan yaz\u0131lm\u0131\u015f. Kimse de bana, &#8220;Bu iddialar do\u011fru mu de\u011fil mi?&#8221; sormad\u0131 ayr\u0131ca. Haber \u015fu: Canan \u00d6zt\u00fcrk diyor ki; Benim elime bir mesaj geldi \u015eahane M\u00fcft\u00fco\u011flu&#8217;dan, &#8216;Kocanla beraberim, sana g\u00fcl\u00fcyor.&#8217;<\/p>\n<p style=\"text-align: justify;\"><strong>Buradan talep ediyorum, bana dava a\u00e7\u0131ls\u0131n<\/strong><\/p>\n<p style=\"text-align: justify;\"><strong>Bu mesajdan sonra ne oldu? <\/strong><br \/>\n\u00dczerinden 8 ay ge\u00e7mi\u015f, bu mesajla ilgili bana dava a\u00e7\u0131lmad\u0131. Ben buradan talep ediyorum, bu mesajla ilgili bana dava a\u00e7\u0131ls\u0131n. B\u00f6yle bir mesaj varsa, o zaman ben rezil olay\u0131m T\u00fcrkiye&#8217;nin \u00f6n\u00fcnde. \u0130spatlans\u0131n bu. Ama \u00f6yle bir \u00fclkede ya\u015f\u0131yoruz ki, \u00e7amur at izi kals\u0131n. Bu olaylar \u00e7\u0131kt\u0131ktan sonra biz hemen dava a\u00e7t\u0131k. Yap\u0131m buna ayn\u0131 tarzda yan\u0131t vermeye m\u00fcsait de\u011fil. \u015eu anda utan\u0131yorum sizin kar\u015f\u0131n\u0131zda bunlara cevap vermek zorunda kalmaktan. \u015eu bile \u00e7ok sa\u00e7ma, bu kad\u0131n\u0131n bunlar\u0131 neden yapt\u0131\u011f\u0131n\u0131 ben anlatmak zorunday\u0131m. K\u0131z\u0131na yirmi k\u00fcsur y\u0131l tecav\u00fcz eden Avustralya&#8217;daki adam bunlar\u0131 niye yapm\u0131\u015ft\u0131r? Bir bilezik i\u00e7in insan\u0131n kolunu kesen h\u0131rs\u0131z, bunu niye yapm\u0131\u015ft\u0131r? Bunlara nas\u0131l cevap veremezsem, buna da cevap veremem.<\/p>\n<p style=\"text-align: justify;\"><strong>Baban\u0131z i\u00e7in &#8220;pavyoncu&#8221; denilmi\u015fti, baban\u0131z ne i\u015f yap\u0131yor?<\/strong><br \/>\nBabam in\u015faat m\u00fchendisidir. \u0130steyen herkese i\u015f adresini verebilirim. Antalya&#8217;da gelip ziyaret etsinler bizi. Ailemi, aile ya\u015fant\u0131m\u0131 g\u00f6rs\u00fcnler&#8230;<\/p>\n<p style=\"text-align: justify;\"><strong>Ya\u015far Nuri \u00d6zt\u00fcrk de baban\u0131z i\u00e7in &#8220;m\u00fczisyen&#8221; dememi\u015f miydi? <\/strong><br \/>\nBabam T\u00fcrk sanat m\u00fczi\u011fini \u00e7ok sever. Antalya \u0130n\u015faat M\u00fchendisleri Odas\u0131&#8217;n\u0131n bir \u00fcyesi. Antalya \u0130n\u015faat Odas\u0131&#8217;n\u0131n kurdu\u011fu T\u00fcrk Sanat M\u00fczi\u011fi Cemiyeti var, ona \u00fcye. Hobi olarak haftada bir ya da iki g\u00fcn oraya gidiyor. T\u00fcrk sanat m\u00fczi\u011fi sevmek insan\u0131 pavyoncu mu yapar? Ya\u015far Nuri \u00d6zt\u00fcrk de \u00e7ok sever TSM&#8217;yi.<\/p>\n<p style=\"text-align: justify;\"><strong>Ailenizden biraz bahseder misiniz?<\/strong><br \/>\nBabam in\u015faat m\u00fchendisi, annem ev han\u0131m\u0131. \u0130ki k\u0131z karde\u015fim var, birisi Ba\u015fkent \u00dcniversitesi&#8217;nde okuyor, di\u011feri Akdeniz \u00dcniversitesi&#8217;nden mezun oldu, g\u0131da m\u00fchendisi, \u0130stanbul&#8217;da \u00e7al\u0131\u015f\u0131yor. Baba taraf\u0131m Karadenizli. Anne taraf\u0131m Selanik&#8217;ten gelmi\u015f. Herkes gibi bir aileyiz. Az\u0131c\u0131k da tutucu hatta&#8230; Hi\u00e7 kimse, &#8220;Hayatta benim ba\u015f\u0131ma b\u00f6yle \u015feyler gelmez&#8221; demesin. Biri bana b\u00f6yle s\u00f6ylerse, direkt olarak kendimi \u00f6rnek verece\u011fim.<\/p>\n<p style=\"text-align: justify;\"><strong>Sizce neden baban\u0131z i\u00e7in &#8220;pavyoncu&#8221; dedi Canan \u00d6zt\u00fcrk?<\/strong><br \/>\nBurada yarat\u0131lmak istenen bir &#8220;K\u00fc\u00e7\u00fck Emrah film senaryosu&#8221;. Pavyoncu k\u00fclt\u00fcr\u00fcnden gelen bir aile, onlar\u0131n ahlaks\u0131z k\u0131zlar\u0131&#8230; Bu kad\u0131n\u0131n yaratmaya \u00e7al\u0131\u015ft\u0131\u011f\u0131 senaryo bu&#8230; Benim ailemin, ge\u00e7mi\u015fimin, k\u00fclt\u00fcr\u00fcm\u00fcn nas\u0131l oldu\u011funun ger\u00e7e\u011fini s\u00f6ylese, bu iddialara herkes g\u00fcler. Bunlara beni tan\u0131yan herkes g\u00fcld\u00fc zaten. O kadar abs\u00fcrt ki, ben bunlar\u0131 \u00e7\u0131k\u0131p a\u00e7\u0131klama gere\u011fi bile duymad\u0131m, utand\u0131m zaten, mahkemeye verdim, ispata davet ediyorum.<\/p>\n<p style=\"text-align: justify;\"><strong>Aileniz bu haberleri duydu\u011funda ilk tepkileri ne oldu?<\/strong><br \/>\n\u015eok oldular. Y\u00fczde 1 do\u011fruluk pay\u0131 olabilecek bir \u015fey olsa belki bir soru i\u015fareti gelir akl\u0131na insan\u0131n. \u0130nsano\u011fluyuz \u00e7\u00fcnk\u00fc hepimiz. Ama o kadar akla s\u0131\u011fmaz \u015feyler ki bunlar.<\/p>\n<p style=\"text-align: justify;\"><strong>Bu kad\u0131n \u015fizofren de\u011filse daha da k\u00f6t\u00fc<\/strong><\/p>\n<p style=\"text-align: justify;\"><strong>Canan \u00d6zt\u00fcrk, sizinle ilgili iddialar\u0131n\u0131, \u00e7al\u0131\u015ft\u0131\u011f\u0131n\u0131z \u0130ngiltere B\u00fcy\u00fckel\u00e7ili\u011fi&#8217;ne de iletti? <\/strong><br \/>\nEvet. Onlar da bu konuyla ilgili T\u00fcrkiye D\u0131\u015fi\u015fleri Bakanl\u0131\u011f\u0131&#8217;na yaz\u0131 yazd\u0131lar; &#8220;Biz rahats\u0131z ediliyoruz, \u00e7ok ahlaks\u0131z i\u00e7eri\u011fi olan yaz\u0131lar, e-mailler, telefonlar, fakslar al\u0131yoruz&#8221; diye.<\/p>\n<p style=\"text-align: justify;\"><strong>Ne demi\u015f Canan \u00d6zt\u00fcrk?<\/strong><br \/>\n&#8220;\u015eahane M\u00fcft\u00fco\u011flu \u00f6zel yeti\u015ftirilmi\u015f nokta noktad\u0131r. Ajand\u0131r. Evli siyasilerle birlikte olarak ajanl\u0131k yap\u0131yor&#8230;&#8221; Onun durumunu ruh hekimlerine b\u0131rak\u0131yorum ama benim kanaatim \u015fizofren. Ke\u015fke &#8220;ruh sa\u011fl\u0131\u011f\u0131 yerinde de\u011fil&#8221; \u00e7\u0131ksa. Yerindeyse bir insan i\u00e7in \u00e7ok daha k\u00f6t\u00fc, bu kadar k\u00f6t\u00fc olabilmek. \u00d6b\u00fcr t\u00fcrl\u00fc en az\u0131ndan derim ki, &#8220;Yaz\u0131k hastaym\u0131\u015f da bunlar\u0131 yap\u0131yor.&#8221;<\/p>\n<p style=\"text-align: justify;\"><strong>Bu konuda da dava a\u00e7t\u0131n\u0131z m\u0131?<\/strong><br \/>\nEvet. Ben ve ailemin onun aleyhine a\u00e7t\u0131\u011f\u0131 toplam 7 dava var.<\/p>\n<p style=\"text-align: justify;\"><strong>Sonraki s\u00fcre\u00e7te neler ya\u015fand\u0131?<\/strong><br \/>\n8 ay ge\u00e7ti, bana a\u00e7\u0131lan bir dava yok. Sonra \u00f6\u011freniyoruz ki i\u015fin i\u00e7erisinde bilmem ka\u00e7 dolarl\u0131k i\u015f varm\u0131\u015f. Yani bu iki insan\u0131n aras\u0131nda para, menfaat, \u00e7\u0131kar ili\u015fkisi var. Bu kad\u0131n diyor ki, &#8220;Sen e\u011fer bu paray\u0131 o\u011flumdan istersen, ben de seni rezil ederim.&#8221; Bu Ya\u015far Nuri \u00d6zt\u00fcrk&#8217;\u00fcn beyan\u0131d\u0131r. Bu konuda dava da a\u00e7t\u0131 zaten.<\/p>\n<p style=\"text-align: justify;\"><strong> Ya\u015far Nuri \u00d6zt\u00fcrk, e\u015fine mi dava a\u00e7t\u0131?<\/strong><br \/>\nEvet. &#8220;Para konusunda \u015fantajla, tehdide u\u011fruyorum&#8221; diye dava a\u00e7t\u0131.<\/p>\n<p style=\"text-align: justify;\"><strong>Ne zaman a\u00e7\u0131ld\u0131 bu dava?<\/strong><br \/>\n\u0130ki ay oldu.<\/p>\n<p style=\"text-align: justify;\"><strong>Ya\u015far Nuri \u00d6zt\u00fcrk&#8217;le g\u00f6r\u00fc\u015f\u00fcyoruz, zaten ortak davalar\u0131m\u0131z var<\/strong><\/p>\n<p style=\"text-align: justify;\"><strong>Bu s\u00fcre\u00e7te Ya\u015far Nuri \u00d6zt\u00fcrk&#8217;le konu\u015fman\u0131z oldu mu? <\/strong><br \/>\nTabii ki konu\u015ftum.<\/p>\n<p style=\"text-align: justify;\"><strong>&#8220;Ne oluyor?&#8221; diye sormad\u0131n\u0131z m\u0131?<\/strong><br \/>\nSordum tabii ki. Ben de, babam da, annem de sorduk. O da bize kar\u015f\u0131 \u00e7ok mahcup tabii.<\/p>\n<p style=\"text-align: justify;\"><strong>Ne s\u00f6yledi peki? Nas\u0131l a\u00e7\u0131klad\u0131 bu durumu?<\/strong><br \/>\n&#8220;Ben \u015fantaja u\u011fruyorum, arada sen kobay olarak kullan\u0131l\u0131yorsun. Ben bunu durduram\u0131yorum, engel olam\u0131yorum&#8221; falan dedi.<\/p>\n<p style=\"text-align: justify;\"><strong>Yani bu s\u00fcrecin ba\u015f\u0131ndan beri konu\u015fuyorsunuz?<\/strong><br \/>\nEvet, konu\u015fmaya da devam edece\u011fiz. Zaten ortak davalar\u0131m\u0131z var art\u0131k, o benim davalar\u0131m\u0131n \u015fahidi. Hi\u00e7bir \u015fey i\u00e7in konu\u015fmasak, bunun i\u00e7in konu\u015fmak durumunday\u0131z. E\u015finin aleyhine \u015fahit.<\/p>\n<p style=\"text-align: justify;\"><strong>E\u015finin aleyhine \u015fahitlik yapacak m\u0131?<\/strong><br \/>\nYapacak.<\/p>\n<p style=\"text-align: justify;\"><strong>T\u00fcm bu ya\u015fananlardan dolay\u0131 Ya\u015far Nuri \u00d6zt\u00fcrk&#8217;e k\u0131zg\u0131n m\u0131s\u0131n\u0131z?<\/strong><br \/>\nYoo hi\u00e7 de\u011filim. \u00dcz\u00fcl\u00fcyorum onun d\u00fc\u015ft\u00fc\u011f\u00fc duruma.<\/p>\n<p style=\"text-align: justify;\"><strong>G\u00f6r\u00fc\u015fmeyi s\u00fcrd\u00fcrecek misiniz?<\/strong><br \/>\nAkademik a\u00e7\u0131dan da g\u00f6r\u00fc\u015fmeye devam edece\u011fim. Benim i\u00e7in \u00e7ok b\u00fcy\u00fck bir \u00f6\u011fretmen. Fikirleri, g\u00f6r\u00fc\u015fleri \u00f6nemli.<\/p>\n<p style=\"text-align: justify;\"><strong>T\u00fcm bu ya\u015fad\u0131klar\u0131n\u0131z, Ya\u015far Nuri \u00d6zt\u00fcrk&#8217;le aran\u0131zdaki ili\u015fkiyi nas\u0131l etkiledi?<\/strong><br \/>\nAyn\u0131 ac\u0131y\u0131 payla\u015f\u0131yoruz. Aile olarak biz de, o da \u00e7ok muzdarip oldu. O ailemin ve benim ba\u015f\u0131ma gelenlere \u00e7ok \u00fcz\u00fcld\u00fc, biz de onun ba\u015f\u0131na gelenlere \u00e7ok \u00fcz\u00fcld\u00fck.<\/p>\n<p style=\"text-align: justify;\"><strong>Son olay nedeniyle konu\u015fuyorum<\/strong><\/p>\n<p style=\"text-align: justify;\"><strong>Canan \u00d6zt\u00fcrk&#8217;\u00fcn telefon numaras\u0131n\u0131n porno sitelerine verildi\u011fi, bunun da baban\u0131z\u0131n bilgisayar\u0131ndan g\u00f6nderildi\u011finin belirlendi\u011fi ve su\u00e7 duyurusunda bulunuldu\u011fu kamuoyuna yans\u0131m\u0131\u015ft\u0131?<\/strong><br \/>\nEvet o konuda savc\u0131l\u0131\u011fa su\u00e7 duyurusunda bulunulmu\u015f. Ama biz bunu kendisinin (Canan \u00d6zt\u00fcrk) yapt\u0131\u011f\u0131n\u0131 kan\u0131tlad\u0131k. Bahsedilen site de ayr\u0131ca porno sitesi de\u011fil, arkada\u015fl\u0131k sitesi. Kendisi vermi\u015f numaras\u0131n\u0131, dava a\u00e7\u0131l\u0131rsa bunu ispatlayaca\u011f\u0131m. Ama daha dava a\u00e7\u0131lmad\u0131. \u00c7ok komiktir babama bilgisayar verseniz, nereden a\u00e7\u0131l\u0131r, nereden kapan\u0131r bilmez. Teknolojiyi takip eden bir insan de\u011fil.<\/p>\n<p style=\"text-align: justify;\"><strong>Baban\u0131z ka\u00e7 ya\u015f\u0131nda?<\/strong><br \/>\n1957 do\u011fumlu.<\/p>\n<p style=\"text-align: justify;\"><strong>Bunlar ya\u015fan\u0131rken hep sessiz kald\u0131n\u0131z, \u015fimdi konu\u015fuyorsunuz neden?<\/strong><br \/>\nSon olay beni konu\u015fmak mecburiyetinde b\u0131rakt\u0131, evde bas\u0131ld\u0131\u011f\u0131m\u0131z iddias\u0131. Bas\u0131ld\u0131, \u00e7\u0131plakt\u0131&#8230; Okumad\u0131m da tam olarak haberleri. \u015eunu anlayam\u0131yorum, kad\u0131nlar\u0131n da bunu d\u00fc\u015f\u00fcnmesini istiyorum; o aldat\u0131lm\u0131\u015f, zavall\u0131, yuvas\u0131n\u0131 kurtarmaya \u00e7al\u0131\u015fan bir kad\u0131n, ben, pavyoncu, pornocu bir ailenin ahlaks\u0131z k\u0131z\u0131y\u0131m \u00f6yle mi? Bunlar\u0131n hesab\u0131n\u0131 zaten mahkemeler yoluyla soraca\u011f\u0131m. Art\u0131k \u00fczg\u00fcn de\u011fil, \u00e7ok sinirliyim. Bir kad\u0131n d\u00fc\u015f\u00fcn\u00fcn, kocas\u0131n\u0131 evde basm\u0131\u015f uygunsuz \u015fekilde ve bu kad\u0131n susmu\u015f.<br \/>\nBen kendimi banyoya kitlemi\u015fim. \u0130nsanlar diyebilirler ki -ben art\u0131k insanlar\u0131n ne d\u00fc\u015f\u00fcnd\u00fc\u011f\u00fcn\u00fc de d\u00fc\u015f\u00fcnmek zorunday\u0131m, kendimi a\u00e7\u0131klamak i\u00e7in- ne kadar fedakar bir kad\u0131n, b\u00f6yle bir rezilli\u011fi bile kocas\u0131 i\u00e7in kabul edip, susmu\u015f! Diyelim b\u00f6yle yapt\u0131. Peki hangi kad\u0131n b\u00f6yle bir olaydan sonra aldat\u0131ld\u0131\u011f\u0131 s\u00f6ylenen kad\u0131nla 1.5 y\u0131l e\u015finin en yak\u0131n\u0131ndaki kadroda, birlikte \u00e7al\u0131\u015fmas\u0131na g\u00f6z yumar, izin verir? Bunu ak\u0131l, mant\u0131k al\u0131yor mu? Buna inananlar\u0131n da akl\u0131ndan \u015f\u00fcphe ediyorum ben. Bana at\u0131lan \u00e7amur namusla, \u015ferefle alakal\u0131. Benim insanlar\u0131n kar\u015f\u0131s\u0131na ge\u00e7ip, normal bir \u015fekilde konu\u015fmam laz\u0131m. Kendimi anlatmam laz\u0131m. Bas\u0131lmad\u0131\u011f\u0131m\u0131, babam\u0131n pavyoncu olmad\u0131\u011f\u0131n\u0131, benim fahi\u015fe olmad\u0131\u011f\u0131m\u0131, bizim \u00e7ok d\u00fczg\u00fcn, usturuplu bir aile oldu\u011fumuzu benim anlatmam laz\u0131m. Bunlar \u00e7ok zor \u015feyler. Ama bunlar\u0131 ben yapmak zorunday\u0131m. \u00c7\u00fcnk\u00fc anl\u0131yorum ki sadece mahkemelerde hakk\u0131n\u0131 aramak yetmiyor. \u00c7\u0131k\u0131p kamuoyunun kar\u015f\u0131s\u0131na anlatmak da gerekiyor.<\/p>\n<p style=\"text-align: justify;\"><strong>Hayk\u0131r\u0131yorum, a\u015fk mesajlar\u0131m i\u00e7in bana dava a\u00e7s\u0131n<\/strong><\/p>\n<p style=\"text-align: justify;\"><strong>Hakk\u0131n\u0131zda g\u00fcndeme getirilen t\u00fcm bu iddialar\u0131n nedeninin, Canan \u00d6zt\u00fcrk&#8217;\u00fcn ilk e\u015finden olan o\u011fluna, Ya\u015far Nuri \u00d6zt\u00fcrk&#8217;\u00fcn verdi\u011fi bor\u00e7 paray\u0131 geri istemesi nedeniyle oldu\u011funu mu d\u00fc\u015f\u00fcn\u00fcyorsunuz?<\/strong><br \/>\nYa\u015far Nuri \u00d6zt\u00fcrk de bunu s\u00f6yledi; &#8220;Canan \u00d6zt\u00fcrk&#8217;\u00fcn \u00f6nceki e\u015finden olan o\u011fluna 400 bin dolar verdim. Ne hikmetse bunu her istedi\u011fimde bu t\u00fcr \u015fantajlarla, kurgularla, iftiralarla kar\u015f\u0131la\u015f\u0131yorum&#8221; dedi.<br \/>\nBu konuda \u015fantaj davas\u0131 da a\u00e7t\u0131. Bu yapt\u0131\u011f\u0131n\u0131n para i\u00e7in cinayet i\u015fleyen birinin yapt\u0131\u011f\u0131ndan hi\u00e7bir fark\u0131 yoktur. Bir insan para i\u00e7in bunlar\u0131 yapabiliyorsa, bu \u00e7ok \u015feytani bir \u015fey. Buna benim akl\u0131m ermiyor.<\/p>\n<p style=\"text-align: justify;\"><strong>Sizin k\u0131yafetlerinizin oldu\u011funu s\u00f6yl\u00fcyor Canan \u00d6zt\u00fcrk?<\/strong><br \/>\nBen de, &#8220;Bizim partiden bir beyle Canan \u00d6zt\u00fcrk&#8217;\u00fc bir otel odas\u0131nda bast\u0131m, bu bluz de Canan \u00d6zt\u00fcrk&#8217;\u00fcn&#8221; desem&#8230;<br \/>\nK\u0131yafetler \u00e7\u0131karacakm\u0131\u015f, \u00e7\u0131kars\u0131n. Herhalde benim olmayan \u015feylere &#8220;Benim de\u011fil&#8221; diyece\u011fim. O zaman gidip mahkemeye versin.<\/p>\n<p style=\"text-align: justify;\"><strong>Ya\u015far Nuri \u00d6zt\u00fcrk&#8217;e sizin g\u00f6nderdi\u011finiz iddia edilen mesajlar nedir?<\/strong><br \/>\nBenim g\u00f6nderdi\u011fim a\u015fk mesajlar\u0131 varm\u0131\u015f! O konuyla ilgili de bana dava a\u00e7\u0131ls\u0131n, talep ediyorum, hayk\u0131r\u0131yorum.<\/p>\n<p style=\"text-align: justify;\"><strong>Peki bu mesajlar nereden \u00e7\u0131kt\u0131?<\/strong><br \/>\nBabam\u0131n &#8220;pavyoncu&#8221; oldu\u011fu nereden \u00e7\u0131kt\u0131ysa, oradan \u00e7\u0131kt\u0131. Elinde kan\u0131t olan insan dava a\u00e7maz m\u0131? Hem diyorsunuz ki, &#8220;Ben bu ismi korumak istiyorum, \u00e7ok b\u00fcy\u00fck bir isim&#8221;, hem kocan\u0131z\u0131 rezil ediyorsunuz. Siz i\u011fren\u00e7 bir \u015fekilde aldat\u0131lm\u0131\u015fs\u0131n\u0131z, bu hakk\u0131n\u0131z\u0131 mahkemede aram\u0131yorsunuz, ama s\u00fcrekli gazetelerdesiniz, niye? Bir insan buna sorsun, \u015fu yaz\u0131lan mesajlar\u0131 mahkemeye sundunuz mu?<\/p>\n<p style=\"text-align: justify;\"><strong>Bildi\u011fim kadar\u0131yla dilek\u00e7e vermi\u015fti Canan \u00d6zt\u00fcrk dava a\u00e7mak i\u00e7in?<\/strong><br \/>\nDilek\u00e7e, bizim a\u00e7t\u0131\u011f\u0131m\u0131z davalara kar\u015f\u0131 cevap. Bana a\u00e7\u0131lm\u0131\u015f bir dava de\u011fil. Zaten o dilek\u00e7eyi gazetecilere verece\u011fim diye, davaya giremeyip, duru\u015fmay\u0131 ka\u00e7\u0131rd\u0131.<br \/>\nKendine kar\u015f\u0131 a\u00e7\u0131lan davay\u0131. Bu kadar kendini \u015fa\u015f\u0131rm\u0131\u015f. Allah \u015fa\u015f\u0131rtm\u0131\u015f, Allah \u0131slah etsin. Diyecek bir \u015fey bulam\u0131yorum.<\/p>\n<p style=\"text-align: justify;\"><strong>Partide gen\u00e7 kad\u0131nlar\u0131n durmas\u0131 \u00e7ok zor, hepsine sata\u015ft\u0131<\/strong><\/p>\n<p style=\"text-align: justify;\"><strong>Evinize gelmi\u015f, ailenizle yak\u0131n ili\u015fkileri olmu\u015f, sizin parti \u00fcyeli\u011finizden mutlu oldu\u011funu s\u00f6ylemi\u015f Canan \u00d6zt\u00fcrk, neden e\u015fini &#8220;s\u0131k\u0131\u015ft\u0131rmak&#8221; i\u00e7in sizi kullans\u0131n? <\/strong><br \/>\nBunu ben de d\u00fc\u015f\u00fcnd\u00fcm. Davalarda bir-iki ki\u015finin de \u015fahitli\u011fini istedik. Mesela partiden 50-60 ya\u015f\u0131nda adamlar var. Onlara da s\u00fcrekli hakaret ediyordu, &#8220;Ya\u015far Nuri&#8217;nin pe\u015finden gitmeyin, giderseniz siz de &#8230; siniz&#8221; diye. Antalya&#8217;daki evim gece g\u00fcnd\u00fcz ka\u00e7 kere arand\u0131 biliyor musunuz? A\u011f\u0131r hakaretler, duydu\u011funuzda \u015fok olaca\u011f\u0131n\u0131z laflar&#8230; Bunlar partideki baz\u0131 insanlara da yap\u0131ld\u0131. Ben de d\u00fc\u015f\u00fcnd\u00fcm niye ben diye? Ama bu adamlarla Ya\u015far Nuri \u00d6zt\u00fcrk&#8217;\u00fcn &#8220;a\u015fk ili\u015fkisi var&#8221; denilse olmazd\u0131 san\u0131r\u0131m. Bizim toplumumuz buna daha \u00e7ok m\u00fcsait, gen\u00e7, bekar bir kad\u0131n&#8230;<\/p>\n<p style=\"text-align: justify;\"><strong><br \/>\nPartide sizden ba\u015fka gen\u00e7 kad\u0131n yok mu?<\/strong><br \/>\nVar, onlar da gittiler. Partide gen\u00e7 kad\u0131n durmas\u0131 \u00e7ok zor. Hepsine sata\u015f\u0131p, hepsini partiden \u00e7\u0131kartt\u0131rd\u0131. Onlar da u\u011fra\u015fmak istemediler, gittiler. Ama ben ideal u\u011fruna, oradan buradan gelecek engellere g\u00f6\u011f\u00fcs gererim. Diyeceksiniz ki, g\u00f6\u011f\u00fcs gerdin de d\u00fc\u015ft\u00fc\u011f\u00fcn duruma bak, olsun \u00f6nemli de\u011fil. En sonunda hakl\u0131, do\u011fru olan \u00e7\u0131kar. Bu beni gitti\u011fim yoldan geri d\u00f6nd\u00fcrecek bir olay de\u011fil. Bir iddiada bulunuyorsan\u0131z, ispatlamak mecburiyetinde olan sizsiniz. Ben olmad\u0131\u011f\u0131n\u0131 ispatlamak mecburiyetinde de\u011filim.<\/p>\n<p style=\"text-align: justify;\"><strong>Uzun vadeli ma\u011fdur de\u011filim davalar\u0131 kazan\u0131nca bu da bitecek<\/strong><\/p>\n<p style=\"text-align: justify;\">Ben ileride bunlara g\u00fclece\u011fimi d\u00fc\u015f\u00fcn\u00fcyorum. Ama ailem &#8216;Art\u0131k Allah a\u015fk\u0131na T\u00fcrkiye&#8217;ye hizmet edece\u011fim, siyaset yapaca\u011f\u0131m sevdas\u0131ndan vazge\u00e7&#8217; diyor. Arkada\u015flar\u0131m, \u00e7evrem de benzer \u015feyler s\u00f6yl\u00fcyor. Ben bunu diyemem. Ba\u015f\u0131ma bu t\u00fcr k\u00f6t\u00fc \u015feyler geldi diye yolumdan sapmam. T\u00fcrkiye&#8217;de eminim benim gibi bekar, gen\u00e7 olan ve bu tip \u015feyler ya\u015fayanlar var&#8230; \u015e\u00f6yle d\u00fc\u015f\u00fcn\u00fcyorum, uzun vadeli ma\u011fdur ben de\u011filim, benim ma\u011fduriyetim \u00e7ok k\u0131sa vadeli. Ben davalar\u0131 kazand\u0131\u011f\u0131mda benim ma\u011fduriyetim bitecek. 60 ya\u015f\u0131ndan sonra birka\u00e7 kuru\u015f i\u00e7in e\u015fine ihanet edip, hainlik yap\u0131p, iftira uydurup, gazetelere \u00e7\u0131k\u0131p, ikinci kez dul kal\u0131p ve in\u015fallah T\u00fcrkiye taraf\u0131ndan lanetlenecek, insanlar ger\u00e7e\u011fi g\u00f6r\u00fcnce. Benim i\u00e7in ger\u00e7ek ma\u011fdurluk budur.<\/p>\n<p style=\"text-align: justify;\"><span style=\"color: #888888;\">Kaynak : \u015eule T\u00fcrker \/ Vatan Gazetesi<\/span><\/p>\n","protected":false},"excerpt":{"rendered":"<p style=\"text-align: center;\">\n<p style=\"text-align: justify;\"> \u015eahane Sultan M\u00fcft\u00fco\u011flu ad\u0131n\u0131, ge\u00e7en y\u0131l A\u011fustos ay\u0131nda Ya\u015far Nuri \u00d6zt\u00fcrk&#8217;\u00fcn e\u015fi Canan \u00d6zt\u00fcrk&#8217;\u00fcn bir gazeteye verdi\u011fi r\u00f6portajla duydu kamuoyu&#8230;<\/p>\n<p style=\"text-align: justify;\">Canan \u00d6zt\u00fcrk, e\u015finin, dan\u0131\u015fman\u0131 M\u00fcft\u00fco\u011flu ile birlikte oldu\u011funu ima edip, &#8220;Bu fahi\u015felere ge\u00e7it vermeyece\u011fiz. Bu olay ailevi de\u011fil, siyasi bir olay&#8221; dedi. M\u00fcft\u00fco\u011flu&#8217;nun ya\u015f\u0131n\u0131n &#8220;sahtek\u00e2rca&#8221; b\u00fcy\u00fct\u00fclerek, 22 <\/p>\n","protected":false},"author":1,"featured_media":0,"comment_status":"open","ping_status":"closed","sticky":false,"template":"","format":"standard","meta":{"footnotes":""},"categories":[7],"tags":[],"class_list":["post-6905","post","type-post","status-publish","format-standard","hentry","category-ekonomi","odd"],"_links":{"self":[{"href":"http:\/\/www.korhanyilmaz.com\/index.php?rest_route=\/wp\/v2\/posts\/6905","targetHints":{"allow":["GET"]}}],"collection":[{"href":"http:\/\/www.korhanyilmaz.com\/index.php?rest_route=\/wp\/v2\/posts"}],"about":[{"href":"http:\/\/www.korhanyilmaz.com\/index.php?rest_route=\/wp\/v2\/types\/post"}],"author":[{"embeddable":true,"href":"http:\/\/www.korhanyilmaz.com\/index.php?rest_route=\/wp\/v2\/users\/1"}],"replies":[{"embeddable":true,"href":"http:\/\/www.korhanyilmaz.com\/index.php?rest_route=%2Fwp%2Fv2%2Fcomments&post=6905"}],"version-history":[{"count":0,"href":"http:\/\/www.korhanyilmaz.com\/index.php?rest_route=\/wp\/v2\/posts\/6905\/revisions"}],"wp:attachment":[{"href":"http:\/\/www.korhanyilmaz.com\/index.php?rest_route=%2Fwp%2Fv2%2Fmedia&parent=6905"}],"wp:term":[{"taxonomy":"category","embeddable":true,"href":"http:\/\/www.korhanyilmaz.com\/index.php?rest_route=%2Fwp%2Fv2%2Fcategories&post=6905"},{"taxonomy":"post_tag","embeddable":true,"href":"http:\/\/www.korhanyilmaz.com\/index.php?rest_route=%2Fwp%2Fv2%2Ftags&post=6905"}],"curies":[{"name":"wp","href":"https:\/\/api.w.org\/{rel}","templated":true}]}}