{"id":6900,"date":"2009-03-29T08:13:11","date_gmt":"2009-03-29T06:13:11","guid":{"rendered":"http:\/\/www.korhanyilmaz.com\/?p=6900"},"modified":"2009-03-29T08:13:11","modified_gmt":"2009-03-29T06:13:11","slug":"ispanyollar-%e2%80%98aman%e2%80%99-vermedi","status":"publish","type":"post","link":"http:\/\/www.korhanyilmaz.com\/?p=6900","title":{"rendered":"\u0130spanyollar \u2018aman\u2019 vermedi"},"content":{"rendered":"<p style=\"text-align: center;\"><img loading=\"lazy\" decoding=\"async\" class=\"aligncenter size-full wp-image-6901\" title=\"\u0130spanyollar \u2018aman\u2019 vermedi \" src=\"http:\/\/www.korhanyilmaz.com\/wp-content\/uploads\/2009\/03\/290320090541340902778.jpg\" alt=\"\u0130spanyollar \u2018aman\u2019 vermedi \" width=\"329\" height=\"210\" \/><\/p>\n<p style=\"text-align: justify;\"><strong>Terim reklamlarda &#8216;Amans\u0131z ol&#8217; dedi ama Bernabeu&#8217;da 45 dakika ayakta kalabildik<\/strong>.<\/p>\n<p style=\"text-align: justify;\">Ma\u00e7\u0131n hakk\u0131 beraberlikti. \u0130ki pozisyonumuzu 5 ve 7. dakikalarda bulduk, sonra durduk. \u0130spanya da ah\u0131m \u015fah\u0131m oynamad\u0131 ama tek hatam\u0131z\u0131 60&#8217;ta Pique ile cezaland\u0131rd\u0131. Art\u0131k her\u015fey Sami Yen&#8217;e kald\u0131.<\/p>\n<p style=\"text-align: justify;\">25 y\u0131l \u00f6nceydi. Real Madrid, UEFA Kupas\u0131&#8217;nda M\u00f6nchengladbach&#8217;a 5-1 yenilmi\u015fti. TRT&#8217;den zevkle izlemi\u015ftik ma\u00e7\u0131. Ama Bernabeu Stad\u0131&#8217;ndaki r\u00f6van\u015f\u0131 TRT yay\u0131nlamad\u0131.  Hele de r\u00f6van\u015f\u0131 Real 90 art\u0131 bilmem ka\u00e7ta Santillana&#8217;n\u0131n att\u0131\u011f\u0131 golle, ki kendisi bizzat Bernabeu&#8217;nun ke\u015ffidir, 4-0 kazan\u0131nca k\u0131zm\u0131\u015ft\u0131k. Bu ma\u00e7 da yay\u0131nlanmaz m\u0131 diye! Y\u0131llar sonra ger\u00e7e\u011fi \u00f6\u011frendik. Me\u011ferse \u0130spanyollar, yabanc\u0131lara yay\u0131n hakk\u0131 vermemi\u015f. Bernabeu&#8217;yu Almanlar&#8217;a nas\u0131l zehir ettiklerinin izlenmesini istememi\u015fler.<!--more--><\/p>\n<p style=\"text-align: justify;\">NEYSE Terim&#8217;in a\u00e7\u0131klad\u0131\u011f\u0131 kadroyu g\u00f6r\u00fcnce \u015fa\u015f\u0131rd\u0131m.. \u00c7ift de\u011fil 4 forvet vard\u0131. Tuncay ve Arda, ak\u0131llar\u0131nda h\u00fccumdan ba\u015fka \u015fey olmayan 2 adamd\u0131.<\/p>\n<p style=\"text-align: justify;\">OLAYA k\u00f6t\u00fcmser bakanlar da vard\u0131. Eee, rakip \u0130spanya&#8217;yd\u0131. Yenilmiyordu, herkesi yeniyordu ve Avrupa \u015fampiyonuydu. Ne var ki o k\u00f6t\u00fcmserler bile ma\u00e7 ba\u015flay\u0131nca heyecanland\u0131lar. 5. dakikada agresif h\u00fccum denemelerimizin verimli olaca\u011f\u0131 sinyalini ald\u0131k. Tuncay s\u00f6ke s\u00f6ke topu al\u0131p g\u00f6t\u00fcrd\u00fc. Pas\u0131nda Nihat sa\u011f \u00e7aprazdan vurdu. Hakeme g\u00f6re do\u011frudan, bize g\u00f6re Casillas&#8217;\u0131n dokunu\u015fuyla top d\u0131\u015far\u0131 gitti. 7&#8217;de Tuncay, bu kez Semih&#8217;e uzatt\u0131. Onun \u015f\u0131k vuru\u015funda d\u00fcnyan\u0131n b\u00fcy\u00fck kalecilerinden Casillas ba\u015far\u0131l\u0131yd\u0131.<\/p>\n<p style=\"text-align: justify;\">PRES\u0130M\u0130Z\u0130 devam ettirirken rakibin h\u00fccumlar\u0131n\u0131n en az hasarl\u0131 olmas\u0131n\u0131 sa\u011flad\u0131k. \u0130stedi\u011fimiz oluyor ve \u0130spanyollar&#8217;\u0131n aya\u011fa paslar\u0131 hep etkisiz noktalarda s\u0131k\u0131\u015f\u0131yordu. \u00d6yle ilk yar\u0131n\u0131n sonlar\u0131na do\u011fru \u0130spanyol taraftarlar, pasla\u015fmalar\u0131n\u0131 zoraki bir oleyle kutlamaya \u00e7al\u0131\u015ft\u0131. Gayrete getirmeye \u00e7al\u0131\u015f\u0131yorlard\u0131 tak\u0131mlar\u0131n\u0131. Ama 42&#8217;de biz at\u0131yorduk gol\u00fc. Yine Tuncay harika bir ara pas\u0131yla Arda&#8217;y\u0131 ka\u00e7\u0131rd\u0131. Arda ile kale aras\u0131nda bir Casillas vard\u0131. Ama topu kontrol edemedi. Kar\u015f\u0131l\u0131\u011f\u0131nda Torres&#8217;in \u015futunu Volkan \u00e7\u0131kar\u0131yordu.<\/p>\n<p style=\"text-align: justify;\">2. yar\u0131da her \u015fey t\u0131k\u0131r t\u0131k\u0131r giderken fuzuli bir \u00f6l\u00fc top gol\u00fcn\u00fc kalede g\u00f6rd\u00fck. 60&#8217;ta Xavi&#8217;nin kulland\u0131\u011f\u0131 serbest at\u0131\u015fa uzak direkte Ramos dokundu. Pique \u00f6n\u00fcne d\u00fc\u015fen topa dokundu. Volkan&#8217;\u0131n gayreti bo\u015fayd\u0131: 1-0.<\/p>\n<p style=\"text-align: justify;\">SONRASINDA i\u015fler onlar\u0131n istedi\u011fi hale geldi. O durumda bile pozisyon vermedik. Ama biz de etkili olamad\u0131k. Tuncay ve Arda \u00e7ok yoruldu. Ramos ise tam tersi her bindirmede sanki enerji kazand\u0131. Ve Almanya ma\u00e7\u0131ndan sonra bir kez daha rakipten daha k\u00f6t\u00fc oynamad\u0131\u011f\u0131m\u0131z bir b\u00fcy\u00fck ma\u00e7\u0131 kaybettik.<\/p>\n<p style=\"text-align: justify;\"><span style=\"color: #888888;\">Kaynak : Mert Ayd\u0131n &#8211; Vatan Gazetesi<\/span><\/p>\n<p style=\"text-align: justify;\">\n","protected":false},"excerpt":{"rendered":"<p style=\"text-align: center;\">\n<p style=\"text-align: justify;\">Terim reklamlarda &#8216;Amans\u0131z ol&#8217; dedi ama Bernabeu&#8217;da 45 dakika ayakta kalabildik.<\/p>\n<p style=\"text-align: justify;\">Ma\u00e7\u0131n hakk\u0131 beraberlikti. \u0130ki pozisyonumuzu 5 ve 7. dakikalarda bulduk, sonra durduk. \u0130spanya da ah\u0131m \u015fah\u0131m oynamad\u0131 ama tek hatam\u0131z\u0131 60&#8217;ta Pique ile cezaland\u0131rd\u0131. Art\u0131k her\u015fey Sami Yen&#8217;e kald\u0131.<\/p>\n<p style=\"text-align: justify;\">25 y\u0131l \u00f6nceydi. Real Madrid, UEFA <\/p>\n","protected":false},"author":1,"featured_media":0,"comment_status":"open","ping_status":"closed","sticky":false,"template":"","format":"standard","meta":{"footnotes":""},"categories":[42],"tags":[],"class_list":["post-6900","post","type-post","status-publish","format-standard","hentry","category-spor","odd"],"_links":{"self":[{"href":"http:\/\/www.korhanyilmaz.com\/index.php?rest_route=\/wp\/v2\/posts\/6900","targetHints":{"allow":["GET"]}}],"collection":[{"href":"http:\/\/www.korhanyilmaz.com\/index.php?rest_route=\/wp\/v2\/posts"}],"about":[{"href":"http:\/\/www.korhanyilmaz.com\/index.php?rest_route=\/wp\/v2\/types\/post"}],"author":[{"embeddable":true,"href":"http:\/\/www.korhanyilmaz.com\/index.php?rest_route=\/wp\/v2\/users\/1"}],"replies":[{"embeddable":true,"href":"http:\/\/www.korhanyilmaz.com\/index.php?rest_route=%2Fwp%2Fv2%2Fcomments&post=6900"}],"version-history":[{"count":0,"href":"http:\/\/www.korhanyilmaz.com\/index.php?rest_route=\/wp\/v2\/posts\/6900\/revisions"}],"wp:attachment":[{"href":"http:\/\/www.korhanyilmaz.com\/index.php?rest_route=%2Fwp%2Fv2%2Fmedia&parent=6900"}],"wp:term":[{"taxonomy":"category","embeddable":true,"href":"http:\/\/www.korhanyilmaz.com\/index.php?rest_route=%2Fwp%2Fv2%2Fcategories&post=6900"},{"taxonomy":"post_tag","embeddable":true,"href":"http:\/\/www.korhanyilmaz.com\/index.php?rest_route=%2Fwp%2Fv2%2Ftags&post=6900"}],"curies":[{"name":"wp","href":"https:\/\/api.w.org\/{rel}","templated":true}]}}