{"id":6860,"date":"2009-03-28T18:39:03","date_gmt":"2009-03-28T16:39:03","guid":{"rendered":"http:\/\/www.korhanyilmaz.com\/?p=6860"},"modified":"2009-03-28T18:39:03","modified_gmt":"2009-03-28T16:39:03","slug":"eksiklik-varsa-tespit-edilecek","status":"publish","type":"post","link":"http:\/\/www.korhanyilmaz.com\/?p=6860","title":{"rendered":"&#039;Eksiklik varsa tespit edilecek&#039;"},"content":{"rendered":"<p><img loading=\"lazy\" decoding=\"async\" class=\"aligncenter size-full wp-image-6861\" title=\"'Eksiklik varsa tespit edilecek' \" src=\"http:\/\/www.korhanyilmaz.com\/wp-content\/uploads\/2009\/03\/280320091845366856125.jpg\" alt=\"'Eksiklik varsa tespit edilecek' \" width=\"320\" height=\"100\" \/><\/p>\n<p style=\"text-align: justify;\"><strong>Ba\u015fbakan Recep Tayyip Erdo\u011fan, enkaz\u0131n bulunmas\u0131ndan sonra bir a\u00e7\u0131klama yapt\u0131<\/strong><\/p>\n<p style=\"text-align: justify;\">Ba\u015fbakan Recep Tayyip Erdo\u011fan, AKP \u0130stanbul \u0130l Merkezi&#8217;nde d\u00fczenledi\u011fi bas\u0131n toplant\u0131s\u0131nda BBP helikopterinin d\u00fc\u015fmesi ile Meclis Ara\u015ft\u0131rma \u00d6nergesi vereceklerini s\u00f6yledi.<\/p>\n<p style=\"text-align: justify;\"><strong>KAYIP \u0130HA MUHAB\u0130R\u0130 ARANIYOR<\/strong><\/p>\n<p style=\"text-align: justify;\">\u0130smail G\u00fcne\u015f&#8217;in bulunmas\u0131 i\u00e7in arama \u00e7al\u0131\u015fmas\u0131 devam ediyor. Sizin de yak\u0131ndan takip etti\u011finiz gibi kazan\u0131n duyuldu\u011fu andan ba\u015flayarak devletimizin b\u00fct\u00fcn imkanlar\u0131 seferber edilmi\u015ftir. Bu \u00e7er\u00e7evede \u0130\u00e7i\u015fleri Bakan\u0131&#8217;m\u0131 bizzat kaza ak\u015fam\u0131 Kahramanmara\u015f, G\u00f6ksun&#8217;a g\u00f6ndermek suretiyle, Sa\u011fl\u0131k, Ula\u015ft\u0131rma Bakanl\u0131\u011f\u0131, Emniyet ve Sivil kurumlar\u0131m\u0131z\u0131n gayretli \u00e7al\u0131\u015fmalar\u0131na hepimiz \u015fahit olduk.<!--more--><\/p>\n<p style=\"text-align: justify;\">B\u00f6lgenin \u00e7etin hava ko\u015fullar\u0131n\u0131 burada tekrar hat\u0131rlatmak istiyorum. T\u00fcm bu olumsuz \u015fartlara ra\u011fmen arama ve kurtarma \u00e7al\u0131\u015fmalar\u0131 ola\u011fan\u00fcst\u00fc gayretlerle s\u00fcrd\u00fcr\u00fclm\u00fc\u015ft\u00fcr. T\u00fcm bu olumsuz ko\u015fullara ra\u011fmen \u00e7al\u0131\u015fmalar\u0131 s\u00fcrd\u00fcren 2 bini a\u015fk\u0131n Mehmet\u00e7i\u011fimize, polisimize, k\u00f6y korucular\u0131m\u0131za, halk\u0131m\u0131za ayr\u0131 ayr\u0131 te\u015fekk\u00fcr ediyorum.<\/p>\n<p style=\"text-align: justify;\"><strong>ARAMADA \u00c7ALI\u015eMALARINDA EKS\u0130K VARSA TESP\u0130T ED\u0130LECEK<\/strong><\/p>\n<p style=\"text-align: justify;\">T\u00fcm insan\u00fcst\u00fc gayretlerimize ra\u011fmen arama kurtarma \u00e7al\u0131\u015fmas\u0131n\u0131n arzu edilen neticeye ula\u015famad\u0131\u011f\u0131 da, daha h\u0131zl\u0131 bulmak anlam\u0131nda s\u00f6yl\u00fcyorum, t\u00fcm a\u015famalar\u0131n, varsa ihmal ve eksiklerin ara\u015ft\u0131r\u0131lmas\u0131 i\u00e7in yetkili birimlerimize talimat verdim. Devletimizin bu \u00e7e\u015fit olabilecek olaylarda kabiliyetinin art\u0131r\u0131lmas\u0131, varsa yap\u0131lacak ilave tedbirlerin eklenmesi i\u00e7in Meclis Ara\u015ft\u0131rmas\u0131 \u00d6nergesi sunuyoruz.<\/p>\n<p style=\"text-align: justify;\">Bizzat Kahramanmara\u015f&#8217;a giderek bilgi ald\u0131m. Devletimizin t\u00fcm kurumlar\u0131, BBP camias\u0131, g\u00f6n\u00fcll\u00fc vatanda\u015flar\u0131m\u0131z aras\u0131nda uyumlu bir \u00e7al\u0131\u015fma oldu. BBP camias\u0131na, ailelere, \u00f6zellikle kendi ailesine, Muhsin Bey&#8217;in kay\u0131nbiraderinin partimden milletvekili olmas\u0131, Muhsin Bey&#8217;in ailesinin sa\u011fduyulu yakla\u015f\u0131m\u0131 her t\u00fcrla taktirin \u00fcst\u00fcnderi. Biz bu olayla birlikte dayan\u0131\u015fma ruhunun ne kadar \u00f6nemli oldu\u011funu bir kez daha g\u00f6rd\u00fck.<\/p>\n<p style=\"text-align: justify;\"><strong>MEDYAYA Y\u00dcKLEND\u0130<\/strong><\/p>\n<p style=\"text-align: justify;\">\u00dcz\u00fclerek belirtmek isterim ki kurtarma \u00e7al\u0131\u015fmalar\u0131 a\u015famas\u0131nda bilgi vermeye \u00e7al\u0131\u015fan bas\u0131n kurulu\u015flar\u0131m\u0131zdan bir k\u0131sm\u0131 insani olarak yeterli duyarl\u0131l\u0131\u011f\u0131 g\u00f6stermemi\u015ftir. Yine de duyarl\u0131l\u0131k g\u00f6sterenlere te\u015fekk\u00fcr ederim. Hat\u0131rlarsan\u0131z yak\u0131n zamanda Hollanda&#8217;da bir kaza olmu\u015ftu. Ka\u00e7 g\u00fcn ge\u00e7ti oradaki yetkililer teknik bir a\u00e7\u0131klama yapmad\u0131lar. Ne i\u00e7in? \u00c7\u00fcnk\u00fc b\u00fct\u00fcn teknik \u00e7al\u0131\u015fmalar bitecek ki, do\u011frular a\u00e7\u0131klans\u0131n, de\u011ferlendirmeler do\u011fru yap\u0131ls\u0131n. Asl\u0131 astar\u0131 olmayan de\u011ferlendirme yapmak insan\u0131m\u0131z\u0131n olaya bak\u0131\u015f\u0131n\u0131 yanl\u0131\u015f de\u011ferlendirmesine yol a\u00e7ar. Bunlar\u0131 ortadan kald\u0131rmak laz\u0131m. Bu t\u00fcr olaylar siyasi ranta d\u00f6n\u00fc\u015ft\u00fcr\u00fclmemeli. Bunun gayreti i\u00e7inde olmak bizleri \u00fcz\u00fcyor. Olay\u0131n \u015fu anki ma\u011fdurlar\u0131ndan bu t\u00fcr bir ses \u00e7\u0131kmazken, baz\u0131 medya \u00e7evrelerinin olaya b\u00f6yle yakla\u015fmas\u0131 bizi \u00fczm\u00fc\u015ft\u00fcr.<\/p>\n<p style=\"text-align: justify;\">Bizler kaza ve kadere inanm\u0131\u015f bir inanc\u0131n mensuplar\u0131y\u0131z. \u00d6l\u00fcm kimi nerede yakalayacak belli de\u011fildir. \u00d6ld\u00fc\u011f\u00fcm\u00fczde milletimizin g\u00f6n\u00fcllerinde b\u0131rakt\u0131\u011f\u0131m\u0131z izlerle an\u0131laca\u011f\u0131z. Baki kalan bu kubbede ho\u015f bir sedaym\u0131\u015f s\u00f6z\u00fcndeki gibi. \u00d6ld\u00fckten sonra onu iyi anmak de\u011fil, ya\u015fam\u0131nda nas\u0131l davrand\u0131n\u0131z. Muhsin Bey, her zaman bir er ki\u015fi olarak an\u0131lacakt\u0131r. Farkl\u0131 partilerde olsak da karde\u015fimiz, dostumuz birisidir.<\/p>\n<p style=\"text-align: justify;\">Bir kez daha \u00f6lenlere Allah&#8217;tan rahmet, yak\u0131nlar\u0131na, milletimize ba\u015fsa\u011fl\u0131\u011f\u0131 diliyorum.<\/p>\n<p style=\"text-align: justify;\"><strong>CENAZE T\u00d6REN\u0130 \u0130\u00c7\u0130N SALI G\u00dcN\u00dc D\u00dc\u015e\u00dcN\u00dcL\u00dcYOR<\/strong><\/p>\n<p style=\"text-align: justify;\">Cenaze t\u00f6reni i\u00e7in Sal\u0131 g\u00fcn\u00fc d\u00fc\u015f\u00fcn\u00fcl\u00fcyor.<\/p>\n<p style=\"text-align: justify;\"><span style=\"color: #888888;\">Kaynak : Vatan Gazetesi<\/span><\/p>\n","protected":false},"excerpt":{"rendered":"<\/p>\n<p style=\"text-align: justify;\">Ba\u015fbakan Recep Tayyip Erdo\u011fan, enkaz\u0131n bulunmas\u0131ndan sonra bir a\u00e7\u0131klama yapt\u0131<\/p>\n<p style=\"text-align: justify;\">Ba\u015fbakan Recep Tayyip Erdo\u011fan, AKP \u0130stanbul \u0130l Merkezi&#8217;nde d\u00fczenledi\u011fi bas\u0131n toplant\u0131s\u0131nda BBP helikopterinin d\u00fc\u015fmesi ile Meclis Ara\u015ft\u0131rma \u00d6nergesi vereceklerini s\u00f6yledi.<\/p>\n<p style=\"text-align: justify;\">KAYIP \u0130HA MUHAB\u0130R\u0130 ARANIYOR<\/p>\n<p style=\"text-align: justify;\">\u0130smail G\u00fcne\u015f&#8217;in bulunmas\u0131 i\u00e7in arama \u00e7al\u0131\u015fmas\u0131 devam ediyor. Sizin de yak\u0131ndan takip <\/p>\n","protected":false},"author":1,"featured_media":0,"comment_status":"open","ping_status":"closed","sticky":false,"template":"","format":"standard","meta":{"footnotes":""},"categories":[105],"tags":[],"class_list":["post-6860","post","type-post","status-publish","format-standard","hentry","category-gundem","odd"],"_links":{"self":[{"href":"http:\/\/www.korhanyilmaz.com\/index.php?rest_route=\/wp\/v2\/posts\/6860","targetHints":{"allow":["GET"]}}],"collection":[{"href":"http:\/\/www.korhanyilmaz.com\/index.php?rest_route=\/wp\/v2\/posts"}],"about":[{"href":"http:\/\/www.korhanyilmaz.com\/index.php?rest_route=\/wp\/v2\/types\/post"}],"author":[{"embeddable":true,"href":"http:\/\/www.korhanyilmaz.com\/index.php?rest_route=\/wp\/v2\/users\/1"}],"replies":[{"embeddable":true,"href":"http:\/\/www.korhanyilmaz.com\/index.php?rest_route=%2Fwp%2Fv2%2Fcomments&post=6860"}],"version-history":[{"count":0,"href":"http:\/\/www.korhanyilmaz.com\/index.php?rest_route=\/wp\/v2\/posts\/6860\/revisions"}],"wp:attachment":[{"href":"http:\/\/www.korhanyilmaz.com\/index.php?rest_route=%2Fwp%2Fv2%2Fmedia&parent=6860"}],"wp:term":[{"taxonomy":"category","embeddable":true,"href":"http:\/\/www.korhanyilmaz.com\/index.php?rest_route=%2Fwp%2Fv2%2Fcategories&post=6860"},{"taxonomy":"post_tag","embeddable":true,"href":"http:\/\/www.korhanyilmaz.com\/index.php?rest_route=%2Fwp%2Fv2%2Ftags&post=6860"}],"curies":[{"name":"wp","href":"https:\/\/api.w.org\/{rel}","templated":true}]}}