{"id":6842,"date":"2009-03-28T09:55:49","date_gmt":"2009-03-28T07:55:49","guid":{"rendered":"http:\/\/www.korhanyilmaz.com\/?p=6842"},"modified":"2009-03-28T09:55:49","modified_gmt":"2009-03-28T07:55:49","slug":"yaz-saati-uygulamasi-bu-gece-basliyor","status":"publish","type":"post","link":"http:\/\/www.korhanyilmaz.com\/?p=6842","title":{"rendered":"Yaz saati uygulamas\u0131 bu gece ba\u015fl\u0131yor"},"content":{"rendered":"<p><img loading=\"lazy\" decoding=\"async\" class=\"aligncenter size-full wp-image-6865\" src=\"http:\/\/www.korhanyilmaz.com\/wp-content\/uploads\/2009\/03\/clock.jpg\" alt=\"\" width=\"196\" height=\"156\" \/><\/p>\n<p style=\"text-align: justify;\">G\u00fcn \u0131\u015f\u0131\u011f\u0131ndan daha fazla yararlanmak amac\u0131yla her y\u0131l yap\u0131lan ileri saat (yaz saati) uygulamas\u0131 kapsam\u0131nda, b\u00fct\u00fcn yurtta saatler, <strong>bu gece saat 03.00&#8217;ten itibaren bir saat ileri al\u0131nacak&#8230;<\/strong> <img loading=\"lazy\" decoding=\"async\" src=\"http:\/\/img.sabah.com.tr\/i3\/sp.gif\" alt=\"\" width=\"1\" height=\"1\" \/> Bakanlar Kurulu karar\u0131yla b\u00fct\u00fcn yurtta saatler yerel se\u00e7imlerin de yap\u0131laca\u011f\u0131 gece saat 03.00&#8217;ten itibaren bir saat ileri al\u0131nacak.<br \/>\n25 Ekim 2009 Pazar g\u00fcn\u00fc de saatler 04.00&#8217;ten itibaren bir saat geri al\u0131nacak.<!--more-->\n<\/p>\n<p style=\"text-align: justify;\">Yaz saati uygulamas\u0131, \u00e7al\u0131\u015fma saatlerinin g\u00fcn\u00fcn g\u00fcne\u015fli b\u00f6l\u00fcm\u00fcne al\u0131nmas\u0131 suretiyle, g\u00fcn \u0131\u015f\u0131\u011f\u0131ndan daha fazla yararlan\u0131lmas\u0131, elektrik enerjisinin ayd\u0131nlatmada kullan\u0131lan b\u00f6l\u00fcm\u00fcnden tasarruf sa\u011flanmas\u0131 amac\u0131n\u0131 ta\u015f\u0131yor. Ayr\u0131ca, yaz saati uygulamas\u0131yla, ak\u015fam saatlerinde en y\u00fcksek de\u011ferine ula\u015fan enerji talebinin (puant g\u00fcc\u00fc) azalt\u0131lmas\u0131 hedefleniyor.<\/p>\n<p style=\"text-align: justify;\">697 say\u0131l\u0131 Kanunun 3097 say\u0131l\u0131 Kanunla de\u011fi\u015fik 2. maddesi, &#8221;Greenwich&#8217;e g\u00f6re 30. derecede bulunan boylam dairesi b\u00fct\u00fcn T\u00fcrkiye Cumhuriyeti saatleri i\u00e7in esas al\u0131n\u0131yor. Ayr\u0131ca ba\u015flang\u0131\u00e7 ve biti\u015f tarihleri belirtilmek ve bir saati a\u015fmamak \u015fart\u0131yla yaz saati uygulamaya Bakanlar Kurulu yetkilidir&#8221; h\u00fckm\u00fc gere\u011fince, yaz saati uygulamas\u0131n\u0131n ba\u015flang\u0131\u00e7 ve biti\u015f tarihleri Bakanlar Kurulu karar\u0131yla belirleniyor.<\/p>\n<p style=\"text-align: justify;\">Ge\u00e7mi\u015f y\u0131llara bak\u0131ld\u0131\u011f\u0131nda yaz saati uygulamas\u0131, AB \u00fclkeleriyle birlikte mart ay\u0131n\u0131n son pazar g\u00fcn\u00fc ba\u015flay\u0131p, ekim ay\u0131n\u0131n son pazar g\u00fcn\u00fc bitiyor. Yaz saati uygulamas\u0131yla, her y\u0131l, &#8221;orta \u00f6l\u00e7ekli&#8221; bir hidroelektrik santralinin y\u0131ll\u0131k \u00fcretimi kadar tasarruf sa\u011flan\u0131yor. \u0130leri saat uygulamas\u0131yla i\u015fe erken ba\u015flamak ve \u00e7\u0131kmak, ayd\u0131nlatma, \u0131s\u0131tma, so\u011futma a\u00e7\u0131s\u0131ndan \u00f6nem ta\u015f\u0131yor. TE\u0130A\u015e&#8217;nin hesaplar\u0131na g\u00f6re, yaz saati uygulamas\u0131 ile y\u0131ll\u0131k 500-600 milyon kilovat saat (kWh) tasarruf sa\u011flan\u0131yor.<\/p>\n","protected":false},"excerpt":{"rendered":"<\/p>\n<p style=\"text-align: justify;\">G\u00fcn \u0131\u015f\u0131\u011f\u0131ndan daha fazla yararlanmak amac\u0131yla her y\u0131l yap\u0131lan ileri saat (yaz saati) uygulamas\u0131 kapsam\u0131nda, b\u00fct\u00fcn yurtta saatler, bu gece saat 03.00&#8217;ten itibaren bir saat ileri al\u0131nacak&#8230; Bakanlar Kurulu karar\u0131yla b\u00fct\u00fcn yurtta saatler yerel se\u00e7imlerin de yap\u0131laca\u011f\u0131 gece saat 03.00&#8217;ten itibaren bir saat ileri al\u0131nacak. 25 Ekim 2009 Pazar g\u00fcn\u00fc de saatler <\/p>\n","protected":false},"author":1,"featured_media":0,"comment_status":"open","ping_status":"closed","sticky":false,"template":"","format":"standard","meta":{"footnotes":""},"categories":[105],"tags":[],"class_list":["post-6842","post","type-post","status-publish","format-standard","hentry","category-gundem","odd"],"_links":{"self":[{"href":"http:\/\/www.korhanyilmaz.com\/index.php?rest_route=\/wp\/v2\/posts\/6842","targetHints":{"allow":["GET"]}}],"collection":[{"href":"http:\/\/www.korhanyilmaz.com\/index.php?rest_route=\/wp\/v2\/posts"}],"about":[{"href":"http:\/\/www.korhanyilmaz.com\/index.php?rest_route=\/wp\/v2\/types\/post"}],"author":[{"embeddable":true,"href":"http:\/\/www.korhanyilmaz.com\/index.php?rest_route=\/wp\/v2\/users\/1"}],"replies":[{"embeddable":true,"href":"http:\/\/www.korhanyilmaz.com\/index.php?rest_route=%2Fwp%2Fv2%2Fcomments&post=6842"}],"version-history":[{"count":0,"href":"http:\/\/www.korhanyilmaz.com\/index.php?rest_route=\/wp\/v2\/posts\/6842\/revisions"}],"wp:attachment":[{"href":"http:\/\/www.korhanyilmaz.com\/index.php?rest_route=%2Fwp%2Fv2%2Fmedia&parent=6842"}],"wp:term":[{"taxonomy":"category","embeddable":true,"href":"http:\/\/www.korhanyilmaz.com\/index.php?rest_route=%2Fwp%2Fv2%2Fcategories&post=6842"},{"taxonomy":"post_tag","embeddable":true,"href":"http:\/\/www.korhanyilmaz.com\/index.php?rest_route=%2Fwp%2Fv2%2Ftags&post=6842"}],"curies":[{"name":"wp","href":"https:\/\/api.w.org\/{rel}","templated":true}]}}