{"id":684,"date":"2008-08-16T10:50:21","date_gmt":"2008-08-16T07:50:21","guid":{"rendered":"http:\/\/www.korhanyilmaz.com\/?p=684"},"modified":"2008-08-16T10:50:21","modified_gmt":"2008-08-16T07:50:21","slug":"ruslar-gurcistan%e2%80%99i-bolmeye-and-icti","status":"publish","type":"post","link":"http:\/\/www.korhanyilmaz.com\/?p=684","title":{"rendered":"Ruslar G\u00fcrcistan\u2019\u0131 b\u00f6lmeye and i\u00e7ti"},"content":{"rendered":"<p style=\"text-align: center;\"><img loading=\"lazy\" decoding=\"async\" class=\"size-full wp-image-685 aligncenter\" title=\"150820082217223465889\" src=\"http:\/\/www.korhanyilmaz.com\/wp-content\/uploads\/2008\/08\/150820082217223465889.jpg\" alt=\"\" width=\"193\" height=\"102\" \/><\/p>\n<p style=\"text-align: justify;\">Rus y\u00f6netimi sava\u015f\u0131n en \u00f6nemli cepheleri olan Abhazya ve G\u00fcney Osetya i\u00e7in ba\u011f\u0131ms\u0131zl\u0131k istedi, ABD&#8217;nin yan\u0131t\u0131 sert oldu.<\/p>\n<p style=\"text-align: justify;\">Rusya D\u0131\u015fi\u015fleri Bakan\u0131 Sergey Lavrov&#8217;un, &#8220;Bundan sonra G\u00fcrcistan&#8217;\u0131n toprak b\u00fct\u00fcnl\u00fc\u011f\u00fc diye bir \u015fey s\u00f6z konusu olamaz. Bunu unutun&#8221; \u015feklindeki sert s\u00f6zlerinin ard\u0131ndan Rusya, G\u00fcrcistan&#8217;\u0131 b\u00f6lmek i\u00e7in d\u00fc\u011fmeye bast\u0131. Rus bas\u0131n\u0131nda \u00e7\u0131kan haberlere g\u00f6re Devlet Ba\u015fkan\u0131 Dimitri Medvedev, G\u00fcrcistan&#8217;\u0131n \u00f6zerk b\u00f6lgeleri G\u00fcney Osetya ve Abhazya&#8217;n\u0131n liderleriyle bir araya geldi\u011fi g\u00f6r\u00fc\u015fmede her iki lidere de &#8220;ba\u011f\u0131ms\u0131zl\u0131k&#8221; s\u00f6z\u00fc verdi. Her iki b\u00f6lge de ba\u011f\u0131ms\u0131zl\u0131\u011f\u0131n\u0131 ilan ett\u011fi anda Rusya&#8217;n\u0131n tan\u0131yaca\u011f\u0131n\u0131 s\u00f6yledi. ABD&#8217;nin d\u00fcn Polonya ile f\u00fcze kalkan\u0131 projesi konusunda uzla\u015fmas\u0131n\u0131n ard\u0131ndan G\u00fcrcistan konusunda Rus-Amerikan restle\u015fmesi de sertle\u015ferek devam etti. <!--more--><\/p>\n<p style=\"text-align: justify;\">Birlik ihtimali yok<\/p>\n<p style=\"text-align: justify;\">Almanya Ba\u015fbakan\u0131 Angela Merkel ile bir araya gelen Medvedev ba\u011f\u0131ms\u0131zl\u0131k iddias\u0131n\u0131 do\u011frulad\u0131. Medvedev, G\u00fcney Osetya ve Abhazya&#8217;n\u0131n yeniden G\u00fcrcistan&#8217;\u0131n &#8220;bir par\u00e7as\u0131 olmas\u0131n\u0131n&#8221; s\u00f6z konusu bile olamayaca\u011f\u0131n\u0131 s\u00f6yledi. Rus lider, &#8220;Ne yaz\u0131k ki bu olanlardan sonra Oset ve Abhazlar\u0131n G\u00fcrcistan ile tek devlet i\u00e7inde ya\u015fama ihtimali kalmad\u0131&#8221; diye konu\u015ftu. Medvedev, Rus bar\u0131\u015f g\u00fcc\u00fc askerlerinin G\u00fcney Osetya ve Abhazya halk\u0131n\u0131n &#8220;isteklerini&#8221; g\u00fcvence alt\u0131na alaca\u011f\u0131n\u0131 da belirtti.<\/p>\n<p style=\"text-align: justify;\">Yaln\u0131z b\u0131rakmay\u0131z<\/p>\n<p style=\"text-align: justify;\">ABD Ba\u015fkan\u0131 George Bush&#8217;un buna yan\u0131t\u0131 da ayn\u0131 derecede sert oldu. Bush, halen G\u00fcrcistan&#8217;\u0131n \u00fc\u00e7te birinde hakim olan Rus g\u00fc\u00e7lerinin derhal \u00fclkeyi terk etmesini istedi. ABD ile ihtilafl\u0131 bir ili\u015fkinin ne ABD ne de Rusya&#8217;n\u0131n \u00e7\u0131kar\u0131na oldu\u011funu, So\u011fuk Sava\u015f&#8217;\u0131n bitti\u011fini belirterek &#8220;kabaday\u0131l\u0131k ve g\u00f6zda\u011f\u0131 vermek, 21&#8217;inci y\u00fczy\u0131lda d\u0131\u015f politika y\u00fcr\u00fctmenin kabul edilebilir yolu de\u011fildir&#8221; diye konu\u015ftu. G\u00fcrcistan&#8217;\u0131n toprak b\u00fct\u00fcnl\u00fc\u011f\u00fcne verdi\u011fi deste\u011fi yineledi. Birle\u015fmi\u015f Milletler&#8217;in \u00f6zerk b\u00f6lgeleri G\u00fcrcistan&#8217;\u0131n par\u00e7as\u0131 olarak tan\u0131d\u0131\u011f\u0131n\u0131 da hat\u0131rlatt\u0131. Rusya&#8217;ya, &#8220;G\u00fcrcistan&#8217;\u0131 yaln\u0131z b\u0131rakmaya niyetimiz yok&#8221; diyerek mesaj verdi.<\/p>\n<p style=\"text-align: justify;\"><span style=\"color: #888888;\">Kaynak : Vatan Gazetesi<\/span><\/p>\n","protected":false},"excerpt":{"rendered":"<p style=\"text-align: center;\">\n<p style=\"text-align: justify;\">Rus y\u00f6netimi sava\u015f\u0131n en \u00f6nemli cepheleri olan Abhazya ve G\u00fcney Osetya i\u00e7in ba\u011f\u0131ms\u0131zl\u0131k istedi, ABD&#8217;nin yan\u0131t\u0131 sert oldu.<\/p>\n<p style=\"text-align: justify;\">Rusya D\u0131\u015fi\u015fleri Bakan\u0131 Sergey Lavrov&#8217;un, &#8220;Bundan sonra G\u00fcrcistan&#8217;\u0131n toprak b\u00fct\u00fcnl\u00fc\u011f\u00fc diye bir \u015fey s\u00f6z konusu olamaz. Bunu unutun&#8221; \u015feklindeki sert s\u00f6zlerinin ard\u0131ndan Rusya, G\u00fcrcistan&#8217;\u0131 b\u00f6lmek i\u00e7in d\u00fc\u011fmeye bast\u0131. Rus bas\u0131n\u0131nda <\/p>\n","protected":false},"author":1,"featured_media":0,"comment_status":"open","ping_status":"open","sticky":false,"template":"","format":"standard","meta":{"footnotes":""},"categories":[3],"tags":[],"class_list":["post-684","post","type-post","status-publish","format-standard","hentry","category-dunya","odd"],"_links":{"self":[{"href":"http:\/\/www.korhanyilmaz.com\/index.php?rest_route=\/wp\/v2\/posts\/684","targetHints":{"allow":["GET"]}}],"collection":[{"href":"http:\/\/www.korhanyilmaz.com\/index.php?rest_route=\/wp\/v2\/posts"}],"about":[{"href":"http:\/\/www.korhanyilmaz.com\/index.php?rest_route=\/wp\/v2\/types\/post"}],"author":[{"embeddable":true,"href":"http:\/\/www.korhanyilmaz.com\/index.php?rest_route=\/wp\/v2\/users\/1"}],"replies":[{"embeddable":true,"href":"http:\/\/www.korhanyilmaz.com\/index.php?rest_route=%2Fwp%2Fv2%2Fcomments&post=684"}],"version-history":[{"count":0,"href":"http:\/\/www.korhanyilmaz.com\/index.php?rest_route=\/wp\/v2\/posts\/684\/revisions"}],"wp:attachment":[{"href":"http:\/\/www.korhanyilmaz.com\/index.php?rest_route=%2Fwp%2Fv2%2Fmedia&parent=684"}],"wp:term":[{"taxonomy":"category","embeddable":true,"href":"http:\/\/www.korhanyilmaz.com\/index.php?rest_route=%2Fwp%2Fv2%2Fcategories&post=684"},{"taxonomy":"post_tag","embeddable":true,"href":"http:\/\/www.korhanyilmaz.com\/index.php?rest_route=%2Fwp%2Fv2%2Ftags&post=684"}],"curies":[{"name":"wp","href":"https:\/\/api.w.org\/{rel}","templated":true}]}}