{"id":6834,"date":"2009-03-28T14:15:30","date_gmt":"2009-03-28T12:15:30","guid":{"rendered":"http:\/\/www.korhanyilmaz.com\/?p=6834"},"modified":"2009-03-28T14:15:30","modified_gmt":"2009-03-28T12:15:30","slug":"bombayi-patlattim-annem-lanet-okudu","status":"publish","type":"post","link":"http:\/\/www.korhanyilmaz.com\/?p=6834","title":{"rendered":"&#039;Bombay\u0131 patlatt\u0131m annem lanet okudu&#039;"},"content":{"rendered":"<p style=\"text-align: center;\"><img loading=\"lazy\" decoding=\"async\" class=\"aligncenter size-full wp-image-6835\" src=\"http:\/\/www.korhanyilmaz.com\/wp-content\/uploads\/2009\/03\/diyarbakir_patlama3.jpg\" alt=\"\" width=\"309\" height=\"231\" \/><\/p>\n<p style=\"text-align: justify;\"><strong>Diyarbak\u0131r patlamas\u0131n\u0131n sorumlusundan t\u00fcyler \u00fcrperten a\u00e7\u0131klama<\/strong>.<\/p>\n<p style=\"text-align: justify;\">D\u0130YARBAKIR Ko\u015fuyolu Park\u0131&#8217;nda 3 y\u0131l \u00f6nce 10 ki\u015finin \u00f6l\u00fcm\u00fc, 16 ki\u015finin de yaralanmas\u0131yla sonu\u00e7lanan termos bombas\u0131n\u0131 patlatmaktan tutuklanan \u00fc\u00e7\u00fcnc\u00fc ki\u015fi olan H.T., bombay\u0131 Ko\u015fuyolu Park\u0131&#8217;na kendisinin b\u0131rakt\u0131\u011f\u0131n\u0131 belirtti. Aste\u011fmen olarak askerli\u011fini yaparken izinde Diyarbak\u0131ra geldi\u011fini belirten H.T., &#8220;Polis arac\u0131n\u0131n ge\u00e7i\u015f yerine b\u0131rakt\u0131m.<\/p>\n<p style=\"text-align: justify;\">Eve d\u00f6n\u00fcp balkona \u00e7\u0131kt\u0131m. Polis arac\u0131 bekledi\u011fim s\u0131rada bir ara i\u00e7erisinde bomba bulunan termosun yerinde olmad\u0131\u011f\u0131n\u0131 g\u00f6rd\u00fcm. Nereye gitti\u011fini anlayamad\u0131m. Bunun \u00fczerine bir anl\u0131k kararla d\u00fc\u011fmeye bast\u0131m. Bomba patlad\u0131. Ben balkondan i\u00e7eri girerken, annem balkona \u00e7\u0131kt\u0131. Annem bu i\u015fi yapanlara lanet okuyordu&#8221; dedi.<!--more--><\/p>\n<p style=\"text-align: justify;\">Diyarbak\u0131r&#8217;\u0131n Ba\u011flar \u0130l\u00e7esi Ko\u015fuyolu Park\u0131&#8217;nda 12 Eyl\u00fcl 2006 tarihinde bir termosa yerle\u015ftirilen bomban\u0131n patlamas\u0131 sonucu 7&#8217;si \u00e7ocuk 10 ki\u015finin \u00f6l\u00fcm\u00fc, 16 ki\u015finin de yaralanmas\u0131yla sonu\u00e7lanan olayla ilgili Diyarbak\u0131r Emniyet M\u00fcd\u00fcrl\u00fc\u011f\u00fc ekipleri, 6 ilde 10 ki\u015fiyi g\u00f6zalt\u0131na ald\u0131. 10 \u015f\u00fcpheliden 7&#8217;si polis ve savc\u0131l\u0131k taraf\u0131ndan serbest b\u0131rak\u0131l\u0131rken, \u00f6nceki g\u00fcn bombay\u0131 kendisinin haz\u0131rlad\u0131\u011f\u0131n\u0131 s\u00f6yleyen B.G., ile M.E. tutukland\u0131. Olayla ilgili son \u015f\u00fcpheli ve sald\u0131r\u0131n\u0131n\u0131 planlay\u0131c\u0131s\u0131 oldu\u011fu belirtilen H.T, de polisteki sorgusunun ard\u0131ndan \u00e7\u0131kar\u0131ld\u0131\u011f\u0131 mahkeme taraf\u0131ndan, &#8216;ter\u00f6r \u00f6rg\u00fct\u00fcne \u00fcye olmak, devletin birli\u011fini ve \u00fclke b\u00fct\u00fcnl\u00fc\u011f\u00fcn\u00fc bozmak ve tasarlayarak adam \u00f6ld\u00fcrmek&#8217; su\u00e7lar\u0131ndan tutuklan\u0131p cezaevine konuldu.<\/p>\n<p style=\"text-align: justify;\">Ko\u015fuyolu Park\u0131&#8217;ndaki sald\u0131r\u0131da kullan\u0131lan bombay\u0131 \u00f6nceki g\u00fcn tutuklanan B.G&#8217;nin evinin banyosunda haz\u0131rlad\u0131klar\u0131n\u0131 ve daha sonra foto\u011fraf\u0131n\u0131 \u00e7ektiklerini s\u00f6yleyen H.T., &#8220;Banyonun zemini mozaikti. Olaydan sonra delillerin yok edilmesi i\u00e7in B.G&#8217;ye banyonun fayans yap\u0131lmas\u0131n\u0131 s\u00f6yledim ve para verdim. B.G&#8217;ye ters bir durum olmas\u0131 halinde bu eylemi T\u0130T ad\u0131na internet \u00fczerinden \u00fcstlenmesini s\u00f6yledim. Bu \u015fekilde devlet yapm\u0131\u015f olabilir imaj\u0131 verildi&#8221; dedi.<\/p>\n<p style=\"text-align: justify;\">B.G&#8217;nin ifadesindeki gibi sald\u0131r\u0131n\u0131n polislere y\u00f6nelik oldu\u011funu s\u00f6yleyen H.T., amcas\u0131n\u0131 o\u011flunun PKK&#8217;n\u0131n da\u011f kadrosunda bulundu\u011funu ve bir \u00e7at\u0131\u015fma \u00f6ld\u00fc\u011f\u00fcn\u00fc ve kimsesizler mezarl\u0131\u011f\u0131na g\u00f6m\u00fcld\u00fc\u011f\u00fc i\u00e7in eylem yapma karar\u0131 ald\u0131\u011f\u0131n\u0131 s\u00f6yledi. Bug\u00fcne kadar kimseden bomba e\u011fitimi almad\u0131\u011f\u0131n\u0131 anlatan H.T., sald\u0131r\u0131ya aste\u011fmen olarak g\u00f6rev yapt\u0131\u011f\u0131 birli\u011finden izne geldi\u011fi s\u0131rada ger\u00e7ekle\u015ftirdi\u011fini belirtti.<\/p>\n<p style=\"text-align: justify;\">Sald\u0131r\u0131ya kat\u0131lan B.G., bomban\u0131n kendi evinde haz\u0131rland\u0131\u011f\u0131n\u0131 ancak kendisinin Ko\u015fuyolu Park\u0131&#8217;na g\u00f6t\u00fcrmedi\u011fi y\u00f6n\u00fcndeki ifadesinin do\u011frulayan H.T., &#8220;B.G ile evden ayr\u0131ld\u0131k. Bomban\u0131n i\u00e7inde bulundu\u011fu termos bendeydi. \u0130\u015faret parma\u011f\u0131ma bomban\u0131n patlamamas\u0131 halinde parmak izim kalmamas\u0131 i\u00e7in bant yap\u0131\u015ft\u0131rd\u0131m. \u00dczerime 3-4 g\u00f6mlek giydim. Bu \u015fekilde yapmam\u0131 kimse bana s\u00f6ylemedi. B.G&#8217;yi parkta kaybettim. Bombay\u0131 polis ara\u00e7lar\u0131n\u0131n uygulama yapt\u0131\u011f\u0131 yere koydum. \u00dczerinde bula\u015f\u0131k bezi vard\u0131. Daha sonra girdi\u011fim ara sokakta \u00fczerimdeki g\u00f6mlekleri \u00e7\u0131kart\u0131p, eve gittim. Balkona \u00e7\u0131kt\u0131m. Bir polis arac\u0131n\u0131n bomban\u0131n yan\u0131ndan ge\u00e7ip gitti\u011fini g\u00f6rd\u00fcm. Ben polis arac\u0131n\u0131 bekledi\u011fim s\u0131rada bir ara i\u00e7erisinde bomba bulunan termosun yerinde olmad\u0131\u011f\u0131n\u0131 g\u00f6rd\u00fcm. Nereye gitti\u011fini anlayamad\u0131m. Bunun \u00fczerine bir anl\u0131k kararla d\u00fc\u011fmeye bast\u0131m. Bomba patlad\u0131. Ben balkondan i\u00e7eri girerken, annem balkona \u00e7\u0131kt\u0131. Annem bu i\u015fi yapanlara lanet okuyordu&#8221; dedi.<\/p>\n<p style=\"text-align: justify;\"><strong>\u0130ZM\u0130R&#8217;DEK\u0130 EYLEMLER\u0130 DE BEN YAPTIM<\/strong><\/p>\n<p style=\"text-align: justify;\">Askerli\u011fini yapt\u0131\u011f\u0131 s\u0131rada \u0130zmir&#8217;de 3 eylem yapt\u0131\u011f\u0131n\u0131 anlatan H.T., &#8220;12 May\u0131s 2007 g\u00fcn\u00fc Bornova il\u00e7esi pazar yerinde bisikletin \u00fczerine yerle\u015ftirilen bir bomba b\u0131rakt\u0131m. Bombay\u0131 patlatt\u0131m. Bu eylemdeki amac\u0131m, ertesi g\u00fcn \u0130zmir&#8217;de d\u00fczenlenecek Cumhuriyet mitinglerine kat\u0131l\u0131m\u0131 azaltmakt\u0131. Ayr\u0131ca bir otob\u00fcs dura\u011f\u0131na da bomba koydum. Yaralanan olmad\u0131. \u00dc\u00e7\u00fcnc\u00fc eylemde ise bomba patlamad\u0131. Bornovo&#8217;da 3 ki\u015finin yaraland\u0131\u011f\u0131 patlaman\u0131n ard\u0131ndan g\u00f6zalt\u0131na al\u0131nan ki\u015finin olayla ilgisi yok. Bana benzeyen birini yakalam\u0131\u015flar. Bildi\u011fim kadar\u0131yla o ki\u015fi ceza yedi, \u015fu anda cezaevinde. Ben bu ki\u015fi yakaland\u0131\u011f\u0131nda &#8216;kim bu yakalanan salak&#8217; dedim. Ben bu ki\u015finin haks\u0131z yere ceza almas\u0131ndan dolay\u0131 pi\u015fmanl\u0131k duymad\u0131m&#8221; dedi.<\/p>\n<p style=\"text-align: justify;\"><span style=\"color: #888888;\">Kaynak : Vatan Gazetesi<\/span><\/p>\n<p style=\"text-align: justify;\">\n","protected":false},"excerpt":{"rendered":"<p style=\"text-align: center;\">\n<p style=\"text-align: justify;\">Diyarbak\u0131r patlamas\u0131n\u0131n sorumlusundan t\u00fcyler \u00fcrperten a\u00e7\u0131klama.<\/p>\n<p style=\"text-align: justify;\">D\u0130YARBAKIR Ko\u015fuyolu Park\u0131&#8217;nda 3 y\u0131l \u00f6nce 10 ki\u015finin \u00f6l\u00fcm\u00fc, 16 ki\u015finin de yaralanmas\u0131yla sonu\u00e7lanan termos bombas\u0131n\u0131 patlatmaktan tutuklanan \u00fc\u00e7\u00fcnc\u00fc ki\u015fi olan H.T., bombay\u0131 Ko\u015fuyolu Park\u0131&#8217;na kendisinin b\u0131rakt\u0131\u011f\u0131n\u0131 belirtti. Aste\u011fmen olarak askerli\u011fini yaparken izinde Diyarbak\u0131ra geldi\u011fini belirten H.T., &#8220;Polis arac\u0131n\u0131n ge\u00e7i\u015f yerine b\u0131rakt\u0131m.<\/p>\n","protected":false},"author":1,"featured_media":0,"comment_status":"open","ping_status":"closed","sticky":false,"template":"","format":"standard","meta":{"footnotes":""},"categories":[105],"tags":[],"class_list":["post-6834","post","type-post","status-publish","format-standard","hentry","category-gundem","odd"],"_links":{"self":[{"href":"http:\/\/www.korhanyilmaz.com\/index.php?rest_route=\/wp\/v2\/posts\/6834","targetHints":{"allow":["GET"]}}],"collection":[{"href":"http:\/\/www.korhanyilmaz.com\/index.php?rest_route=\/wp\/v2\/posts"}],"about":[{"href":"http:\/\/www.korhanyilmaz.com\/index.php?rest_route=\/wp\/v2\/types\/post"}],"author":[{"embeddable":true,"href":"http:\/\/www.korhanyilmaz.com\/index.php?rest_route=\/wp\/v2\/users\/1"}],"replies":[{"embeddable":true,"href":"http:\/\/www.korhanyilmaz.com\/index.php?rest_route=%2Fwp%2Fv2%2Fcomments&post=6834"}],"version-history":[{"count":0,"href":"http:\/\/www.korhanyilmaz.com\/index.php?rest_route=\/wp\/v2\/posts\/6834\/revisions"}],"wp:attachment":[{"href":"http:\/\/www.korhanyilmaz.com\/index.php?rest_route=%2Fwp%2Fv2%2Fmedia&parent=6834"}],"wp:term":[{"taxonomy":"category","embeddable":true,"href":"http:\/\/www.korhanyilmaz.com\/index.php?rest_route=%2Fwp%2Fv2%2Fcategories&post=6834"},{"taxonomy":"post_tag","embeddable":true,"href":"http:\/\/www.korhanyilmaz.com\/index.php?rest_route=%2Fwp%2Fv2%2Ftags&post=6834"}],"curies":[{"name":"wp","href":"https:\/\/api.w.org\/{rel}","templated":true}]}}