{"id":6811,"date":"2009-03-28T13:57:01","date_gmt":"2009-03-28T11:57:01","guid":{"rendered":"http:\/\/www.korhanyilmaz.com\/?p=6811"},"modified":"2009-03-28T13:57:01","modified_gmt":"2009-03-28T11:57:01","slug":"bakan-sahin-tasvip-etmedigi-islerin-icine-girmis","status":"publish","type":"post","link":"http:\/\/www.korhanyilmaz.com\/?p=6811","title":{"rendered":"Bakan \u015eahin &#039;tasvip etmedi\u011fi&#039; i\u015flerin i\u00e7ine girmi\u015f"},"content":{"rendered":"<p style=\"text-align: center;\"><img loading=\"lazy\" decoding=\"async\" class=\"aligncenter size-full wp-image-6812\" title=\"T\u00fcrkiye Cumhuriyeti Adalet Bakan\u0131 Mehmet Ali \u015eahin\" src=\"http:\/\/www.korhanyilmaz.com\/wp-content\/uploads\/2009\/03\/fft28_mf145360.jpeg\" alt=\"T\u00fcrkiye Cumhuriyeti Adalet Bakan\u0131 Mehmet Ali \u015eahin\" width=\"321\" height=\"214\" \/><\/p>\n<p style=\"text-align: center;\">\n<p style=\"text-align: justify;\"><strong>Sosyal G\u00fcvenlik Reformu&#8217;nun y\u00fcr\u00fcrl\u00fc\u011fe girmesinden hemen \u00f6nce Adalet Bakan\u0131 Mehmet Ali \u015eahin&#8217;in, 15 ya\u015f\u0131ndaki k\u0131z\u0131 B\u00fc\u015fra ile 13 ya\u015f\u0131ndaki o\u011flu Burak&#8217;\u0131 SSK&#8217;l\u0131 yapt\u0131rd\u0131\u011f\u0131 ortaya \u00e7\u0131kt\u0131. 65 ya\u015f ko\u015fulundan kurtulan B\u00fc\u015fra 58&#8217;inde, Burak ise 60&#8217;\u0131nda emekli olabilecek.<\/strong><\/p>\n<p style=\"text-align: justify;\">Adalet Bakan\u0131 Mehmet Ali \u015eahin&#8217;in, emekli olma \u015fartlar\u0131n\u0131 zorla\u015ft\u0131ran yasa y\u00fcr\u00fcrl\u00fc\u011fe girmeden hemen \u00f6nce 13 ya\u015f\u0131ndaki o\u011flunu ve 15 ya\u015f\u0131ndaki k\u0131z\u0131n\u0131 sigortal\u0131 yapt\u0131rd\u0131\u011f\u0131 anla\u015f\u0131ld\u0131. Kay\u0131tlara g\u00f6re \u015eahin&#8217;in o\u011flu 15 g\u00fcn, k\u0131z\u0131 ise 1 g\u00fcn sigortal\u0131 g\u00f6sterilerek daha uzun s\u00fcre prim \u00f6deyip ge\u00e7 emekli olmaktan kurtuldu. Bakan \u015eahin, CHP&#8217;li Kemal K\u0131l\u0131\u00e7daro\u011flu&#8217;nu k\u00fc\u00e7\u00fck torununun ayn\u0131 \u015fekilde sigortal\u0131 yap\u0131ld\u0131\u011f\u0131 ortaya \u00e7\u0131k\u0131nca &#8216;Tasvip etmiyorum&#8217; demi\u015fti. <!--more--><br \/>\nVatan gazetesinin haberine g\u00f6re, Sosyal G\u00fcvenlik Kurumu&#8217;nun fiili \u00e7al\u0131\u015fma olmadan sigorta i\u015flemi yapt\u0131r\u0131lmas\u0131n\u0131 &#8216;Yasad\u0131\u015f\u0131&#8217; ilan etmesine ra\u011fmen Adalet Bakan\u0131&#8217;n\u0131n 13 ya\u015f\u0131ndaki o\u011flu ve 15 ya\u015f\u0131ndaki k\u0131z\u0131n\u0131, yeni Sosyal G\u00fcvenlik Yasas\u0131&#8217;n\u0131n a\u011f\u0131r \u015fartlar\u0131ndan son anda kurtard\u0131\u011f\u0131 ortaya \u00e7\u0131kt\u0131.<br \/>\nAdalet Bakan\u0131 Mehmet Ali \u015eahin&#8217;in o\u011flu Sosyal G\u00fcvenlik Yasas\u0131&#8217;n\u0131n y\u00fcr\u00fcrl\u00fc\u011fe girdi\u011fi 30 Nisan 2008 tarihinden 4 g\u00fcn \u00f6nce bir reklam ajans\u0131nda, k\u0131z\u0131 da 18 g\u00fcn \u00f6nce abisinin, yani \u015eahin&#8217;in b\u00fcy\u00fck o\u011flunun avukatl\u0131k \u015firketinde &#8220;sigorta kay\u0131tlar\u0131&#8221; yapt\u0131r\u0131larak \u00e7al\u0131\u015f\u0131yor g\u00f6sterildiler. B\u00f6ylece \u015eahin&#8217;in iki \u00e7ocu\u011fu, yeni yasan\u0131n getirdi\u011fi 65 ya\u015f\u0131nda emeklilik ve daha fazla prim \u00f6deme gibi y\u00fcklerden kurtar\u0131lm\u0131\u015f oldu.\n<\/p>\n<p style=\"text-align: justify;\"><strong>Okulu Ankara&#8217;da ama&#8230;<\/strong><\/p>\n<p style=\"text-align: justify;\">SGK kay\u0131tlar\u0131na g\u00f6re, Bakan \u015eahin&#8217;in 1993 do\u011fumlu k\u0131z\u0131 B\u00fc\u015fra, yeni yasa y\u00fcr\u00fcrl\u00fc\u011fe girmeden 18 g\u00fcn \u00f6nce 12 Nisan&#8217;da i\u015fe girdi ve yine ayn\u0131 g\u00fcn i\u015ften \u00e7\u0131kt\u0131. Ancak 1 g\u00fcnl\u00fck prim \u00f6demesiyle, &#8220;0602200816047&#8221; SSK sicil no ile sisteme dahil oldu. B\u00fc\u015fra \u00aaahin&#8217;in yeni Sosyal G\u00fcvenlik Yasas\u0131&#8217;n\u0131n olumsuzluklar\u0131ndan kurtulmas\u0131n\u0131 sa\u011flayan i\u015fe giri\u015f \u00e7\u0131k\u0131\u015f yapt\u0131\u011f\u0131 i\u015fyerinin ise, abisi Cem \u015eahin&#8217;in Ankara&#8217;daki avukatl\u0131k b\u00fcrosu oldu\u011fu \u00f6\u011frenildi. Ankara Cinnah Caddesi adresinde g\u00f6r\u00fcnen Cem \u015eahin&#8217;in, avukatl\u0131k b\u00fcrosunu sonradan devretti\u011fi bildirildi.<br \/>\nBakan \u015eahin&#8217;in 1995 do\u011fumlu o\u011flu Burak \u015eahin de, yeni yasan\u0131n y\u00fcr\u00fcrl\u00fc\u011fe girmesinden sadece 4 g\u00fcn \u00f6nce i\u015fe ba\u015flam\u0131\u015f g\u00f6sterilerek, &#8220;3402200828029&#8221; sicil no ile SSK&#8217;l\u0131 oldu ve 10 May\u0131s tarihine kadar 15 g\u00fcn sistemde kald\u0131.<br \/>\nO\u011ful Burak \u015eahin&#8217;in 15 g\u00fcn primini \u00f6deyerek yeni yasan\u0131n olumsuzluklar\u0131ndan etkilenmesini \u00f6nleyen i\u015fyeri ise kay\u0131tlarda \u0130stanbul- Akatlar-Be\u015fikta\u015f adresli Dualist Reklam Ltd. isimli bir reklam ve yay\u0131nc\u0131l\u0131k ajans\u0131 olarak g\u00f6r\u00fcn\u00fcyor. \u015eirket, \u0130stanbul&#8217;da kurulu. Sigorta kayd\u0131 yap\u0131ld\u0131\u011f\u0131 Nisan 2008 tarihinde 13 ya\u015f\u0131nda olan o\u011ful Burak \u015eahin&#8217;in, okullar\u0131n a\u00e7\u0131k oldu\u011fu ve 2. yar\u0131y\u0131l e\u011fitim ve \u00f6\u011fretim d\u00f6neminin ortas\u0131nda \u0130stanbul&#8217;daki bir reklam ajans\u0131nda \u00e7al\u0131\u015f\u0131yor g\u00f6r\u00fcnmesi de ayr\u0131ca dikkat \u00e7ekti.\n<\/p>\n<p style=\"text-align: justify;\"><strong>SGK \u00fcst y\u00f6netiminde ikinci &#8216;\u00e7ocuk&#8217; vakas\u0131<\/strong><\/p>\n<p style=\"text-align: justify;\">Sosyal G\u00fcvenlik Kurumu Ba\u015fkan Yard\u0131mc\u0131s\u0131 Veysel Uyar&#8217;\u0131n 13 ve 5 ya\u015flar\u0131ndaki iki \u00e7ocu\u011funu, mevcut maddeden yararlanma tarihinin bitiminden bir g\u00fcn \u00f6nce 29 Nisan 2008 g\u00fcn\u00fc i\u015f\u00e7i diye tescil ettirdi\u011fi ortaya \u00e7\u0131km\u0131\u015ft\u0131. SGK Primsiz \u00d6demeler Genel M\u00fcd\u00fcr\u00fc Yadigar G\u00f6kalp&#8217;in de k\u0131z\u0131n\u0131 reformdan korumak i\u00e7in bir cep telefonu bayiinde \u00e7al\u0131\u015f\u0131yor g\u00f6sterdi\u011fi anla\u015f\u0131ld\u0131. Kay\u0131tlara g\u00f6re 1 Ocak &#8211; 31 Ocak tarihleri aras\u0131nda lise 2. s\u0131n\u0131f \u00f6\u011frencisi k\u0131z\u0131n\u0131n 30 g\u00fcnl\u00fck i\u015fe giri\u015f \u00e7\u0131k\u0131\u015f kayd\u0131n\u0131 yapt\u0131ran Yadigar G\u00f6kalp&#8217;in k\u0131z\u0131 Bengisu, SSK&#8217;da 0601200745243 sicil no ile sisteme yasa y\u00fcr\u00fcrl\u00fc\u011fe girmeden kaydoldu.<\/p>\n<p style=\"text-align: justify;\"><strong>SGK &#8216;yasad\u0131\u015f\u0131&#8217; ilan etmi\u015fti<\/strong><\/p>\n<p style=\"text-align: justify;\">Sosyal G\u00fcvenlik Reformu&#8217;nun 30 Nisan 2008&#8217;de y\u00fcr\u00fcrl\u00fc\u011fe girmesinden \u00f6nce vatanda\u015flar\u0131n \u00e7ocuklar\u0131n\u0131, 65 ya\u015f s\u0131n\u0131r\u0131ndan etkilenmemesi i\u00e7in bir yerde sigortal\u0131 g\u00f6sterme tela\u015f\u0131na d\u00fc\u015fmesi b\u00fcy\u00fck sorun olmu\u015ftu. H\u00fck\u00fcmet temsilcileri ve SGK y\u00f6neticileri bu durumun &#8220;yasad\u0131\u015f\u0131&#8221; oldu\u011funu belirterek &#8220;fiili \u00e7al\u0131\u015fma olmadan sigortal\u0131 g\u00f6sterilenlerin kay\u0131tlar\u0131n\u0131n iptal edilece\u011fini&#8221; a\u00e7\u0131klam\u0131\u015ft\u0131. Yap\u0131lan denetimlerde de 18 ya\u015f\u0131n alt\u0131ndaki 40 bin \u00e7ocu\u011fun sigortas\u0131 fiili \u00e7al\u0131\u015fmaya dayanmad\u0131\u011f\u0131 i\u00e7in iptal edilmi\u015fti.<\/p>\n<p style=\"text-align: justify;\"><strong>Az prim \u00f6deyip daha \u00e7ok maa\u015f alabilecekler<\/strong><\/p>\n<p style=\"text-align: justify;\">Sosyal G\u00fcvenlik Yasas\u0131&#8217;n\u0131n y\u00fcr\u00fcrl\u00fck tarihinden \u00f6nce sigorta giri\u015fi yap\u0131lanlar, temelde 4 b\u00fcy\u00fck avantaj elde etti. \u00d6ncelikle yasa y\u00fcr\u00fcrl\u00fc\u011fe girmeden \u00f6nce sigortal\u0131 olduklar\u0131 i\u00e7in 65 ya\u015f\u0131n\u0131 beklemeyecekler. Yasadan \u00f6nce sigorta kay\u0131tlar\u0131 yap\u0131ld\u0131\u011f\u0131 i\u00e7in bu \u00e7ocuklar kad\u0131nlarda 58 ve erkeklerde 60 ya\u015f kural\u0131na tabi olacaklar. Ayr\u0131ca, gelecekte b\u00fcy\u00fcy\u00fcp, \u00e7al\u0131\u015f\u0131p, emekli olmalar\u0131 halinde emekli maa\u015flar\u0131 hesaplan\u0131rken ilk 10 y\u0131l i\u00e7in ayl\u0131k ba\u011flama oran\u0131 y\u00fczde 3 olarak kabul edilecek. E\u011fer binlerce \u00e7ocuk gibi yasadan sonra sigortal\u0131 olsalard\u0131, ayl\u0131k ba\u011flama oran\u0131 b\u00fct\u00fcn y\u0131llar i\u00e7in y\u00fczde 2 olarak hesaplanacakt\u0131. Ayr\u0131ca, yeni Sosyal G\u00fcvenlik Yasas\u0131, emekli olduktan sonra hem emekli maa\u015f\u0131 al\u0131p hem de \u00e7al\u0131\u015fmaya izin vermiyor. Ama bu \u00e7ocuklar yasadan \u00f6nce sigortal\u0131 yap\u0131ld\u0131klar\u0131 i\u00e7in emekli olduklar\u0131nda katk\u0131 pay\u0131 \u00f6deyerek hem emekli maa\u015f\u0131 alacaklar hem de \u00e7al\u0131\u015fabilecekler. Biir kritik nokta da \u015fu prim \u00f6deme g\u00fcn say\u0131s\u0131nda. Yasa y\u00fcr\u00fcrl\u00fc\u011fe girmeden \u00f6nce sigortal\u0131 olanlar 7 bin g\u00fcn prim \u00f6deyerek emekli olabilecekler.<\/p>\n<p style=\"text-align: justify;\"><span style=\"color: #888888;\">Kaynak : Radikal Gazetesi<\/span><\/p>\n<p style=\"text-align: justify;\">\n","protected":false},"excerpt":{"rendered":"<p style=\"text-align: center;\">\n<p style=\"text-align: center;\">\n<p style=\"text-align: justify;\">Sosyal G\u00fcvenlik Reformu&#8217;nun y\u00fcr\u00fcrl\u00fc\u011fe girmesinden hemen \u00f6nce Adalet Bakan\u0131 Mehmet Ali \u015eahin&#8217;in, 15 ya\u015f\u0131ndaki k\u0131z\u0131 B\u00fc\u015fra ile 13 ya\u015f\u0131ndaki o\u011flu Burak&#8217;\u0131 SSK&#8217;l\u0131 yapt\u0131rd\u0131\u011f\u0131 ortaya \u00e7\u0131kt\u0131. 65 ya\u015f ko\u015fulundan kurtulan B\u00fc\u015fra 58&#8217;inde, Burak ise 60&#8217;\u0131nda emekli olabilecek.<\/p>\n<p style=\"text-align: justify;\">Adalet Bakan\u0131 Mehmet Ali \u015eahin&#8217;in, emekli olma \u015fartlar\u0131n\u0131 zorla\u015ft\u0131ran <\/p>\n","protected":false},"author":1,"featured_media":0,"comment_status":"open","ping_status":"closed","sticky":false,"template":"","format":"standard","meta":{"footnotes":""},"categories":[105],"tags":[],"class_list":["post-6811","post","type-post","status-publish","format-standard","hentry","category-gundem","odd"],"_links":{"self":[{"href":"http:\/\/www.korhanyilmaz.com\/index.php?rest_route=\/wp\/v2\/posts\/6811","targetHints":{"allow":["GET"]}}],"collection":[{"href":"http:\/\/www.korhanyilmaz.com\/index.php?rest_route=\/wp\/v2\/posts"}],"about":[{"href":"http:\/\/www.korhanyilmaz.com\/index.php?rest_route=\/wp\/v2\/types\/post"}],"author":[{"embeddable":true,"href":"http:\/\/www.korhanyilmaz.com\/index.php?rest_route=\/wp\/v2\/users\/1"}],"replies":[{"embeddable":true,"href":"http:\/\/www.korhanyilmaz.com\/index.php?rest_route=%2Fwp%2Fv2%2Fcomments&post=6811"}],"version-history":[{"count":0,"href":"http:\/\/www.korhanyilmaz.com\/index.php?rest_route=\/wp\/v2\/posts\/6811\/revisions"}],"wp:attachment":[{"href":"http:\/\/www.korhanyilmaz.com\/index.php?rest_route=%2Fwp%2Fv2%2Fmedia&parent=6811"}],"wp:term":[{"taxonomy":"category","embeddable":true,"href":"http:\/\/www.korhanyilmaz.com\/index.php?rest_route=%2Fwp%2Fv2%2Fcategories&post=6811"},{"taxonomy":"post_tag","embeddable":true,"href":"http:\/\/www.korhanyilmaz.com\/index.php?rest_route=%2Fwp%2Fv2%2Ftags&post=6811"}],"curies":[{"name":"wp","href":"https:\/\/api.w.org\/{rel}","templated":true}]}}