{"id":6807,"date":"2009-03-28T11:28:06","date_gmt":"2009-03-28T09:28:06","guid":{"rendered":"http:\/\/www.korhanyilmaz.com\/?p=6807"},"modified":"2009-03-28T11:28:06","modified_gmt":"2009-03-28T09:28:06","slug":"iddianame-beni-sasirtmadi","status":"publish","type":"post","link":"http:\/\/www.korhanyilmaz.com\/?p=6807","title":{"rendered":"\u0130ddianame beni \u015fa\u015f\u0131rtmad\u0131"},"content":{"rendered":"<p><img loading=\"lazy\" decoding=\"async\" class=\"aligncenter size-full wp-image-6808\" title=\"\u0130ddianame beni \u015fa\u015f\u0131rtmad\u0131 \" src=\"http:\/\/www.korhanyilmaz.com\/wp-content\/uploads\/2009\/03\/280320091132317895428.jpg\" alt=\"\u0130ddianame beni \u015fa\u015f\u0131rtmad\u0131 \" width=\"320\" height=\"100\" \/><\/p>\n<p style=\"text-align: justify;\"><strong>Sabih Kanado\u011flu, 2. Ergenekon iddianamesinde ad\u0131n\u0131n &#8220;\u015f\u00fcpheli&#8221; olarak ge\u00e7mesini yorumlad\u0131<\/strong><\/p>\n<p style=\"text-align: justify;\">Yarg\u0131tay Onursal Cumhuriyet Ba\u015fsavc\u0131s\u0131 Sabih Kanado\u011flu, ikinci Ergenekon iddianamesinde ad\u0131n\u0131n &#8220;\u015f\u00fcpheli&#8221; olarak ge\u00e7mesini CNN T\u00dcRK&#8217;e yorumlad\u0131:<\/p>\n<p style=\"text-align: justify;\">&#8220;Beni iddianame \u015fa\u015f\u0131rtmad\u0131.Yaln\u0131z beni \u015fa\u015f\u0131rtan Cumhurba\u015fkan\u0131&#8217;n\u0131n a\u00e7\u0131klamas\u0131 oldu. \u00c7\u00fcnk\u00fc AKP iktidar\u0131 yarg\u0131 yarg\u0131ya b\u0131rak\u0131lamayacak kadar ciddi bir i\u015ftir derken, \u015fimdi anl\u0131yoruz ki yarg\u0131ya g\u00fcvenmek laz\u0131m s\u00f6z\u00fcne kadar gelmi\u015f oldu&#8221;<\/p>\n<p style=\"text-align: justify;\">Yarg\u0131tay Onursal Cumhuriyet Ba\u015fsavc\u0131s\u0131 Sabih Kanado\u011flu, CNN T\u00dcRK&#8217;te Yavuz O\u011fhan ve Erhan Karada\u011f&#8217;\u0131n sorular\u0131n\u0131 cevaplad\u0131. <!--more--><\/p>\n<p style=\"text-align: justify;\">Ergenekon soru\u015fturmas\u0131na ili\u015fkin ikinci iddianameyi de\u011ferlendiren Kanado\u011flu, &#8220;Tabi asl\u0131nda buna ikinci iddianame demek de do\u011fru de\u011fil. Ek iddianamede yap\u0131lmam\u0131\u015f yani ek iddianame de\u011fil bu. Bir iddianame&#8230;&#8221; dedi.<\/p>\n<p style=\"text-align: justify;\">Kanado\u011f\u015fu, &#8220;Bu iddianame zorunlu olarak ikinci iddianame demek m\u00fcmk\u00fcn.Tabi bu \u00f6b\u00fcr\u00fc ile irtibat\u0131, ba\u011flant\u0131s\u0131 nedeniyle birle\u015fecektir. Tabi bir sorunu kesinlikle g\u00f6z ard\u0131 etmemek laz\u0131m \u015fimdiden an\u0131msatmak da yarar var. Bu birle\u015ftirme bir an \u00f6nce yap\u0131lmal\u0131d\u0131r \u00e7\u00fcnk\u00fc e\u011fer bu birle\u015ftirme yap\u0131lmazsa o birinci duru\u015fman\u0131n, ikincilerin kat\u0131l\u0131m\u0131yla tekrarlanmas\u0131 gerekir&#8221; diye konu\u015ftu.<\/p>\n<p style=\"text-align: justify;\">Kanado\u011flu&#8217;nun CNN T\u00dcRK&#8217;e verdi\u011fi r\u00f6portajdan \u00f6ne \u00e7\u0131kan ba\u015fl\u0131klar ise \u015f\u00f6yle:<\/p>\n<p style=\"text-align: justify;\"><strong>YAVUZ O\u011eHAN:<\/strong> Sabih Bey ho\u015f geldiniz diyelim derken de bu konuyu konu\u015fuyoruz ama&#8230; 48 saat ge\u00e7ti \u00fczerinden \u00e7\u00fcnk\u00fc&#8230;<\/p>\n<p style=\"text-align: justify;\"><strong>SAB\u0130H KANADO\u011eLU:<\/strong> Tabi ben de s\u00f6ze \u015f\u00f6yle ba\u015flamak istiyorum. Say\u0131n Yaz\u0131c\u0131o\u011flu benim i\u00e7in b\u00fcy\u00fck bir dost, vefal\u0131 bir dost. Ben torunumu kaybetti\u011fimde beni ilk arayan ki\u015fiydi, ben bunu unutamam. Onun i\u00e7in ben de Allah&#8217;tan niyaz ediyorum ki sa\u011f salim, in\u015fallah aram\u0131za kavu\u015fur ve biz de ona kavu\u015furuz. Yaln\u0131z tabi biraz \u00f6nce s\u00f6ylediniz say\u0131n ba\u015fbakan\u0131n b\u00fct\u00fcn olanaklar\u0131 ve uzay teknolojisini kullanmaya ba\u015flayaca\u011f\u0131z s\u00f6z\u00fc tabi derhal bu saate kadar niye kullan\u0131lmad\u0131 sorusunu akla getirir ve iktidarlar her \u015feyden \u00f6nce iyi niyetleri nedeniyle de\u011fil, bu iyi niyetlerine ra\u011fmen ba\u015far\u0131l\u0131 olamad\u0131klar\u0131 i\u00e7in ele\u015ftirilirler.<\/p>\n<p style=\"text-align: justify;\"><strong>ERHAN KARADA\u011e:<\/strong> Say\u0131n Kanado\u011flu ikinci iddianame a\u00e7\u0131kland\u0131. Sizin de isminiz &#8220;\u015f\u00fcpheli&#8221; olarak ge\u00e7iyor. \u0130kinci iddianame \u00e7ok tart\u0131\u015f\u0131lm\u0131\u015ft\u0131 emekli orgenerallerin g\u00f6zalt\u0131na al\u0131nmas\u0131yla ve \u00e7ok da beklendi. \u0130ddianame \u00e7\u0131kt\u0131 ortaya ve bir darbe giri\u015fimlerinden s\u00f6z ediliyor. Siz \u015fa\u015f\u0131rd\u0131n\u0131z m\u0131 iddianameye, sizi \u015fa\u015f\u0131rtt\u0131 m\u0131?<\/p>\n<p style=\"text-align: justify;\"><strong>SAB\u0130H KANADO\u011eLU:<\/strong> Hay\u0131r. \u0130ddianame \u015fa\u015f\u0131rtmad\u0131.Yaln\u0131z beni \u015fa\u015f\u0131rtan biraz \u00f6nce cumhurba\u015fkan\u0131n\u0131n a\u00e7\u0131klamas\u0131 oldu. \u00c7\u00fcnk\u00fc AKP iktidar\u0131 yarg\u0131 yarg\u0131ya b\u0131rak\u0131lamayacak kadar ciddi bir i\u015ftir ve devamla yarg\u0131ya g\u00fcvenmiyoruz s\u00f6zlerinden \u015fimdi anl\u0131yoruz ki yarg\u0131ya g\u00fcvenmek laz\u0131m s\u00f6z\u00fcne kadar gelmi\u015f oldu. Yani bunu memnuniyetle kaydediyorum. Tabi asl\u0131nda buna ikinci iddianame demek de do\u011fru de\u011fil. Ek iddianamede yap\u0131lmam\u0131\u015f yani ek iddianame de\u011fil bu. Bir iddianame&#8230;Bu iddianame zorunlu olarak ikinci iddianame demek m\u00fcmk\u00fcn.<\/p>\n<p style=\"text-align: justify;\">Tabi bu \u00f6b\u00fcr\u00fc ile irtibat\u0131, ba\u011flant\u0131s\u0131 nedeniyle birle\u015fecektir. Tabi bir sorunu kesinlikle g\u00f6z ard\u0131 etmemek laz\u0131m \u015fimdiden an\u0131msatmak da yarar var. Bu birle\u015ftirme bir an \u00f6nce yap\u0131lmal\u0131d\u0131r \u00e7\u00fcnk\u00fc e\u011fer bu birle\u015ftirme yap\u0131lmazsa o birinci duru\u015fman\u0131n, ikincilerin kat\u0131l\u0131m\u0131yla tekrarlanmas\u0131 gerekir. Yani buradaki san\u0131klar\u0131n birincide yap\u0131lan duru\u015fmadan haberi olmadan duru\u015fmaya devam edilemez, a\u00e7\u0131lamaz. Onun i\u00e7in m\u00fcmk\u00fcn oldu\u011fu kadar erken bir saatte bu birle\u015fme karar\u0131n\u0131n al\u0131nmas\u0131 laz\u0131m ve bu birle\u015ftirme al\u0131nd\u0131ktan sonra da daha \u00f6nce yap\u0131lan i\u015flemler birer birer okunarak di\u011fer sand\u0131klar\u0131n yani son sand\u0131klar\u0131n bilgisi i\u00e7erisine sokulmas\u0131 laz\u0131m. \u015eimdi iddianame tabi b\u00fct\u00fcn \u00f6ncekinin sak\u0131ncalar\u0131n\u0131 da b\u00fcnyesinde ta\u015f\u0131yor. Neden ta\u015f\u0131yor?<\/p>\n<p style=\"text-align: justify;\">\u00c7\u00fcnk\u00fc bir iddianame nas\u0131l d\u00fczenlenmelidir sorusu hemen g\u00fcndeme geliyor ve bir iddianamenin nas\u0131l d\u00fczenlenece\u011fi defalarca s\u00f6yledim. Yine tekrar etmek de hi\u00e7bir sak\u0131nca yok. Bir iddianame her hal\u00fckarda san\u0131klarla ortaya a\u00e7\u0131k bir \u015fekilde koydu\u011fu olay\u0131 ve o san\u0131klar\u0131n olayda ki yerini a\u00e7\u0131k, net bir \u015fekilde ortaya koymal\u0131d\u0131r, kan\u0131tlar kesin olarak belirtilmelidir, bunlar tart\u0131\u015f\u0131lmal\u0131d\u0131r ve her san\u0131k hakk\u0131nda i\u015fledi\u011fi iddia olunan eylemden dolay\u0131 istenen ceza istenmelidir.<\/p>\n<p style=\"text-align: justify;\"><span style=\"color: #888888;\">Kaynak : Vatan Gazetesi<\/span><\/p>\n","protected":false},"excerpt":{"rendered":"<\/p>\n<p style=\"text-align: justify;\">Sabih Kanado\u011flu, 2. Ergenekon iddianamesinde ad\u0131n\u0131n &#8220;\u015f\u00fcpheli&#8221; olarak ge\u00e7mesini yorumlad\u0131<\/p>\n<p style=\"text-align: justify;\">Yarg\u0131tay Onursal Cumhuriyet Ba\u015fsavc\u0131s\u0131 Sabih Kanado\u011flu, ikinci Ergenekon iddianamesinde ad\u0131n\u0131n &#8220;\u015f\u00fcpheli&#8221; olarak ge\u00e7mesini CNN T\u00dcRK&#8217;e yorumlad\u0131:<\/p>\n<p style=\"text-align: justify;\">&#8220;Beni iddianame \u015fa\u015f\u0131rtmad\u0131.Yaln\u0131z beni \u015fa\u015f\u0131rtan Cumhurba\u015fkan\u0131&#8217;n\u0131n a\u00e7\u0131klamas\u0131 oldu. \u00c7\u00fcnk\u00fc AKP iktidar\u0131 yarg\u0131 yarg\u0131ya b\u0131rak\u0131lamayacak kadar ciddi bir i\u015ftir derken, \u015fimdi anl\u0131yoruz ki <\/p>\n","protected":false},"author":1,"featured_media":0,"comment_status":"open","ping_status":"closed","sticky":false,"template":"","format":"standard","meta":{"footnotes":""},"categories":[105],"tags":[],"class_list":["post-6807","post","type-post","status-publish","format-standard","hentry","category-gundem","odd"],"_links":{"self":[{"href":"http:\/\/www.korhanyilmaz.com\/index.php?rest_route=\/wp\/v2\/posts\/6807","targetHints":{"allow":["GET"]}}],"collection":[{"href":"http:\/\/www.korhanyilmaz.com\/index.php?rest_route=\/wp\/v2\/posts"}],"about":[{"href":"http:\/\/www.korhanyilmaz.com\/index.php?rest_route=\/wp\/v2\/types\/post"}],"author":[{"embeddable":true,"href":"http:\/\/www.korhanyilmaz.com\/index.php?rest_route=\/wp\/v2\/users\/1"}],"replies":[{"embeddable":true,"href":"http:\/\/www.korhanyilmaz.com\/index.php?rest_route=%2Fwp%2Fv2%2Fcomments&post=6807"}],"version-history":[{"count":0,"href":"http:\/\/www.korhanyilmaz.com\/index.php?rest_route=\/wp\/v2\/posts\/6807\/revisions"}],"wp:attachment":[{"href":"http:\/\/www.korhanyilmaz.com\/index.php?rest_route=%2Fwp%2Fv2%2Fmedia&parent=6807"}],"wp:term":[{"taxonomy":"category","embeddable":true,"href":"http:\/\/www.korhanyilmaz.com\/index.php?rest_route=%2Fwp%2Fv2%2Fcategories&post=6807"},{"taxonomy":"post_tag","embeddable":true,"href":"http:\/\/www.korhanyilmaz.com\/index.php?rest_route=%2Fwp%2Fv2%2Ftags&post=6807"}],"curies":[{"name":"wp","href":"https:\/\/api.w.org\/{rel}","templated":true}]}}