{"id":6799,"date":"2009-03-27T22:18:50","date_gmt":"2009-03-27T20:18:50","guid":{"rendered":"http:\/\/www.korhanyilmaz.com\/?p=6799"},"modified":"2009-03-27T22:18:50","modified_gmt":"2009-03-27T20:18:50","slug":"dundara-agir-yanit","status":"publish","type":"post","link":"http:\/\/www.korhanyilmaz.com\/?p=6799","title":{"rendered":"D\u00fcndar&#039;a a\u011f\u0131r yan\u0131t"},"content":{"rendered":"<p><img loading=\"lazy\" decoding=\"async\" class=\"aligncenter size-full wp-image-6800\" title=\"D\u00fcndar'a a\u011f\u0131r yan\u0131t \" src=\"http:\/\/www.korhanyilmaz.com\/wp-content\/uploads\/2009\/03\/270320092324059019686.jpg\" alt=\"D\u00fcndar'a a\u011f\u0131r yan\u0131t \" width=\"320\" height=\"100\" \/><\/p>\n<p style=\"text-align: justify;\"><strong>Ba\u015fbakan Erdo\u011fan U\u011fur D\u00fcndar&#8217;\u0131n isyan\u0131na NTV canl\u0131 ya\u0131n\u0131nda yan\u0131t verdi <\/strong><\/p>\n<p style=\"text-align: justify;\">Ba\u015fbakan Erdo\u011fan &#8220;mahalle bask\u0131s\u0131&#8221; kavram\u0131na kat\u0131lmad\u0131\u011f\u0131n\u0131 belirterek &#8220;Ne yaz\u0131k ki bizim d\u00f6nemimizde alkol t\u00fcketimi daha fazla&#8221; dedi. Yasad\u0131\u015f\u0131 dinleme konusunda ise ald\u0131\u011f\u0131 \u00f6nlemi \u015f\u00f6yle a\u00e7\u0131klad\u0131: Telefonda kalk\u0131p konu\u015fmaya gerek yok, konu\u015fmak isteyen kalk\u0131p bana gelsin<\/p>\n<p style=\"text-align: justify;\">Ba\u015fbakan Recep Tayyip Erdo\u011fan, &#8220;mahalle bask\u0131s\u0131&#8221; kavram\u0131na kat\u0131lmad\u0131\u011f\u0131n\u0131 belirterek, &#8220;T\u00fcrkiye&#8217;de alkol t\u00fcketimi bizden \u00f6nceki d\u00f6nemlere g\u00f6re daha fazla. Fazla t\u00fcketilmesi mahalle bask\u0131s\u0131 olarak m\u0131 al\u0131nmal\u0131. Siz bir toplumu sa\u011fl\u0131kl\u0131 ya\u015fam i\u00e7in mi te\u015fvik mi edeceksiniz. Bu anayasada var zaten. Buna ra\u011fmen ne yaz\u0131k ki d\u00f6nemimizde t\u00fcketim daha fazlad\u0131r&#8221; dedi. <!--more--><\/p>\n<p style=\"text-align: justify;\">D\u00fcn ak\u015fam NTV&#8217;de canl\u0131 yay\u0131na kat\u0131lan Ba\u015fbakan Erdo\u011fan, Murat Akg\u00fcn, Ru\u015fen \u00c7ak\u0131r, Mirg\u00fcn Cabas ve Banu G\u00fcven&#8217;in g\u00fcndeme ili\u015fkin sorular\u0131n\u0131 yan\u0131tlad\u0131.<\/p>\n<p style=\"text-align: justify;\"><strong>EKONOM\u0130K PAKET:<\/strong> 53 maddelik paketler dizisi oldu. En son kredi konusunda bir paketimiz vard\u0131. 1 katrilyonluk bir paketi a\u00e7\u0131kl\u0131yoruz. Kredi garanti fonunun att\u0131\u011f\u0131 bu ad\u0131m\u0131 takip edece\u011fiz. Hazinemiz bu kaynakla fona kan pompal\u0131yor. \u00d6zellikle bankac\u0131l\u0131k sekt\u00f6r\u00fcnde getirece\u011fi etkiyi \u00f6nemsiyoruz. Arkada\u015flar\u0131m\u0131z bankac\u0131l\u0131k kurumuna getirecekler.<\/p>\n<p style=\"text-align: justify;\"><strong>YASADI\u015eI D\u0130NLENME:<\/strong> T\u00fcrkiye&#8217;de dinlenenler, M\u0130T, askeri istihbarat, Emniyet istihbarat taraf\u0131ndan m\u0131 dinleniyor. Bunlar\u0131n d\u0131\u015f\u0131nda da dinlenme imkan\u0131 yok mu? Bu dinlemelerin b\u00fcy\u00fck \u00e7o\u011funlu\u011fu savc\u0131l\u0131k m\u00fcsadesiyle olan dinlemeler de\u011fil. Yasal dinleme yap\u0131lm\u0131yorsa bunun yasal kar\u015f\u0131l\u0131\u011f\u0131 da yoktur. Onunla yasal hak arayamazs\u0131n\u0131z. Tedbirler ald\u0131k ama kar\u015f\u0131 tedbirler de al\u0131n\u0131yor kar\u015f\u0131 taraftan al\u0131n\u0131yor. Ula\u015ft\u0131rma Bakanl\u0131\u011f\u0131m\u0131z\u0131n baz\u0131 yeni tedbirleri olacak. Bu konuda \u00e7ok yenilikler oluyor. Bunlar\u0131 yasalarla takip edebilmek de kolay de\u011fil. T\u00fcrkiye&#8217;de bir yasay\u0131 \u00e7\u0131karmak en b\u00fcy\u00fck problem. Bunun i\u00e7in de Meclis \u0130\u00e7 T\u00fcz\u00fc\u011f\u00fc&#8217;nde de\u011fi\u015fiklik yapaca\u011f\u0131z. \u015eahsen ald\u0131\u011f\u0131m \u00f6nlem, telefonda kalk\u0131p da herhangi bir meseleyi konu\u015fmaya gerek yok. Benimle herhangi bir konuyu konu\u015fmak isteyen bizzat kalk\u0131p bana gelsin. Ortam dinlemesi konusunda da bulundu\u011fum ortamlara dikkat ediyorum.<\/p>\n<p style=\"text-align: justify;\"><strong>U\u011eUR D\u00dcNDAR&#8217;IN TEPK\u0130S\u0130: <\/strong><span style=\"color: #000000;\">Bu iddianameyi haz\u0131rlayan Erdo\u011fan de\u011fil, yarg\u0131. Bu s\u00fcrecin i\u00e7ine giremem. <strong>Fakat U\u011fur D\u00fcndar beni ve Adalet Bakan\u0131m\u0131 e\u015fiyle mukayese yaparak niye i\u015fe kar\u0131\u015ft\u0131r\u0131yor? Ben mi haz\u0131rlad\u0131m iddianameyi? <\/strong>Bunu yarg\u0131 s\u00fcreci d\u00fczeltecektir. Varsa var, yoksa yok. \u015eahs\u0131mla ilgili a\u00e7\u0131klama yap\u0131yor. <strong>Nedir bu \u00f6fke? Ciddi manada kimyas\u0131 bozulmu\u015f durumda. Bu ba\u015flam\u0131\u015f bir s\u00fcre\u00e7. \u015eu anda memuriyetini g\u00fczel yerine getiriyor, yapt\u0131\u011f\u0131 i\u015f bu.<\/strong> <strong>D\u00fcr\u00fcst olmak laz\u0131m. D\u00fcr\u00fcst habercilik, ge\u00e7 bunlar\u0131, ne d\u00fcr\u00fcst habercili\u011fi. Sadece memuriyetinin gere\u011fini yap\u0131yor. <\/strong>Se\u00e7imi farkl\u0131 bir atmosfere sokma gayreti i\u00e7erisinde. Bu isyanlar oradan da geliyor olabilir. Bu konuyu ne benimle ne bakan\u0131mla ili\u015fkilendirmesi \u00e7ok \u00e7irkin. Do\u011fru de\u011fil, kendisini k\u0131n\u0131yorum. <strong><br \/>\n<\/strong><\/span><br \/>\n<strong>CUMHUR\u0130YET M\u0130T\u0130NGLER\u0130: <\/strong>Yarg\u0131 s\u00fcrecini ay\u0131rmak gerekir. Derdi olan bir insan, hangi konuda olursa olsun bana ula\u015fmakta zorluk \u00e7ekmez. Bana, ilgili bakan arkada\u015flar\u0131m\u0131za ula\u015fabilir. Sivil toplum \u00f6rg\u00fctleriyle en fazla bir araya gelen ba\u015fbakan\u0131m. Farkl\u0131 siyasi d\u00fc\u015f\u00fcncede olabilir&#8230; Gece 12-01&#8217;de kabul etti\u011fim sivil toplum \u00f6rg\u00fctleri olmu\u015ftur. Bu mitinglere kat\u0131lan \u00f6rg\u00fctler de vard\u0131r bunlar\u0131n i\u00e7inden. Talep ettikleri konuyu da \u00e7\u00f6zm\u00fc\u015f\u00fcmd\u00fcr. Benim onlardan ricalar\u0131m\u0131 ise yerine getirmemi\u015flerdir. Bar\u0131\u015fa y\u00f6nelik ricalar\u0131m\u0131&#8230; Bu s\u00fcreci i\u015flettik, i\u015fletmeye devam ediyoruz. 780 bin kilometrekarede kendini hissettiren bir iktidar olmak durumunday\u0131z. Bizim fark\u0131m\u0131z s\u00fcmen alt\u0131 etmedik, biz yarg\u0131ya bizden isteneni verdik. \u015eu al\u0131nmal\u0131d\u0131r denmi\u015ftir, g\u00fcvenlik g\u00fc\u00e7leri onu yapm\u0131\u015ft\u0131r. Birbirine \u015f\u00fcpheyle bakan bir T\u00fcrkiye istemiyoruz.\n<\/p>\n<p style=\"text-align: justify;\"><strong>BAYKAL DOKUNULMAZ, BEN DE\u011e\u0130L\u0130M:<\/strong> Yarg\u0131 s\u00fcrecine y\u00f6nelik de\u011ferlendirme yapmam s\u00f6z konusu olamaz. Ben bu konuda Say\u0131n Baykal kadar rahat de\u011filim. O \u00e7ok rahat m\u00fcdahale ediyor. \u00c7\u00fcnk\u00fc o dokunulmazd\u0131r biliyorsunuz, ama ben dokunulmaz de\u011filim.<\/p>\n<p style=\"text-align: justify;\"><strong>G\u00dcL&#8217;\u00dcN K\u00dcRD\u0130STAN A\u00c7IKLAMASI:<\/strong> Bu teknik bir tan\u0131m. Ama Cumhurba\u015fkan\u0131 b\u00f6yle bir ifade kullanmad\u0131m diyorsa ben bunu tart\u0131\u015fmam.<\/p>\n<p style=\"text-align: justify;\"><strong>ONE M\u0130NUT MARKASI: <\/strong>(Bu marka oldu bunun sahibi sizsiniz. Bundan memnun musunuz?) Biz hay\u0131r sahibiyiz.<\/p>\n<p style=\"text-align: justify;\"><strong>RASMUSSEN&#8217;\u0130N ADAYLI\u011eI: <\/strong>Beni arad\u0131, birka\u00e7 g\u00fcnd\u00fcr aram\u0131\u015f g\u00f6r\u00fc\u015fememi\u015ftik. Toplumdaki rahats\u0131zl\u0131\u011f\u0131 ifade ettim. NATO&#8217;nun y\u0131pranmas\u0131n\u0131 istemiyoruz, sizin de ba\u015fbakan olarak y\u0131pranman\u0131z\u0131 istemeyiz. Karikat\u00fcr krizi ile bir tepki ald\u0131lar. M\u00fcsl\u00fcman \u00fclkeler bizi arad\u0131lar. &#8216;Sak\u0131n ha&#8217; diyorlar. Roj TV konusunda da &#8216;Size bir\u015feyler s\u00f6yledim&#8217; dedim. &#8216;Olumlu ad\u0131m atmad\u0131n\u0131z&#8217; dedim. Benim \u00f6n\u00fcme Danimarka yasalar\u0131n\u0131 g\u00f6sterdiniz, 4 y\u0131ld\u0131r bu i\u015fi sonu\u00e7land\u0131ramad\u0131n\u0131z dedik. Ama \u015fimdi farkl\u0131 \u015feyler konu\u015fuyorlar. Uzunca bir konu\u015fma oldu. Ay\u0131n 3&#8217;\u00fcnde bir karara var\u0131lacak. Benim bunun halk\u0131ma izah etmem \u00f6ncelikli g\u00f6revim oldu\u011funu ilettim. Partimin ilkeleriyle de \u00e7eli\u015fkiye d\u00fc\u015fmemem gerekir bunun da ne anlama geldi\u011fini takdir edersiniz.<\/p>\n<p style=\"text-align: justify;\"><span style=\"color: #888888;\">Kaynak : Vatan Gazetesi<\/span><\/p>\n","protected":false},"excerpt":{"rendered":"<\/p>\n<p style=\"text-align: justify;\">Ba\u015fbakan Erdo\u011fan U\u011fur D\u00fcndar&#8217;\u0131n isyan\u0131na NTV canl\u0131 ya\u0131n\u0131nda yan\u0131t verdi <\/p>\n<p style=\"text-align: justify;\">Ba\u015fbakan Erdo\u011fan &#8220;mahalle bask\u0131s\u0131&#8221; kavram\u0131na kat\u0131lmad\u0131\u011f\u0131n\u0131 belirterek &#8220;Ne yaz\u0131k ki bizim d\u00f6nemimizde alkol t\u00fcketimi daha fazla&#8221; dedi. Yasad\u0131\u015f\u0131 dinleme konusunda ise ald\u0131\u011f\u0131 \u00f6nlemi \u015f\u00f6yle a\u00e7\u0131klad\u0131: Telefonda kalk\u0131p konu\u015fmaya gerek yok, konu\u015fmak isteyen kalk\u0131p bana gelsin<\/p>\n<p style=\"text-align: justify;\">Ba\u015fbakan Recep <\/p>\n","protected":false},"author":1,"featured_media":0,"comment_status":"open","ping_status":"closed","sticky":false,"template":"","format":"standard","meta":{"footnotes":""},"categories":[105],"tags":[],"class_list":["post-6799","post","type-post","status-publish","format-standard","hentry","category-gundem","odd"],"_links":{"self":[{"href":"http:\/\/www.korhanyilmaz.com\/index.php?rest_route=\/wp\/v2\/posts\/6799","targetHints":{"allow":["GET"]}}],"collection":[{"href":"http:\/\/www.korhanyilmaz.com\/index.php?rest_route=\/wp\/v2\/posts"}],"about":[{"href":"http:\/\/www.korhanyilmaz.com\/index.php?rest_route=\/wp\/v2\/types\/post"}],"author":[{"embeddable":true,"href":"http:\/\/www.korhanyilmaz.com\/index.php?rest_route=\/wp\/v2\/users\/1"}],"replies":[{"embeddable":true,"href":"http:\/\/www.korhanyilmaz.com\/index.php?rest_route=%2Fwp%2Fv2%2Fcomments&post=6799"}],"version-history":[{"count":0,"href":"http:\/\/www.korhanyilmaz.com\/index.php?rest_route=\/wp\/v2\/posts\/6799\/revisions"}],"wp:attachment":[{"href":"http:\/\/www.korhanyilmaz.com\/index.php?rest_route=%2Fwp%2Fv2%2Fmedia&parent=6799"}],"wp:term":[{"taxonomy":"category","embeddable":true,"href":"http:\/\/www.korhanyilmaz.com\/index.php?rest_route=%2Fwp%2Fv2%2Fcategories&post=6799"},{"taxonomy":"post_tag","embeddable":true,"href":"http:\/\/www.korhanyilmaz.com\/index.php?rest_route=%2Fwp%2Fv2%2Ftags&post=6799"}],"curies":[{"name":"wp","href":"https:\/\/api.w.org\/{rel}","templated":true}]}}