{"id":6788,"date":"2009-03-28T10:44:33","date_gmt":"2009-03-28T08:44:33","guid":{"rendered":"http:\/\/www.korhanyilmaz.com\/?p=6788"},"modified":"2009-03-28T10:44:33","modified_gmt":"2009-03-28T08:44:33","slug":"krizin-etkileri-gecmeye-basliyor","status":"publish","type":"post","link":"http:\/\/www.korhanyilmaz.com\/?p=6788","title":{"rendered":"Krizin etkileri ge\u00e7meye ba\u015fl\u0131yor"},"content":{"rendered":"<p><img loading=\"lazy\" decoding=\"async\" class=\"aligncenter size-full wp-image-6789\" title=\"Krizin etkileri ge\u00e7meye ba\u015fl\u0131yor\" src=\"http:\/\/www.korhanyilmaz.com\/wp-content\/uploads\/2009\/03\/unakitanht.jpg\" alt=\"Krizin etkileri ge\u00e7meye ba\u015fl\u0131yor\" width=\"440\" height=\"230\" \/><\/p>\n<p style=\"text-align: justify;\"><strong>Unak\u0131tan &#8221;K\u00fcresel ekonomik kriz ge\u00e7icidir, yava\u015f yava\u015f \u0131\u015f\u0131k g\u00f6r\u00fcnmeye ba\u015flad\u0131, d\u00fczelme belirtileri var&#8221; <\/strong><\/p>\n<p style=\"text-align: justify;\">Maliye Bakan\u0131 Kemal Unak\u0131tan, &#8221;K\u00fcresel ekonomik kriz ge\u00e7icidir, yava\u015f yava\u015f \u0131\u015f\u0131k g\u00f6r\u00fcnmeye ba\u015flad\u0131, d\u00fczelme belirtileri var&#8221; dedi.<\/p>\n<p style=\"text-align: justify;\">Anemon Otel&#8217;de d\u00fczenlenen etkinlikte sivil toplum \u00f6rg\u00fctleriyle bir araya gelen Bakan Unak\u0131tan, Ankara-Eski\u015fehir aras\u0131ndaki h\u0131zl\u0131 tren seferlerinin 13 Martta ba\u015flad\u0131\u011f\u0131n\u0131 an\u0131msatarak, h\u0131zl\u0131 trenle Eski\u015fehir&#8217;e g\u00fcnde ortalama 1000 ki\u015finin geldi\u011fini belirtti.<\/p>\n<p style=\"text-align: justify;\">H\u0131zl\u0131 tren seferlerinin kente hareket getirece\u011fini ifade eden Unak\u0131tan, &#8221;H\u0131zl\u0131 tren ekonomik y\u00f6nden kenti gelecekte daha iyi hale getirecek. Bilet bulunamad\u0131\u011f\u0131n\u0131 duydum. Ziyaretime gelen TCDD yetkilileriyle g\u00f6r\u00fc\u015ft\u00fcm. \u0130ki tedbir d\u00fc\u015f\u00fcn\u00fcyorlar. Sefer say\u0131s\u0131n\u0131 ve vagon say\u0131s\u0131n\u0131 art\u0131racaklar\u0131n\u0131 ifade ettiler&#8221; dedi.<!--more--><\/p>\n<p style=\"text-align: justify;\"><strong> <\/strong><\/p>\n<p style=\"text-align: justify;\"><strong>&#8221;\u0130\u015eS\u0130ZL\u0130K KADAR ZOR B\u0130R \u015eEY YOK&#8221;<\/strong><\/p>\n<p style=\"text-align: justify;\">\n<p style=\"text-align: justify;\">Bakan Unak\u0131tan, emeklilerin zaman zaman kendisine maa\u015flara zam yap\u0131p yapmayaca\u011f\u0131n\u0131 sordu\u011funu belirterek, &#8221;Torbaya bak\u0131p ona g\u00f6re karar veriyorum. Torbada yoksa bir \u015fey yapam\u0131yorum&#8221; dedi.<\/p>\n<p style=\"text-align: justify;\">Bakan Unak\u0131tan, \u015f\u00f6yle devam etti:<\/p>\n<p style=\"text-align: justify;\">&#8221;Ba\u015fbakan Erdo\u011fan bile (a\u011fabey sana bir \u015fey s\u00f6yleyece\u011fim, ama sak\u0131n para yok deme, bana yamuk yapma) diyor. Ba\u015fbakan\u0131m torbaya bakar\u0131m varsa veririm, yoksa yok. Torbada para birikti\u011fi zaman emeklilere buyurun diyorum. Bunun zaman\u0131n\u0131 o torba biliyor. T\u00fcrkiye&#8217;de i\u015fsizlik var. En b\u00fcy\u00fck derdimiz, y\u00fcre\u011fimizi da\u011flayan mesele bu. B\u00fct\u00fcn d\u00fcnyada kriz var. ABD&#8217;den yeni geldim. 250 bankalar\u0131 batm\u0131\u015f. \u00c7ok \u015f\u00fck\u00fcr bizim batan bankam\u0131z yok. Fakat bunun bedeli bize de i\u015fsizlik olarak geliyor. Bu kriz ge\u00e7icidir, yava\u015f yava\u015f \u0131\u015f\u0131k g\u00f6r\u00fcnmeye ba\u015flad\u0131, d\u00fczelme belirtileri var. Gerekli tedbirleri alarak sekt\u00f6rleri canland\u0131r\u0131yoruz. Kahvede oturan gen\u00e7lere i\u015f bulmak en b\u00fcy\u00fck arzumuz. \u0130\u015fsizlik kadar zor bir \u015fey yok, onu ya\u015fayan bilir, tuzu kurular pek bilmez, ama bizim gibi alttan gelen adamlar bilir.&#8221;<\/p>\n<p style=\"text-align: justify;\">\n<p style=\"text-align: justify;\"><strong>&#8221;NE VAR YAN\u0130 TR\u0130B\u00dcNDE OTURDUYSAM&#8221;<\/strong><\/p>\n<p style=\"text-align: justify;\">Bakan Unak\u0131tan, Eski\u015fehir&#8217;in en b\u00fcy\u00fck markas\u0131n\u0131n Eski\u015fehirspor oldu\u011funu belirterek, tak\u0131m\u0131n ba\u015far\u0131s\u0131n\u0131n kentin reklam\u0131 oldu\u011funu ifade etti.<\/p>\n<p style=\"text-align: justify;\">Eski\u015fehirspor&#8217;un S\u00fcper Lig&#8217;e \u00e7\u0131kmas\u0131yla kentin g\u00fcndeme geldi\u011fini s\u00f6yleyen Unak\u0131tan, \u015f\u00f6yle devam etti:<\/p>\n<p style=\"text-align: justify;\">&#8221;Benim bile \u00fcn\u00fcm artt\u0131. Sen \u015fimdi bu tak\u0131ma sahip \u00e7\u0131kma, \u015fampiyon olunca foto\u011frafta g\u00f6r\u00fcnmek i\u00e7in git. Var m\u0131 b\u00f6yle numara? Mevcut stat kente yak\u0131\u015fm\u0131yor. Eski\u015fehir&#8217;e yeni stat yapaca\u011f\u0131z. Odunpazar\u0131 Belediye Ba\u015fkan Aday\u0131 Burhan Sakall\u0131 i\u00e7in &#8216;Tayyip&#8217;in aslan\u0131&#8217; diyorlar. Bana g\u00f6re &#8216;Eski\u015fehir&#8217;in \u015fim\u015fe\u011fi&#8217; diyelim. Aslan maslan tan\u0131m\u0131yoruz, evinde g\u00f6t\u00fcr\u00fcyoruz, aslan falan hikaye. Kanarya falan hi\u00e7. Eski\u015fehirspor gelecek y\u0131l yukarlarda olacak. Bu sezon orta s\u0131ralarday\u0131z. Mecbur muyuz orada olmaya. Sivasspor g\u00f6kten zembille mi indi? Anadolu tak\u0131m\u0131 ruhunu a\u015f\u0131layan ilk Eski\u015fehirspor&#8217;dur.<\/p>\n<p style=\"text-align: justify;\">Eski\u015fehir&#8217;i ge\u00e7mi\u015fteki ba\u015far\u0131l\u0131 g\u00fcnlerine geri getirece\u011fiz. Avrupa Komisyonu&#8217;nun Geni\u015flemeden Sorumlu \u00dcyesi Olli Rehn&#8217;in tak\u0131m\u0131n\u0131 Eski\u015fehirspor 5-0 yenmi\u015f. Koskoca adam oldu onu unutam\u0131yor. Para versen bu reklam\u0131 yapt\u0131ramazs\u0131n. Eski\u015fehirspor her \u015feyiyle ba\u015f\u0131m\u0131z\u0131n \u00fcst\u00fcnde. \u015eimdiye kadar yanlar\u0131nda oldum bundan sonra en b\u00fcy\u00fck destek\u00e7isi olaca\u011f\u0131m. Eski\u015fehir&#8217;e bir ruh getiriyor, ama onu tenkit ediyorlar. Bakan gidince siyaset kar\u0131\u015f\u0131yormu\u015f. Ba\u015fka yerlerde de milletvekili, bakan gidiyor. Onlar siyaset kar\u0131\u015fm\u0131yor. Ben gidince mi siyaset kar\u0131\u015f\u0131yor. Ne var yani trib\u00fcnde oturduysam. Hakemler etkileniyormu\u015f. Ne etkilenmesi? Tersine etkileniyorlar. D\u00fcd\u00fck, k\u0131rm\u0131z\u0131 kart. Ya ba\u015fka kart\u0131n yok mu karde\u015fim. Bundan sonra hakk\u0131m\u0131z\u0131 yedirmeyece\u011fim. Sadece kar\u015f\u0131 tak\u0131mla de\u011fil, hakemlerle de m\u00fccadele ediyoruz. Onlar\u0131 da yenmemiz laz\u0131m. R\u0131za \u00c7al\u0131mbay&#8217;a &#8216;tak\u0131m\u0131n vidalar\u0131n\u0131 biraz s\u0131k&#8217; dedim. Olmayacak tak\u0131ma yeniliyorlar, aslan gibi tak\u0131m\u0131 yeniyorlar. Hakk\u0131m\u0131z yenilmesin. Kimseden ayr\u0131cal\u0131k beklemiyoruz.&#8221;<\/p>\n<p style=\"text-align: justify;\">Bakan Unak\u0131tan, konu\u015fmas\u0131 s\u0131ras\u0131nda kendisini uyaran dan\u0131\u015fman\u0131na hitaben, &#8221;Bizim doktorlar temsilci tutmu\u015flar, bizim Hakan&#8217;\u0131. \u0130ki de bir &#8216;yeter bakan\u0131m, keselim bakan\u0131m&#8217; ya Hakan ben bu g\u00fcnleri iple \u00e7ekiyorum, Eski\u015fehirliler ile ne zaman bir araya gelece\u011fim diye. Onun i\u00e7in b\u0131rak karde\u015fim iki kelam edece\u011fim. Sa\u011f olsun onlara da bir \u015fey diyemiyoruz. Beni d\u00fc\u015f\u00fcn\u00fcyorlar, b\u00f6yle gidiyoruz&#8221; dedi.<\/p>\n<p style=\"text-align: justify;\"><span style=\"color: #888888;\">Kaynak : Habert\u00fcrk<\/span><\/p>\n<p style=\"text-align: justify;\">\n","protected":false},"excerpt":{"rendered":"<\/p>\n<p style=\"text-align: justify;\">Unak\u0131tan &#8221;K\u00fcresel ekonomik kriz ge\u00e7icidir, yava\u015f yava\u015f \u0131\u015f\u0131k g\u00f6r\u00fcnmeye ba\u015flad\u0131, d\u00fczelme belirtileri var&#8221; <\/p>\n<p style=\"text-align: justify;\">Maliye Bakan\u0131 Kemal Unak\u0131tan, &#8221;K\u00fcresel ekonomik kriz ge\u00e7icidir, yava\u015f yava\u015f \u0131\u015f\u0131k g\u00f6r\u00fcnmeye ba\u015flad\u0131, d\u00fczelme belirtileri var&#8221; dedi.<\/p>\n<p style=\"text-align: justify;\">Anemon Otel&#8217;de d\u00fczenlenen etkinlikte sivil toplum \u00f6rg\u00fctleriyle bir araya gelen Bakan Unak\u0131tan, Ankara-Eski\u015fehir aras\u0131ndaki h\u0131zl\u0131 tren seferlerinin <\/p>\n","protected":false},"author":1,"featured_media":0,"comment_status":"open","ping_status":"closed","sticky":false,"template":"","format":"standard","meta":{"footnotes":""},"categories":[7],"tags":[],"class_list":["post-6788","post","type-post","status-publish","format-standard","hentry","category-ekonomi","odd"],"_links":{"self":[{"href":"http:\/\/www.korhanyilmaz.com\/index.php?rest_route=\/wp\/v2\/posts\/6788","targetHints":{"allow":["GET"]}}],"collection":[{"href":"http:\/\/www.korhanyilmaz.com\/index.php?rest_route=\/wp\/v2\/posts"}],"about":[{"href":"http:\/\/www.korhanyilmaz.com\/index.php?rest_route=\/wp\/v2\/types\/post"}],"author":[{"embeddable":true,"href":"http:\/\/www.korhanyilmaz.com\/index.php?rest_route=\/wp\/v2\/users\/1"}],"replies":[{"embeddable":true,"href":"http:\/\/www.korhanyilmaz.com\/index.php?rest_route=%2Fwp%2Fv2%2Fcomments&post=6788"}],"version-history":[{"count":0,"href":"http:\/\/www.korhanyilmaz.com\/index.php?rest_route=\/wp\/v2\/posts\/6788\/revisions"}],"wp:attachment":[{"href":"http:\/\/www.korhanyilmaz.com\/index.php?rest_route=%2Fwp%2Fv2%2Fmedia&parent=6788"}],"wp:term":[{"taxonomy":"category","embeddable":true,"href":"http:\/\/www.korhanyilmaz.com\/index.php?rest_route=%2Fwp%2Fv2%2Fcategories&post=6788"},{"taxonomy":"post_tag","embeddable":true,"href":"http:\/\/www.korhanyilmaz.com\/index.php?rest_route=%2Fwp%2Fv2%2Ftags&post=6788"}],"curies":[{"name":"wp","href":"https:\/\/api.w.org\/{rel}","templated":true}]}}