{"id":6778,"date":"2009-03-28T10:00:15","date_gmt":"2009-03-28T08:00:15","guid":{"rendered":"http:\/\/www.korhanyilmaz.com\/?p=6778"},"modified":"2009-03-28T10:00:15","modified_gmt":"2009-03-28T08:00:15","slug":"mumcuyu-akpden-ergenekon-koparmis","status":"publish","type":"post","link":"http:\/\/www.korhanyilmaz.com\/?p=6778","title":{"rendered":"Mumcu&#039;yu AKP&#039;den Ergenekon koparm\u0131\u015f"},"content":{"rendered":"<p style=\"text-align: center;\"><img loading=\"lazy\" decoding=\"async\" class=\"aligncenter size-full wp-image-6779\" title=\"Mumcu'yu AKP'den Ergenekon koparm\u0131\u015f\" src=\"http:\/\/www.korhanyilmaz.com\/wp-content\/uploads\/2009\/03\/64255_manset.jpg\" alt=\"Mumcu'yu AKP'den Ergenekon koparm\u0131\u015f\" width=\"376\" height=\"216\" \/><\/p>\n<p style=\"text-align: justify;\">Erkan Mumcu&#8217;nun AK Parti&#8217;den istifa ederek ANAP&#8217;a kat\u0131lmas\u0131n\u0131n Ergenekon taraf\u0131ndan organize edildi\u011fi ortaya \u00e7\u0131kt\u0131. \u00a0Ergenekon iddianamesinde, AK Parti&#8217;yi b\u00f6lmek i\u00e7in yap\u0131lan planlar ve at\u0131lan ad\u0131mlar bir bir anlat\u0131ld\u0131&#8230;<\/p>\n<p style=\"text-align: justify;\">Ergenekon iddianamesinde, AK Parti&#8217;yi b\u00f6lmek i\u00e7in yap\u0131lan planlar ortaya \u00e7\u0131kar\u0131ld\u0131. Ergenekoncular\u0131n AK Parti&#8217;li bakan ve milletvekillerini fi\u015fledikleri ortaya \u00e7\u0131kt\u0131. Erkan Mumcu&#8217;nun AK Parti&#8217;den istifa ederek ANAP&#8217;a kat\u0131lmas\u0131n\u0131n ve ANAP&#8217;\u0131n Meclis&#8217;te grup kurmas\u0131n\u0131n Ergenekon taraf\u0131ndan organize edildi\u011fi ortaya \u00e7\u0131kt\u0131. <!--more--><br \/>\n<strong><br \/>\nPar\u00e7a par\u00e7a di\u011ferleri&#8230; <\/strong><\/p>\n<p style=\"text-align: justify;\">Ergenekon san\u0131klar\u0131 Levent Ers\u00f6z ile SESAR ara\u015ft\u0131rma \u015firketinin sahibi \u0130smail Y\u0131ld\u0131z&#8217;\u0131n g\u00f6r\u00fc\u015fmelerinde AK Parti&#8217;yi b\u00f6lmenin detaylar\u0131 yer ald\u0131. Ers\u00f6z&#8217;le g\u00f6r\u00fc\u015fen Y\u0131ld\u0131z&#8217;\u0131n &#8220;Be\u015f tane milletvekili pa\u015fam, be\u015fi ge\u00e7ecek, iki tane Isparta milletvekili, iki tane Mu\u011fla milletvekili, bir tane \u0130stanbul milletvekili, benim temas halinde oldu\u011fum 15 tane milletvekili var. \u0130lk a\u015famada be\u015f transfer ger\u00e7ekle\u015ftirebilecek durumday\u0131z, ondan sonra par\u00e7a par\u00e7a di\u011ferleri&#8221; dedi\u011fi kaydedildi. Kimin ne kar\u015f\u0131l\u0131\u011f\u0131nda AK Parti&#8217;den ayr\u0131laca\u011f\u0131 konusunda \u00e7al\u0131\u015fma yapt\u0131klar\u0131n\u0131 Ers\u00f6z&#8217;e aktaran Y\u0131ld\u0131z&#8217;\u0131n &#8220;\u00c7al\u0131\u015fmalar \u00f6nemli \u00f6l\u00e7\u00fcde tamamlanmak \u00fczere&#8221; dedi\u011fi iddianamede yer ald\u0131. Ara\u015ft\u0131rma \u015firketi sahibi Y\u0131ld\u0131z&#8217;\u0131n AK Parti i\u00e7in yapt\u0131\u011f\u0131 anketleri asl\u0131nda Ergenekon i\u00e7in yapt\u0131\u011f\u0131 da ortaya \u00e7\u0131kt\u0131.<br \/>\n<strong><br \/>\nPartiden kopar\u0131r\u0131z <\/strong>\n<\/p>\n<p style=\"text-align: justify;\">Ers\u00f6z&#8217;e AK Partili milletvekillerinin partiden nas\u0131l kapart\u0131labilece\u011fine ili\u015fkin \u00e7al\u0131\u015fma yapt\u0131klar\u0131n\u0131 anlatan Y\u0131ld\u0131z&#8217;\u0131n &#8220;368 milletvekili var zaten AKP&#8217;nin. Ben bu 368 milletvekilinin 368&#8217;i ile de ilgili dosya haz\u0131rlad\u0131m. Ve sordu\u011fumuz soru; AKP&#8217;den kopar m\u0131s\u0131n\u0131z? Ni\u00e7in kopars\u0131n\u0131z? Neden kopars\u0131n\u0131z? Ne zaman kopars\u0131n\u0131z? Hangi \u015fartlar alt\u0131nda kopars\u0131n\u0131z? Ve ne istersiniz? Cevap; 280 milletvekili AKP&#8217;den tabii ki kopabilirim diyor, bunlar devletle \u00e7at\u0131\u015fmaya devam ederse, bunlar T\u00fcrkiye&#8217;yi iyi idare edemezse ve ekonomik kriz \u00e7\u0131karsa, G\u00fcneydo\u011fu ile ilgili bask\u0131lar artarsa, K\u0131br\u0131s&#8217;la ilgili taahh\u00fctleri artarsa bu zafiyetlerde kopabiliriz diyor&#8221; dedi\u011fi aktar\u0131ld\u0131.<\/p>\n<p style=\"text-align: justify;\"><strong>Vekilleri de TEK TEK fi\u015flemi\u015fler<\/strong><\/p>\n<p style=\"text-align: justify;\">Emekli orgeneral Hur\u015fit Tolon&#8217;un bilgisayar\u0131nda ele ge\u00e7irilen belgede ise AK Parti&#8217;li bakan ve milletvekilleriyle ilgili \u00f6zel fi\u015fleme dosyalar\u0131 bulundu. Tolon&#8217;un bilgisayar\u0131nda AK Parti&#8217;li bir\u00e7ok bakan ve milletvekili ile ilgili &#8220;Kimdir?&#8221;, &#8220;Kimlik Bilgileri&#8221; ve &#8220;Siyasi ve Dini G\u00f6r\u00fc\u015flerine&#8221; ili\u015fkin bilgilerin bulundu\u011fu ortaya \u00e7\u0131kt\u0131.<br \/>\n<strong><br \/>\n\u00d6zel dosyalar <\/strong>\n<\/p>\n<p style=\"text-align: justify;\">Tolon&#8217;un bilgisayar\u0131nda ele ge\u00e7irilen dosyalarda AK Parti Milletvekili \u00d6mer \u00c7elik, eski bakan Atilla Ko\u00e7, \u0130stanbul Milletvekili Egemen Ba\u011f\u0131\u015f, Milli E\u011fitim Bakan\u0131 H\u00fcseyin \u00c7elik&#8217;le ilgili dosyalar bulundu. Tolon&#8217;un bilgisayar\u0131nda &#8220;\u00d6zel Durumu Olan Milletvekilleri AKP&#8221; dosyalar\u0131nda ayr\u0131 ayr\u0131 100 vekile ili\u015fkin bilgiler bulundu. Tolon&#8217;un dosyas\u0131nda &#8220;\u00d6zel Durumu Olan Milletvekilleri Ba\u011f\u0131ms\u0131z&#8221; dosyas\u0131nda 3 ba\u011f\u0131ms\u0131z, &#8220;\u00d6zel Durumu Olan Milletvekilleri CHP&#8221; dosyas\u0131nda 2 CHP milletvekili hakk\u0131nda bilgiler bulundu.<\/p>\n<p style=\"text-align: justify;\"><strong>CEM UZAN: PARAYI SOKAKTAN TOPLAMADIK<\/strong><\/p>\n<p style=\"text-align: justify;\">Ergenekoncular&#8217;\u0131n Cem Uzan&#8217;\u0131n, &#8216;paras\u0131yla&#8217; AK Parti&#8217;yi b\u00f6lme plan\u0131na s\u0131cak bakmad\u0131\u011f\u0131 ortaya \u00e7\u0131kt\u0131. Cem Uzan&#8217;\u0131n &#8220;Hakkari&#8217;den ba\u011f\u0131ms\u0131z milletvekili se\u00e7ilen birisinin b\u00f6yle bir i\u015f i\u00e7in bir bu\u00e7uk milyon dolar para istedi\u011fini, paray\u0131 sokaktan toplamad\u0131\u011f\u0131n\u0131, bu t\u00fcr \u015feyler yapmas\u0131n\u0131n kendisine bir fayda sa\u011flamayaca\u011f\u0131n\u0131, fakat Meclis&#8217;te grup kurman\u0131n ba\u015fka bir olay oldu\u011funu, bunun da \u00e7ok zor oldu\u011funu, bir y\u0131\u011f\u0131n servet harcayarak 15 ki\u015fi alsa yine grup kuramayaca\u011f\u0131n\u0131 s\u00f6yledi\u011fi&#8221; aktar\u0131ld\u0131.<\/p>\n<p style=\"text-align: justify;\"><span style=\"color: #888888;\">Kaynak : Bilal \u00c7ET\u0130N \/ BUG\u00dcN<\/span><strong><br \/>\n<\/strong><\/p>\n","protected":false},"excerpt":{"rendered":"<p style=\"text-align: center;\">\n<p style=\"text-align: justify;\">Erkan Mumcu&#8217;nun AK Parti&#8217;den istifa ederek ANAP&#8217;a kat\u0131lmas\u0131n\u0131n Ergenekon taraf\u0131ndan organize edildi\u011fi ortaya \u00e7\u0131kt\u0131. Ergenekon iddianamesinde, AK Parti&#8217;yi b\u00f6lmek i\u00e7in yap\u0131lan planlar ve at\u0131lan ad\u0131mlar bir bir anlat\u0131ld\u0131&#8230;<\/p>\n<p style=\"text-align: justify;\">Ergenekon iddianamesinde, AK Parti&#8217;yi b\u00f6lmek i\u00e7in yap\u0131lan planlar ortaya \u00e7\u0131kar\u0131ld\u0131. Ergenekoncular\u0131n AK Parti&#8217;li bakan ve milletvekillerini fi\u015fledikleri ortaya \u00e7\u0131kt\u0131. Erkan <\/p>\n","protected":false},"author":1,"featured_media":0,"comment_status":"open","ping_status":"closed","sticky":false,"template":"","format":"standard","meta":{"footnotes":""},"categories":[105],"tags":[],"class_list":["post-6778","post","type-post","status-publish","format-standard","hentry","category-gundem","odd"],"_links":{"self":[{"href":"http:\/\/www.korhanyilmaz.com\/index.php?rest_route=\/wp\/v2\/posts\/6778","targetHints":{"allow":["GET"]}}],"collection":[{"href":"http:\/\/www.korhanyilmaz.com\/index.php?rest_route=\/wp\/v2\/posts"}],"about":[{"href":"http:\/\/www.korhanyilmaz.com\/index.php?rest_route=\/wp\/v2\/types\/post"}],"author":[{"embeddable":true,"href":"http:\/\/www.korhanyilmaz.com\/index.php?rest_route=\/wp\/v2\/users\/1"}],"replies":[{"embeddable":true,"href":"http:\/\/www.korhanyilmaz.com\/index.php?rest_route=%2Fwp%2Fv2%2Fcomments&post=6778"}],"version-history":[{"count":0,"href":"http:\/\/www.korhanyilmaz.com\/index.php?rest_route=\/wp\/v2\/posts\/6778\/revisions"}],"wp:attachment":[{"href":"http:\/\/www.korhanyilmaz.com\/index.php?rest_route=%2Fwp%2Fv2%2Fmedia&parent=6778"}],"wp:term":[{"taxonomy":"category","embeddable":true,"href":"http:\/\/www.korhanyilmaz.com\/index.php?rest_route=%2Fwp%2Fv2%2Fcategories&post=6778"},{"taxonomy":"post_tag","embeddable":true,"href":"http:\/\/www.korhanyilmaz.com\/index.php?rest_route=%2Fwp%2Fv2%2Ftags&post=6778"}],"curies":[{"name":"wp","href":"https:\/\/api.w.org\/{rel}","templated":true}]}}