{"id":6766,"date":"2009-03-27T17:49:06","date_gmt":"2009-03-27T15:49:06","guid":{"rendered":"http:\/\/www.korhanyilmaz.com\/?p=6766"},"modified":"2009-03-27T17:49:06","modified_gmt":"2009-03-27T15:49:06","slug":"gul-ilk-yas%e2%80%99inda-ozkok%e2%80%99le-tartisti","status":"publish","type":"post","link":"http:\/\/www.korhanyilmaz.com\/?p=6766","title":{"rendered":"G\u00fcl ilk YA\u015e\u2019\u0131nda \u00d6zk\u00f6k\u2019le tart\u0131\u015ft\u0131"},"content":{"rendered":"<p style=\"text-align: center;\"><img loading=\"lazy\" decoding=\"async\" class=\"aligncenter size-full wp-image-6767\" title=\"G\u00fcl ilk YA\u015e\u2019\u0131nda \u00d6zk\u00f6k\u2019le tart\u0131\u015ft\u0131 \" src=\"http:\/\/www.korhanyilmaz.com\/wp-content\/uploads\/2009\/03\/280320090431017201490.jpg\" alt=\"G\u00fcl ilk YA\u015e\u2019\u0131nda \u00d6zk\u00f6k\u2019le tart\u0131\u015ft\u0131 \" width=\"329\" height=\"210\" \/><\/p>\n<p style=\"text-align: center;\">\n<p style=\"text-align: justify;\"><strong>Balbay&#8217;\u0131n g\u00fcnl\u00fcklerine g\u00f6re, YA\u015e&#8217;ta G\u00fcl &#8220;G\u00fcndemi ben yapmak istiyorum&#8221; dedi. \u00d6zk\u00f6k kar\u015f\u0131 \u00e7\u0131kt\u0131.<\/strong><\/p>\n<p style=\"text-align: justify;\">Komutanlar, &#8220;Yetki Genelkurmay Ba\u015fkan\u0131&#8217;n\u0131n&#8221; dedi. 1&#8217;inci Ordu Komutan\u0131 Do\u011fan, &#8220;Niyetiniz 28 \u015eubat&#8217;\u0131n intikam\u0131n\u0131 almaksa pi\u015fman olursunuz&#8221; dedi, komutanlar onu destekledi<\/p>\n<p style=\"text-align: justify;\">ANKARA &#8211; \u0130kinci Ergenekon iddianamesine giren g\u00fcnl\u00fcklere g\u00f6re Cumhurba\u015fkan\u0131 Abdullah G\u00fcl, 2002 y\u0131l\u0131nda Ba\u015fbakan olarak kat\u0131ld\u0131\u011f\u0131 ilk Y\u00fcksek Askeri \u015eura (YA\u015e) toplant\u0131s\u0131nda d\u00f6nemin Genelkurmay Ba\u015fkan\u0131 Orgeneral Hilmi \u00d6zk\u00f6k&#8217;le tart\u0131\u015ft\u0131.<\/p>\n<p style=\"text-align: justify;\">Cumhuriyet Gazetesi Ankara Temsilcisi Mustafa Balbay&#8217;a ait oldu\u011fu \u00f6ne s\u00fcr\u00fclen g\u00fcnl\u00fcklerin iddianameye al\u0131nan b\u00f6l\u00fcmlerinde AKP&#8217;nin iktidara gelmesinden sonra yap\u0131lan ilk YA\u015e toplant\u0131s\u0131ndaki bir tart\u0131\u015fmada ge\u00e7en diyaloglar aktar\u0131l\u0131yor. <!--more--><\/p>\n<p style=\"text-align: justify;\">T\u00fcrkiye&#8217;de TSK&#8217;dan ihra\u00e7 kararlar\u0131na kar\u015f\u0131 ilk kez muhalefet \u015ferhi konan YA\u015e toplant\u0131s\u0131nda, ihra\u00e7 kararlar\u0131 da tart\u0131\u015f\u0131l\u0131yor. Milli Savunma Bakan\u0131 olarak ilk kez YA\u015e toplant\u0131s\u0131na kat\u0131lan Vecdi G\u00f6n\u00fcl, ihra\u00e7 kararlar\u0131n\u0131n yarg\u0131ya gidebilmesi gerekti\u011fini savunuyor. Tart\u0131\u015fma alevlenince bu kez devreye bir ba\u015fka YA\u015e \u00fcyesi girerek sert bir \u00e7\u0131k\u0131\u015f yap\u0131yor. Ba\u015fbakan&#8217;a &#8220;sen&#8221; diye hitap eden YA\u015e \u00fcyesi &#8220;E\u011fer niyetiniz 28 \u015eubat&#8217;\u0131n intikam\u0131n\u0131 almaksa pi\u015fman olursunuz. Bunun hesab\u0131n\u0131 size sorar\u0131z&#8221; diyor. G\u00fcnl\u00fckte bu s\u00f6zlerin &#8220;Do\u011fan&#8221; taraf\u0131ndan s\u00f6ylendi\u011fi belirtiliyor. O toplant\u0131ya kat\u0131lan YA\u015e \u00fcyeleri aras\u0131nda yer ald\u0131\u011f\u0131 i\u00e7in d\u00f6nemin 1. Ordu Komutan\u0131 Orgeneral \u00c7etin Do\u011fan oldu\u011fu tahmin edilen bu YA\u015e \u00fcyesinin s\u00f6zlerine, Genelkurmay Ba\u015fkan\u0131 ve kuvvet komutanlar\u0131 d\u0131\u015f\u0131ndaki komutanlardan b\u00fcy\u00fck destek geliyor.<\/p>\n<p style=\"text-align: justify;\"><strong>G\u00fcnl\u00fcklerde &#8220;YA\u015e \u00e7ok sert ge\u00e7mi\u015f&#8221; notunun alt\u0131nda yer alan diyalog \u015f\u00f6yle: <\/strong><\/p>\n<p style=\"text-align: justify;\"><strong>\u00d6zk\u00f6k:<\/strong> Sizi anl\u0131yorum, taban\u0131n\u0131z\u0131 da anl\u0131yorum. Ama..<\/p>\n<p style=\"text-align: justify;\"><strong>G\u00fcl: <\/strong>G\u00fcndemi ben yapmak istiyorum&#8230;<\/p>\n<p style=\"text-align: justify;\"><strong>Asker: <\/strong>Yapamazs\u0131n\u0131z.<\/p>\n<p style=\"text-align: justify;\"><strong>G\u00fcl:<\/strong> Neden?<\/p>\n<p style=\"text-align: justify;\"><strong>Asker:<\/strong> Yasa b\u00f6yle&#8230; G\u00fcndemi Genelkurmay Ba\u015fk yapar.<\/p>\n<p style=\"text-align: justify;\"><strong>Vecdi G\u00f6n\u00fcl:<\/strong> (y\u015fans\u0131dan sonra) ben size hak veriyorum ama, bunlar yarg\u0131ya gidebilmeli. Disiplin \u00e7ok \u00f6nemlidir&#8230; Ama yarg\u0131s\u0131z olmaz&#8230; (G\u00fcl o s\u0131rada konu\u015fmuyor)<\/p>\n<p style=\"text-align: justify;\"><strong>Do\u011fan: <\/strong>(tart\u0131\u015fma alevlenince) E\u011fer niyetiniz 28 \u015eubat&#8217;\u0131n intikam\u0131n\u0131 almaksa pi\u015fman olursunuz. Bunun hesab\u0131n\u0131 size sorar\u0131z. (Ba\u015fbakan&#8217;a sen diye hitap ediyor.) Do\u011fan konu\u015ftuktan sonra komuta kademesi hari\u00e7 komutanlar 11&#8217;i birden el kald\u0131r\u0131p, konu\u015fmay\u0131 destekliyoruz, diyor<\/p>\n<p style=\"text-align: justify;\"><strong>&#8216;\u0130\u00e7erik az&#8217;<\/strong><\/p>\n<p style=\"text-align: justify;\">G\u00fcnl\u00fc\u011f\u00fcn iddianemeye giren b\u00f6l\u00fcm\u00fcnde bu diyalo\u011fun hemen alt\u0131nda Genelkurmay&#8217;\u0131n kokteyliyla ilgili bir not da &#8220;8 Ocak \u00c7ar\u015famba bas\u0131n kokteyli&#8230; \u00d6zk\u00f6k&#8217;le uzun uzun konu\u015fma.. Konu\u015fman\u0131n i\u00e7eri\u011fini biraz az bulmu\u015flar&#8230;&#8221; ifadesiyle yer al\u0131yor. Bu nottan sonra bir ba\u015fka notta da, ihra\u00e7 kararlar\u0131yla ilgili ilgin\u00e7 bir de\u011ferlendirme yer al\u0131yor. 9 Ocakta Ergenekon san\u0131klar\u0131ndan emekli t\u00fcmgeneral Erdal \u015eenel&#8217;in kat\u0131ld\u0131\u011f\u0131 yemekle ilgili notlar da \u015f\u00f6yle: &#8220;9 Ocak. Erdal \u015eenel&#8217;in kat\u0131ld\u0131\u011f\u0131 yemek&#8230; Anayasa&#8217;n\u0131n 125. maddesinin de\u011fi\u015femezli\u011finin konmas\u0131 istenmi\u015f.. 3000 bin subay astsubay irticadan sak\u0131ncal\u0131&#8230; Harb Okullar\u0131nda y\u00fczde 80 oru\u00e7 tutanlar&#8230; bunu azaltman\u0131n yolu nedir, diye bak\u0131l\u0131yor.. 12 Eyl\u00fclde dini b\u00fct\u00fcn, e\u015fi kapal\u0131 aile \u00e7ocuklar\u0131 aranm\u0131\u015f subay olmalar\u0131 i\u00e7in. Sonra onlar\u0131 atm\u0131\u015flar. Onlardan kalmam\u0131\u015f. \u015fimdikiler farkl\u0131..<\/p>\n<p style=\"text-align: justify;\"><strong><br \/>\nG\u00fcl, Do\u011fan&#8217;\u0131 g\u00f6revden ald\u0131<\/strong>\n<\/p>\n<p style=\"text-align: justify;\">Balbay&#8217;\u0131n g\u00fcnl\u00fcklerine g\u00f6re G\u00fcl&#8217;le tart\u0131\u015fan 1.Ordu Komutan\u0131 \u00c7etin Do\u011fan, emekli olduktan sonra Hoca Ahmet Yesevi T\u00fcrk Kazak \u00dcniversitesi M\u00fctevelli Heyeti Ba\u015fkanl\u0131\u011f\u0131&#8217;na atand\u0131. G\u00fcl cumhurba\u015fkan\u0131 se\u00e7ildikten sonra Do\u011fan&#8217;\u0131 bu g\u00f6revden ald\u0131. Do\u011fan G\u00fcl hakk\u0131nda dava a\u00e7t\u0131 ve &#8216;2002 YA\u015e&#8217;ta kar\u015f\u0131 kar\u015f\u0131ya geldik ve tepkimi dile getirdim. 28 \u015eubat&#8217;ta Bat\u0131 \u00c7al\u0131\u015fma Grubu&#8217;nu y\u00f6nettim. Benden r\u00f6nvan\u015f almak istiyor &#8221; dedi.<\/p>\n<p style=\"text-align: justify;\"><span style=\"color: #888888;\">Kaynak : Vatan Gazetesi<\/span><\/p>\n","protected":false},"excerpt":{"rendered":"<p style=\"text-align: center;\">\n<p style=\"text-align: center;\">\n<p style=\"text-align: justify;\">Balbay&#8217;\u0131n g\u00fcnl\u00fcklerine g\u00f6re, YA\u015e&#8217;ta G\u00fcl &#8220;G\u00fcndemi ben yapmak istiyorum&#8221; dedi. \u00d6zk\u00f6k kar\u015f\u0131 \u00e7\u0131kt\u0131.<\/p>\n<p style=\"text-align: justify;\">Komutanlar, &#8220;Yetki Genelkurmay Ba\u015fkan\u0131&#8217;n\u0131n&#8221; dedi. 1&#8217;inci Ordu Komutan\u0131 Do\u011fan, &#8220;Niyetiniz 28 \u015eubat&#8217;\u0131n intikam\u0131n\u0131 almaksa pi\u015fman olursunuz&#8221; dedi, komutanlar onu destekledi<\/p>\n<p style=\"text-align: justify;\">ANKARA &#8211; \u0130kinci Ergenekon iddianamesine giren g\u00fcnl\u00fcklere g\u00f6re Cumhurba\u015fkan\u0131 Abdullah <\/p>\n","protected":false},"author":1,"featured_media":0,"comment_status":"open","ping_status":"closed","sticky":false,"template":"","format":"standard","meta":{"footnotes":""},"categories":[105],"tags":[],"class_list":["post-6766","post","type-post","status-publish","format-standard","hentry","category-gundem","odd"],"_links":{"self":[{"href":"http:\/\/www.korhanyilmaz.com\/index.php?rest_route=\/wp\/v2\/posts\/6766","targetHints":{"allow":["GET"]}}],"collection":[{"href":"http:\/\/www.korhanyilmaz.com\/index.php?rest_route=\/wp\/v2\/posts"}],"about":[{"href":"http:\/\/www.korhanyilmaz.com\/index.php?rest_route=\/wp\/v2\/types\/post"}],"author":[{"embeddable":true,"href":"http:\/\/www.korhanyilmaz.com\/index.php?rest_route=\/wp\/v2\/users\/1"}],"replies":[{"embeddable":true,"href":"http:\/\/www.korhanyilmaz.com\/index.php?rest_route=%2Fwp%2Fv2%2Fcomments&post=6766"}],"version-history":[{"count":0,"href":"http:\/\/www.korhanyilmaz.com\/index.php?rest_route=\/wp\/v2\/posts\/6766\/revisions"}],"wp:attachment":[{"href":"http:\/\/www.korhanyilmaz.com\/index.php?rest_route=%2Fwp%2Fv2%2Fmedia&parent=6766"}],"wp:term":[{"taxonomy":"category","embeddable":true,"href":"http:\/\/www.korhanyilmaz.com\/index.php?rest_route=%2Fwp%2Fv2%2Fcategories&post=6766"},{"taxonomy":"post_tag","embeddable":true,"href":"http:\/\/www.korhanyilmaz.com\/index.php?rest_route=%2Fwp%2Fv2%2Ftags&post=6766"}],"curies":[{"name":"wp","href":"https:\/\/api.w.org\/{rel}","templated":true}]}}