{"id":6755,"date":"2009-03-27T17:26:05","date_gmt":"2009-03-27T15:26:05","guid":{"rendered":"http:\/\/www.korhanyilmaz.com\/?p=6755"},"modified":"2009-03-27T17:26:05","modified_gmt":"2009-03-27T15:26:05","slug":"tiyatrolar-gunu-kutlandi","status":"publish","type":"post","link":"http:\/\/www.korhanyilmaz.com\/?p=6755","title":{"rendered":"Tiyatrolar G\u00fcn\u00fc kutland\u0131"},"content":{"rendered":"<p style=\"text-align: center;\"><a href=\"http:\/\/www.korhanyilmaz.com\/wp-content\/uploads\/2009\/03\/fft5_mf144887.jpeg\"  class=\"lightview\"><img loading=\"lazy\" decoding=\"async\" class=\"aligncenter size-full wp-image-6756\" title=\"Tiyatrolar G\u00fcn\u00fc kutland\u0131 \" src=\"http:\/\/www.korhanyilmaz.com\/wp-content\/uploads\/2009\/03\/fft5_mf144887.jpeg\" alt=\"Tiyatrolar G\u00fcn\u00fc kutland\u0131 \" width=\"357\" height=\"238\" \/><\/a><\/p>\n<p style=\"text-align: center;\">\n<p style=\"text-align: justify;\"><strong>27 Mart Tiyatrolar G\u00fcn\u00fc nedeniyle At\u00fcrk K\u00fclt\u00fcr Merkezi \u00f6n\u00fcnde etkinlikler d\u00fczenlendi.<\/strong><\/p>\n<p style=\"text-align: justify;\">&#8220;27 Mart D\u00fcnya Tiyatro G\u00fcn\u00fc&#8221;, \u00e7e\u015fitli sivil toplum kurulu\u015flar\u0131, tiyatrocular ve siyasi partilerin kat\u0131ld\u0131\u011f\u0131 \u00e7e\u015fitli etkinliklerle kutland\u0131.<\/p>\n<p style=\"text-align: justify;\">Atat\u00fcrk K\u00fclt\u00fcr Merkezi (AKM) \u00f6n\u00fcnde toplanan Liberal Demokrat Parti (LDP) \u00fcyeleri ad\u0131na bas\u0131n a\u00e7\u0131klamas\u0131 yapan LDP \u015ei\u015fli \u0130l\u00e7e Ba\u015fkan\u0131 B\u00fcnyamin Bahar, sanat\u00e7\u0131n\u0131n devlet memuru olarak \u00e7al\u0131\u015fmas\u0131n\u0131n &#8220;sanat\u00e7\u0131n\u0131n sanat\u0131n\u0131n inkar\u0131&#8221; oldu\u011fu g\u00f6r\u00fc\u015f\u00fcn\u00fc savundu. Bahar, &#8220;Devlet sanat faaliyetlerinin t\u00fcm\u00fcne son vermelidir. Devlete s\u0131rt\u0131n\u0131 dayamadan sanat yapan, t\u00fcm \u00f6zg\u00fcr ve ba\u011f\u0131ms\u0131z tiyatro camiam\u0131z\u0131n g\u00fcn\u00fcn\u00fc kutlar\u0131z&#8221; dedi.<br \/>\nAKM \u00f6n\u00fcnde tiyatro sanat\u00e7\u0131lar\u0131n\u0131n ve \u00e7e\u015fitli sivil toplum \u00f6rg\u00fctlerinin haz\u0131rlad\u0131\u011f\u0131 etkinlikte ise, K\u00fclt\u00fcr Sanat ve Turizm Emek\u00e7ileri Sendikas\u0131 (K\u00fclt\u00fcr Sanat-Sen) Genel Ba\u015fkan\u0131 Yavuz Demirkaya yapt\u0131\u011f\u0131 konu\u015fmada, sanat\u0131n ve sanat\u00e7\u0131n\u0131n geli\u015fmesini, \u00f6zg\u00fcrle\u015fmesini engellemek isteyenlere kar\u015f\u0131 verilen m\u00fccadelenin her ge\u00e7en g\u00fcn biraz daha h\u0131z kazand\u0131\u011f\u0131n\u0131 s\u00f6yledi. <!--more--><\/p>\n<p style=\"text-align: justify;\">Demirkaya, bu m\u00fccadele ortam\u0131nda &#8220;sanat i\u00e7in sanat&#8221; ya da &#8220;toplum i\u00e7in sanat&#8221; ak\u0131mlar\u0131n\u0131n bug\u00fcn itibariyle &#8220;rant i\u00e7in sanat&#8221; slogan\u0131na d\u00f6n\u00fc\u015ft\u00fc\u011f\u00fcn\u00fc \u00f6ne s\u00fcrd\u00fc.<br \/>\nSendika olarak mekansal tarihi, sosyolojik de\u011ferleri olan sanat ortamlar\u0131na ve k\u00fclt\u00fcr merkezlerine sahip \u00e7\u0131kacaklar\u0131n\u0131 ifade eden Demirkaya, &#8220;T\u00fcm g\u00fcc\u00fcm\u00fczle hala yerinde duran AKM gibi \u00f6nemli yap\u0131lara sahip \u00e7\u0131kaca\u011f\u0131z. AKM&#8217;nin ya\u011fmalanmas\u0131n\u0131 engellemek i\u00e7in \u00f6rg\u00fctsel ve hukuksal anlamda t\u00fcm imkanlar\u0131m\u0131z\u0131 seferber edece\u011fiz&#8221; diye konu\u015ftu.<br \/>\nUluslararas\u0131 Plastik Sanat\u00e7\u0131lar Derne\u011fi Ba\u015fkan\u0131 Bedri Baykam da, &#8220;D\u00fcnya Tiyatro G\u00fcn\u00fc&#8217;nde k\u0131zg\u0131nl\u0131\u011f\u0131m\u0131z\u0131 ortaya d\u00f6kmek i\u00e7in ve sanat\u0131 ortadan kald\u0131rmaya \u00e7al\u0131\u015fanlara dur demek i\u00e7in bir araya geldik. AKM \u00f6zg\u00fcrl\u00fc\u011f\u00fcn simgesidir. Bu durumu hak etmiyor&#8221; \u015feklinde konu\u015ftu.<br \/>\nEtkinlikte, Augusto Boal&#8217;\u0131n yazd\u0131\u011f\u0131 &#8216;2. Uluslararas\u0131 D\u00fcnya Tiyatro G\u00fcn\u00fc Bildirisi&#8217; ve &#8216;Alternatif Tiyatro G\u00fcn\u00fc Bildirisi&#8217; okundu.<br \/>\nKonu\u015fmalar\u0131n ard\u0131ndan Nejat Yava\u015fo\u011fullar\u0131&#8217;n\u0131n da bulundu\u011fu \u00e7e\u015fitli sanat\u00e7\u0131lar m\u00fczik dinletisi sundu.\n<\/p>\n<p style=\"text-align: justify;\">CHP&#8217;li G\u00fcrsel Tekin ile CHP \u0130stanbul B\u00fcy\u00fck\u015fehir Belediye Ba\u015fkan Aday\u0131 Kemal K\u0131l\u0131\u00e7daro\u011flu da etkinli\u011fi ziyaret etti.<\/p>\n<p style=\"text-align: justify;\"><span style=\"color: #888888;\">AA<\/span><\/p>\n","protected":false},"excerpt":{"rendered":"<p style=\"text-align: center;\">\n<p style=\"text-align: center;\">\n<p style=\"text-align: justify;\">27 Mart Tiyatrolar G\u00fcn\u00fc nedeniyle At\u00fcrk K\u00fclt\u00fcr Merkezi \u00f6n\u00fcnde etkinlikler d\u00fczenlendi.<\/p>\n<p style=\"text-align: justify;\">&#8220;27 Mart D\u00fcnya Tiyatro G\u00fcn\u00fc&#8221;, \u00e7e\u015fitli sivil toplum kurulu\u015flar\u0131, tiyatrocular ve siyasi partilerin kat\u0131ld\u0131\u011f\u0131 \u00e7e\u015fitli etkinliklerle kutland\u0131.<\/p>\n<p style=\"text-align: justify;\">Atat\u00fcrk K\u00fclt\u00fcr Merkezi (AKM) \u00f6n\u00fcnde toplanan Liberal Demokrat Parti (LDP) \u00fcyeleri ad\u0131na bas\u0131n a\u00e7\u0131klamas\u0131 yapan <\/p>\n","protected":false},"author":1,"featured_media":0,"comment_status":"open","ping_status":"closed","sticky":false,"template":"","format":"standard","meta":{"footnotes":""},"categories":[8],"tags":[],"class_list":["post-6755","post","type-post","status-publish","format-standard","hentry","category-kultur-sanat","odd"],"_links":{"self":[{"href":"http:\/\/www.korhanyilmaz.com\/index.php?rest_route=\/wp\/v2\/posts\/6755","targetHints":{"allow":["GET"]}}],"collection":[{"href":"http:\/\/www.korhanyilmaz.com\/index.php?rest_route=\/wp\/v2\/posts"}],"about":[{"href":"http:\/\/www.korhanyilmaz.com\/index.php?rest_route=\/wp\/v2\/types\/post"}],"author":[{"embeddable":true,"href":"http:\/\/www.korhanyilmaz.com\/index.php?rest_route=\/wp\/v2\/users\/1"}],"replies":[{"embeddable":true,"href":"http:\/\/www.korhanyilmaz.com\/index.php?rest_route=%2Fwp%2Fv2%2Fcomments&post=6755"}],"version-history":[{"count":0,"href":"http:\/\/www.korhanyilmaz.com\/index.php?rest_route=\/wp\/v2\/posts\/6755\/revisions"}],"wp:attachment":[{"href":"http:\/\/www.korhanyilmaz.com\/index.php?rest_route=%2Fwp%2Fv2%2Fmedia&parent=6755"}],"wp:term":[{"taxonomy":"category","embeddable":true,"href":"http:\/\/www.korhanyilmaz.com\/index.php?rest_route=%2Fwp%2Fv2%2Fcategories&post=6755"},{"taxonomy":"post_tag","embeddable":true,"href":"http:\/\/www.korhanyilmaz.com\/index.php?rest_route=%2Fwp%2Fv2%2Ftags&post=6755"}],"curies":[{"name":"wp","href":"https:\/\/api.w.org\/{rel}","templated":true}]}}