{"id":6750,"date":"2009-03-27T22:16:54","date_gmt":"2009-03-27T20:16:54","guid":{"rendered":"http:\/\/www.korhanyilmaz.com\/?p=6750"},"modified":"2009-03-27T22:16:54","modified_gmt":"2009-03-27T20:16:54","slug":"asfalt-yol-seker-gibi-eridi-uc-kisi-oldu","status":"publish","type":"post","link":"http:\/\/www.korhanyilmaz.com\/?p=6750","title":{"rendered":"Asfalt yol \u015feker gibi eridi, \u00fc\u00e7 ki\u015fi \u00f6ld\u00fc"},"content":{"rendered":"<p style=\"text-align: center;\"><img loading=\"lazy\" decoding=\"async\" class=\"aligncenter size-full wp-image-6751\" title=\"Asfalt yol \u015feker gibi eridi, \u00fc\u00e7 ki\u015fi \u00f6ld\u00fc \" src=\"http:\/\/www.korhanyilmaz.com\/wp-content\/uploads\/2009\/03\/fft5_mf144760.jpeg\" alt=\"Asfalt yol \u015feker gibi eridi, \u00fc\u00e7 ki\u015fi \u00f6ld\u00fc \" width=\"360\" height=\"240\" \/><\/p>\n<p style=\"text-align: justify;\"><strong>Nev\u015fehir \u00dcrg\u00fcp&#8217;te asfalt yol ya\u011f\u0131\u015f y\u00fcz\u00fcnden \u00fczerinde otomobil ge\u00e7erken \u00e7\u00f6kt\u00fc. Kazada 3 ki\u015fi \u00f6ld\u00fc bir ki\u015fi yaraland\u0131. <\/strong><\/p>\n<p style=\"text-align: justify;\">NEV\u015eEH\u0130R&#8217;in \u00dcrg\u00fcp \u0130l\u00e7esi&#8217;ne ba\u011fl\u0131 Aksalur Beldesinde yo\u011fun ya\u011f\u0131\u015flar sonucu alttan a\u015f\u0131nan asfalt yol, \u00fczerinden otomobil ge\u00e7erken \u00e7\u00f6kt\u00fc. Olu\u015fan \u00e7ukura d\u00fc\u015fen otomobilde bulunan 3 ki\u015fi olay yerinde \u00f6ld\u00fc, 1 ki\u015fi yaral\u0131 olarak kurtuldu.<br \/>\n\u00dcrg\u00fcp il\u00e7esine ba\u011fl\u0131 Aksalur&#8217;u Kayseri&#8217;ye ba\u011flayan asfalt yolun 2&#8217;nci kilometresinde alt\u0131nda menfez bulunan yol, ge\u00e7en haftadan beri aral\u0131klarla ya\u011fan kar ve ya\u011fmur sonucu menfezin dolmas\u0131yla a\u015f\u0131nmaya ba\u015flad\u0131. \u00dczerinde \u00f6nce hafif g\u00f6\u00e7\u00fckler beliren yolda, daha sonra derin \u00e7ukurlar olu\u015ftu. D\u00fcn gece saat 21.00 civar\u0131nda Kayseri&#8217;nin Develi \u0130l\u00e7esi&#8217;nden Aksalur Beldesi&#8217;ne gelen 65 ya\u015f\u0131ndaki \u0130hsan Orhan y\u00f6netimindeki 38 NS 408 plakal\u0131 otomobil, \u00e7\u00f6ken yoldaki g\u00f6\u00e7\u00fc\u011f\u00fcn i\u00e7ine d\u00fc\u015ft\u00fc. Kazada s\u00fcr\u00fcc\u00fc \u0130hsan Orhan ile yan\u0131ndaki 47 ya\u015f\u0131ndaki Yakup \u00dcnl\u00fc ve 79 ya\u015f\u0131ndaki Emine Kahraman olay yerinde ya\u015fam\u0131n\u0131 yitirdi. Mehmet Kahraman ise yaral\u0131 olarak kurtuldu.<!--more-->\n<\/p>\n<p style=\"text-align: justify;\"><strong>YARALI TELEFONLA HABER VERD\u0130 <\/strong><\/p>\n<p style=\"text-align: justify;\">Kaza, yaral\u0131 Mehmet Kahraman&#8217;\u0131n cep telefonuyla yak\u0131nlar\u0131na haber vermesi \u00fczerine duyuldu. Mehmet Kahraman\u0131n yak\u0131nlar\u0131 olay\u0131 Jandarma ve 112 Acil servise bildirdi. Olay yerine gelen jandarma ekipleri g\u00fcvenlik \u00f6nlemi ald\u0131. Yaral\u0131 Mehmet Kahraman da, 112 ekiplerince \u00dcrg\u00fcp Devlet Hastanesi&#8217;ne kald\u0131rd\u0131. \u0130lk tedavisi yap\u0131lan Kahraman, ileri tetkik ve tedavi i\u00e7in Nev\u015fehir Devlet Hastanesi&#8217;ne g\u00f6nderildi. Yaral\u0131n\u0131n kolunda k\u0131r\u0131klar oldu\u011fu belirlendi.<\/p>\n<p style=\"text-align: justify;\">\u00d6lenlerin cesetleri, \u00dcrg\u00fcp Cumhuriyet savc\u0131s\u0131n\u0131n incelemesi \u00dcrg\u00fcp Devlet Hastanesi morguna kald\u0131r\u0131ld\u0131. Hayat\u0131n\u0131 kaybeden Yakup \u00dcnl\u00fc ve Kahraman \u00dcnl\u00fc&#8217;n\u00fcn Aksalur Belediyesi&#8217;nde i\u015f\u00e7i olarak \u00e7al\u0131\u015ft\u0131\u011f\u0131, Emine Kahraman&#8217;\u0131n ise ev han\u0131m\u0131 oldu\u011fu \u00f6\u011frenildi. Yolun da \u0130l \u00d6zel \u0130dare sorumlulu\u011funda oldu\u011fu ileri s\u00fcr\u00fcld\u00fc. Kazayla ilgili soru\u015fturma ba\u015flat\u0131ld\u0131.<\/p>\n<p style=\"text-align: justify;\"><span style=\"color: #888888;\">DHA<\/span><\/p>\n","protected":false},"excerpt":{"rendered":"<p style=\"text-align: center;\">\n<p style=\"text-align: justify;\">Nev\u015fehir \u00dcrg\u00fcp&#8217;te asfalt yol ya\u011f\u0131\u015f y\u00fcz\u00fcnden \u00fczerinde otomobil ge\u00e7erken \u00e7\u00f6kt\u00fc. Kazada 3 ki\u015fi \u00f6ld\u00fc bir ki\u015fi yaraland\u0131. <\/p>\n<p style=\"text-align: justify;\">NEV\u015eEH\u0130R&#8217;in \u00dcrg\u00fcp \u0130l\u00e7esi&#8217;ne ba\u011fl\u0131 Aksalur Beldesinde yo\u011fun ya\u011f\u0131\u015flar sonucu alttan a\u015f\u0131nan asfalt yol, \u00fczerinden otomobil ge\u00e7erken \u00e7\u00f6kt\u00fc. Olu\u015fan \u00e7ukura d\u00fc\u015fen otomobilde bulunan 3 ki\u015fi olay yerinde \u00f6ld\u00fc, 1 ki\u015fi yaral\u0131 <\/p>\n","protected":false},"author":1,"featured_media":0,"comment_status":"open","ping_status":"closed","sticky":false,"template":"","format":"standard","meta":{"footnotes":""},"categories":[105],"tags":[],"class_list":["post-6750","post","type-post","status-publish","format-standard","hentry","category-gundem","odd"],"_links":{"self":[{"href":"http:\/\/www.korhanyilmaz.com\/index.php?rest_route=\/wp\/v2\/posts\/6750","targetHints":{"allow":["GET"]}}],"collection":[{"href":"http:\/\/www.korhanyilmaz.com\/index.php?rest_route=\/wp\/v2\/posts"}],"about":[{"href":"http:\/\/www.korhanyilmaz.com\/index.php?rest_route=\/wp\/v2\/types\/post"}],"author":[{"embeddable":true,"href":"http:\/\/www.korhanyilmaz.com\/index.php?rest_route=\/wp\/v2\/users\/1"}],"replies":[{"embeddable":true,"href":"http:\/\/www.korhanyilmaz.com\/index.php?rest_route=%2Fwp%2Fv2%2Fcomments&post=6750"}],"version-history":[{"count":0,"href":"http:\/\/www.korhanyilmaz.com\/index.php?rest_route=\/wp\/v2\/posts\/6750\/revisions"}],"wp:attachment":[{"href":"http:\/\/www.korhanyilmaz.com\/index.php?rest_route=%2Fwp%2Fv2%2Fmedia&parent=6750"}],"wp:term":[{"taxonomy":"category","embeddable":true,"href":"http:\/\/www.korhanyilmaz.com\/index.php?rest_route=%2Fwp%2Fv2%2Fcategories&post=6750"},{"taxonomy":"post_tag","embeddable":true,"href":"http:\/\/www.korhanyilmaz.com\/index.php?rest_route=%2Fwp%2Fv2%2Ftags&post=6750"}],"curies":[{"name":"wp","href":"https:\/\/api.w.org\/{rel}","templated":true}]}}