{"id":6743,"date":"2009-03-28T08:55:15","date_gmt":"2009-03-28T06:55:15","guid":{"rendered":"http:\/\/www.korhanyilmaz.com\/?p=6743"},"modified":"2009-03-28T08:55:15","modified_gmt":"2009-03-28T06:55:15","slug":"son-sozu-hilmi-ozkok-soyledi-muhtira-vermem","status":"publish","type":"post","link":"http:\/\/www.korhanyilmaz.com\/?p=6743","title":{"rendered":"Son s\u00f6z\u00fc Hilmi \u00d6zk\u00f6k s\u00f6yledi: Muht\u0131ra vermem"},"content":{"rendered":"<p style=\"text-align: center;\"><img loading=\"lazy\" decoding=\"async\" class=\"aligncenter size-full wp-image-6744\" title=\"Son s\u00f6z\u00fc Hilmi \u00d6zk\u00f6k s\u00f6yledi: Muht\u0131ra vermem\" src=\"http:\/\/www.korhanyilmaz.com\/wp-content\/uploads\/2009\/03\/fft28_mf145281.jpeg\" alt=\"Son s\u00f6z\u00fc Hilmi \u00d6zk\u00f6k s\u00f6yledi: Muht\u0131ra vermem\" width=\"357\" height=\"238\" \/><\/p>\n<p style=\"text-align: justify;\"><span style=\"color: #888888;\">Toplant\u0131da (soldan sa\u011fa) d\u00f6nemin 1. Ordu Komutan\u0131 Orgeneral Ya\u015far B\u00fcy\u00fckan\u0131t, Donanma komutan\u0131 Oramiral Yener Karahano\u011flu, Harp Akademileri Komutan\u0131 Orgeneral Faruk C\u00f6mert ve 2. Ordu Komutan\u0131 Komutan\u0131 Orgeneral Fevzi T\u00fcrkeri s\u00f6z alarak konu\u015ftu.<\/span><\/p>\n<p style=\"text-align: justify;\">Ergenekon\u2019un ikinci iddianamesinde eski Deniz Kuvvetleri Komutan\u0131 Oramiral \u00d6zden \u00d6rnek\u2019e ait oldu\u011fu belirtilen g\u00fcnl\u00fckte 03 Aral\u0131k 2003 tarihindeki t\u00fcm komutanlar\u0131n kat\u0131ld\u0131\u011f\u0131 \u00e7ok \u00f6nemli bir toplant\u0131dan bahsediliyor.<\/p>\n<p style=\"text-align: justify;\">3 Aral\u0131k 2003&#8230; Genelkurmay\u2019da t\u00fcm komutanlar bir masa etraf\u0131nda. H\u00fck\u00fcmetteki AKP iktidar\u0131ndan rahats\u0131zl\u0131klar dile getiriliyor. Komutanlar \u2018bir \u015feyler yap\u0131lmas\u0131 gerekti\u011fi\u2019 konusunda hemfikir. Son s\u00f6z\u00fc d\u00f6nemin Genelkurmay Ba\u015fkan\u0131 Hilmi \u00d6zk\u00f6k al\u0131yor: \u201c&#8230;A\u00e7\u0131k konu\u015ftu\u011funuz i\u00e7in hepinize te\u015fekk\u00fcr ederim. Muht\u0131ra vermeye niyetim yok.\u201d<!--more--><br \/>\nErgenekon\u2019un ikinci iddianamesinde T\u00fcrkiye\u2019nin 2003 &#8211; 2004 y\u0131llar\u0131nda atlatt\u0131\u011f\u0131 darbe giri\u015fimlerinin anlat\u0131ld\u0131\u011f\u0131 emekli Oramiral \u00d6zden \u00d6rnek\u2019e ait oldu\u011fu belirtilen \u2018darbe g\u00fcnl\u00fckleri\u2019ne de geni\u015f yer veriliyor. \u2018Sar\u0131k\u0131z\u2019, \u2018Ay\u0131\u015f\u0131\u011f\u0131\u2019, \u2018Yakamoz\u2019 ve \u2018Eldiven\u2019 adl\u0131 darbe planlar\u0131 ayn\u0131 zamanda iddianamenin de \u00e7at\u0131s\u0131n\u0131 olu\u015fturuyor. \u0130ddianemede g\u00fcnl\u00fcklerin \u00d6rnek\u2019e ait oldu\u011funun \u2018sabit\u2019 oldu\u011fu belirtiliyor. \u00d6rnek\u2019in g\u00fcnl\u00fc\u011f\u00fcndeki birka\u00e7 sayfa T\u00fcrkiye\u2019nin darbeye ne kadar yak\u0131n oldu\u011funu g\u00f6steriyor. \u00d6rnek\u2019in tuttu\u011fu g\u00fcnl\u00fckteki \u201803 Aral\u0131k 2003\u2019 tarihli b\u00f6l\u00fcm \u015f\u00f6yle:<br \/>\n\u201cSabah Kara Kuvvetleri Komutanl\u0131\u011f\u0131\u2019nda ba\u015far\u0131l\u0131 birlikler \u00f6d\u00fcl t\u00f6renine kat\u0131ld\u0131k.\u201d \u201cSonra beraberce Genelkurmay\u2019a ge\u00e7erek 15:00\u2019dan itibaren \u00e7ok \u00f6nemli toplant\u0131y\u0131 icra etmeye ba\u015flad\u0131k. Genelkurmay bize pazartesi g\u00fcn\u00fc yapt\u0131klar\u0131 takdimin ayn\u0131s\u0131n\u0131 yapt\u0131lar ve Genelkurmay Ba\u015fkan\u0131 sonra en k\u0131demsizden ba\u015flamak \u00fczere t\u00fcm kat\u0131lanlara s\u00f6z verdi. S\u00f6z alanlar\u0131n ifade ettikleri konular s\u0131ras\u0131 ile ve \u00f6zet olarak a\u015fa\u011f\u0131dad\u0131r.<\/p>\n<p style=\"text-align: justify;\"><strong><img decoding=\"async\" style=\"margin: 5px; float: right;\" src=\"http:\/\/i.radikal.com.tr\/150x113\/2009\/03\/27\/fft16_mf145166.Jpeg\" alt=\"\" \/>Faruk C\u00f6mert: AKP daha da k\u00fcstahla\u015fabilir<\/strong><br \/>\n(D\u00f6nemin Harp Akademileri Komutan\u0131- Orgeneral) AKP yerel se\u00e7imleri kazan\u0131rsa TSK\u2019ya kar\u015f\u0131 daha da k\u00fcstahla\u015fabilir. Bu h\u00fck\u00fcmet amac\u0131na ula\u015fabilmek i\u00e7in Bat\u0131\u2019ya daha fazla taviz verebilir, dolay\u0131s\u0131yla haklar\u0131m\u0131z\u0131 da kaybedebiliriz.<\/p>\n<p style=\"text-align: justify;\"><strong><img decoding=\"async\" style=\"margin: 5px; float: left;\" src=\"http:\/\/i.radikal.com.tr\/150x113\/2009\/03\/27\/fft16_mf145167.Jpeg\" alt=\"\" \/>Yener Karahano\u011flu: Ge\u00e7 mi kal\u0131yoruz?<\/strong><br \/>\n(D\u00f6nemin Donanma Komutan\u0131- Orgeneral) Pozitif eylem i\u00e7in neredeyiz. Acaba ge\u00e7 mi kal\u0131yoruz? \u0130craatlar\u0131n\u0131n izlenerek sonu\u00e7lar\u0131na g\u00f6re karar vereceksek, ge\u00e7 kalabiliriz. Onlar nas\u0131l tam demokrasiyi kullan\u0131yorlarsa bizde onlara tam demokrasi ile mukabele etmeliyiz. Yani az\u0131nl\u0131k olarak \u00e7o\u011funlu\u011fa h\u00fckmedemiyeceklerini anlatmal\u0131y\u0131z.. Bir yol olarak AKP d\u0131\u015f\u0131ndaki t\u00fcm partiler bir cephede birle\u015ftirilmelidirler. Kadrola\u015fma benim oldu\u011fum b\u00f6lgede y\u00fczde 90 oran\u0131nda ger\u00e7ekle\u015fmi\u015ftir. Daha ba\u015fka kadrola\u015fma beklemeye gerek yoktur.<\/p>\n<p style=\"text-align: justify;\"><strong><img decoding=\"async\" style=\"margin: 5px; float: right;\" src=\"http:\/\/i.radikal.com.tr\/150x113\/2009\/03\/27\/fft16_mf145173.Jpeg\" alt=\"\" \/>Orhan Y\u00f6ney: Yarg\u0131dan medet ummamal\u0131y\u0131z<\/strong><br \/>\n(D\u00f6nemin NATO G\u00fcney Avrupa M\u00fc\u015fterek Kuvvetler Komutan\u0131-Oramiral ) AKP\u2019nin iktidar olmas\u0131na ra\u011fmen muktedir olamad\u0131\u011f\u0131 halka g\u00f6sterilmelidir. Bu y\u00f6nde eylemler yap\u0131lmal\u0131d\u0131r. Zaman ge\u00e7tik\u00e7e kar\u015f\u0131m\u0131zdaki kitle b\u00fcy\u00fcmektedir. Bunlar kadrola\u015ft\u0131k\u00e7a geni\u015fliyorlar. Dolay\u0131s\u0131yla zaman lehimize \u00e7al\u0131\u015fm\u0131yor. Bu nedenle ileride bir eylem yapmaya gidersek, alaca\u011f\u0131m\u0131z tedbirler \u00e7ok sanc\u0131l\u0131 olabilir. Eylemlerimiz aral\u0131k 2004 d\u00f6nemine kalmamal\u0131d\u0131r. O tarihlerde AB, AKP\u2019nin isteklerini yapacak bu ise bizim aleyhimize olacakt\u0131r. Bu nedenle eskalasyonu h\u0131zland\u0131rmal\u0131y\u0131z. Halka baz\u0131 \u015feyleri a\u00e7\u0131k\u00e7a anlatmal\u0131y\u0131z. Yazarlar ve \u00f6nemli ki\u015filer ile temasa ge\u00e7erek \u2018e\u011fer demokrasiyi korumak istiyorsan\u0131z biz sizinleyiz\u2019\u00a0 diye mesaj vermemiz laz\u0131m. Yarg\u0131 bitmi\u015ftir. Yarg\u0131dan medet ummamal\u0131y\u0131z. Ama yarg\u0131y\u0131 eski ray\u0131na oturtmak i\u00e7in destek vermeliyiz. Do\u011fal m\u00fctefiklerimiz, \u00fcniversiteler ve sendikalard\u0131r. Bu kurumlar bizlerden i\u015faret beklemektedirler. Halkdan uzakla\u015fm\u0131\u015f\u0131z, halka daha \u00e7ok yakla\u015fmal\u0131 ve \u015feffaf olmal\u0131y\u0131z. AKP\u2019nin hassas taraflar\u0131ndan birde milletvekili dokunulmazl\u0131\u011f\u0131d\u0131r. Bu konuyu i\u015flememiz gereklidir. Siyasete bula\u015fmayacak \u015fekilde derneklere \u00fcye olal\u0131m. B\u00f6ylelikle kendimizi daha iyi tan\u0131t\u0131r ve fikirlerimizi etrafa daha iyi yayabiliriz. Muhalafet partisinin \u00fczerine daha \u00e7ok gitmeliyiz. Bir g\u00fcn m\u00fcdahale etmek zorunda kal\u0131rsak \u2018sizde hesap vereceksiniz\u2019 mesaj\u0131n\u0131 onlara verelim. Emniyete \u00e7ok g\u00fcveniyorlar ve bizim kar\u015f\u0131m\u0131zda onlar\u0131 se\u00e7enek olarak g\u00f6r\u00fcyorlar. Memurlar\u0131 iki kategoriye ay\u0131rm\u0131\u015flar. \u2018Aln\u0131 secdeye de\u011fenler\u2019 ve \u2018aln\u0131 secdeye de\u011fmeyenler\u2019. Eskalasyonun Ba\u015fbakan\u2019a bu takdimi yapmakla etkili olaca\u011f\u0131n\u0131 zannetmiyorum. Biz AKP\u2019ye g\u00fcc\u00fcm\u00fcz\u00fc g\u00f6stermek zorunday\u0131z. Bizi hafife al\u0131yorlar.<\/p>\n<p style=\"text-align: justify;\"><strong><img decoding=\"async\" style=\"margin: 5px; float: left;\" src=\"http:\/\/i.radikal.com.tr\/150x113\/2009\/03\/27\/fft16_mf145174.Jpeg\" alt=\"\" \/>\u015e\u00fckr\u00fc Sar\u0131\u0131\u015f\u0131k: Alternatif \u015fart<\/strong><br \/>\n(D\u00f6neminMGK Genel Sekreteri-Orgeneral) Bizim \u00e7ok fazla zaman\u0131m\u0131z\u00a0 kalmad\u0131. Onlar\u0131n icraatlar\u0131n\u0131n demokrasi ile \u00f6nlenmesi m\u00fcmk\u00fcn de\u011fil. Alternatif laz\u0131m. Kamuoyunun bizden beklentisi var. \u00c7o\u011funlu\u011fun hakk\u0131n\u0131 gasp ediyorlar. Erbakan karar\u0131 onlar\u0131 rahatlatm\u0131\u015ft\u0131r. (Bug\u00fcn Yarg\u0131tay Erbakan\u2019\u0131n sahtecilik verilmi\u015f olan\u00a0 iki bu\u00e7uk y\u0131la yak\u0131n hapis cezas\u0131n\u0131 onad\u0131).<\/p>\n<p style=\"text-align: justify;\"><strong><img decoding=\"async\" style=\"margin: 5px; float: right;\" src=\"http:\/\/i.radikal.com.tr\/150x113\/2009\/03\/27\/fft16_mf145180.Jpeg\" alt=\"\" \/>Fethi Tuncel: \u0130craata ge\u00e7meliyiz<\/strong><br \/>\n(D\u00f6nemin Kara Kuvvetleri Komutanl\u0131\u011f\u0131 Kurmay Ba\u015fkan\u0131 &#8211; Orgeneral) Takdimde belirtilen hassas taraflar\u0131ndan hi\u00e7birini istismar edemeyiz. Alternatif olarak kar\u015f\u0131lar\u0131na bir siyasi alternatif \u00e7\u0131karamay\u0131z. Bas\u0131n\u0131n deste\u011fini alamay\u0131z. Eylem plan\u0131n\u0131 bir an \u00f6nce tesbit ederek icraata ge\u00e7meliyiz.<\/p>\n<p style=\"text-align: justify;\"><strong><img decoding=\"async\" style=\"margin: 5px; float: left;\" src=\"http:\/\/i.radikal.com.tr\/150x113\/2009\/03\/27\/fft16_mf145181.Jpeg\" alt=\"\" \/>Fevzi T\u00fcrkeri: Devlet tehlikede<\/strong><br \/>\n(D\u00f6nemin 2. Ordu Komutan\u0131 &#8211; Orgeneral) Devletin b\u00fct\u00fcnl\u00fc\u011f\u00fc tehlikededir. Bu takdimi se\u00e7imden sonra Ba\u015fbakan\u2019a anlatman\u0131n bir yarar\u0131 yok. Do\u011fu ve G\u00fcneydo\u011fu\u00a0 Anadolu\u2019da b\u00f6l\u00fcc\u00fcl\u00fck h\u0131z kazanm\u0131\u015ft\u0131r. \u00dclkemiz s\u00fcratle b\u00f6l\u00fcnmeye gitmektedir. \u015eimdiden tedbir al\u0131nmal\u0131d\u0131r. Bas\u0131n, T\u00dcS\u0130AD, sermaye sahiplerini toplay\u0131p bu iktidar\u0131n yapt\u0131klar\u0131n\u0131 anlatal\u0131m. Onlar\u0131 taraf\u0131m\u0131za \u00e7ekmeye \u00e7al\u0131\u015fal\u0131m. Eylem plan\u0131nda \u00e7ok zorluklar ile kar\u015f\u0131la\u015faca\u011f\u0131z. Toplum iktidar\u0131n yapt\u0131klar\u0131na pembe g\u00f6zl\u00fckler ile bakmaktad\u0131r. Yerel se\u00e7imlerden \u00f6nce Ba\u015fbakan\u2019a bu i\u015flerin b\u00f6yle gitmeyece\u011fini anlatal\u0131m.<\/p>\n<p style=\"text-align: justify;\"><strong><img decoding=\"async\" style=\"margin: 5px; float: right;\" src=\"http:\/\/i.radikal.com.tr\/150x113\/2009\/03\/27\/fft16_mf145182.Jpeg\" alt=\"\" \/>Oktar Ataman: B\u00f6l\u00fcn\u00fcyoruz<\/strong><br \/>\n(D\u00f6nemin 3. Ordu Komutan\u0131- Orgeneral) K\u00f6t\u00fc bir tablo bedbin olmamak laz\u0131m. Do\u011fu ve G\u00fcneydo\u011fu Anadolu\u2019da b\u00f6l\u00fcc\u00fcl\u00fck ve irtica i\u00e7 i\u00e7e beraberce hareket ediyorlar. H\u0131zla b\u00f6l\u00fcnme noktas\u0131na gidiyoruz. Bu iktidar g\u00fcvenli\u011fimize ve anayasam\u0131za bir tehdittir. Bertaraf etmek i\u00e7in her \u015fey yap\u0131lmaktad\u0131r. Kamuoyunun kazan\u0131lmas\u0131 gerekir. Medya patronlar\u0131 \u00f6nemli. Bu ki\u015filer, bire bir konu\u015fularak taraf\u0131m\u0131za kazan\u0131lmal\u0131d\u0131rlar. Eylem plan\u0131n\u0131 s\u00fcratle geli\u015ftirerek icraata koymal\u0131y\u0131z.<\/p>\n<p style=\"text-align: justify;\"><strong><img decoding=\"async\" style=\"margin: 5px; float: left;\" src=\"http:\/\/i.radikal.com.tr\/150x113\/2009\/03\/27\/fft16_mf145183.Jpeg\" alt=\"\" \/>Hur\u015fit Tolon: ABD arkalar\u0131nda<\/strong><br \/>\n(D\u00f6nemin Ege Ordu Komutan\u0131 &#8211; Orgeneral) Bu iktidar ne oldu\u011funu ortaya koydu. Ancak takiyeye ba\u015fvuruyor. Arkas\u0131nda ABD, AB var. Bunlar Ortado\u011fu\u2019yu 1915\u2019de yapt\u0131klar\u0131 gibi \u015fekillendirmek istiyorlar. Bu h\u00fckumetten \u00f6ncelikli tehdit b\u00f6l\u00fcc\u00fcl\u00fck, sonra irticad\u0131r. \u0130rtica bunlar\u0131n devlet yap\u0131s\u0131 i\u00e7erisindeki kinin ifadesidir. Se\u00e7imden \u00f6nce ikaz etmezsem \u00f6n\u00fcm\u00fcze a\u015fam\u0131yaca\u011f\u0131m\u0131z bir engel \u00e7\u0131kacakt\u0131r. Halk bize s\u0131rt\u0131n\u0131 \u00e7evirmez. Bu h\u00fckumet ulusal onurumuz ile oynamaktad\u0131r. Onur k\u0131r\u0131c\u0131 bir durumday\u0131z. \u00dcniter yap\u0131m\u0131za zarar verilmektedir. Bu iktidar\u0131n alternatifi var m\u0131? \u015eu anda yok gibi g\u00f6r\u00fcn\u00fcyor. Muhalefete bu konu anlat\u0131lmal\u0131d\u0131r .D\u00fcnya kamuoyuna a\u00e7\u0131klanan konular onurumuzu k\u0131rmaktad\u0131r.(Pek \u00e7ok \u00f6rnek verebiliriz. Bir \u00f6rnek dil konusunda ya\u015fananlard\u0131r.)Uyum paketi alt\u0131nda haz\u0131rlananlar sadece b\u00f6l\u00fcnmemizi kolayla\u015ft\u0131racakt\u0131r. Ruhban okulu ve ekumenik s\u0131fat\u0131 ile yap\u0131lanlar bu \u00fclkeyi par\u00e7alayacak ad\u0131mlard\u0131r.<\/p>\n<p style=\"text-align: justify;\"><strong><img decoding=\"async\" style=\"margin: 5px; float: right;\" src=\"http:\/\/i.radikal.com.tr\/150x113\/2009\/03\/27\/fft16_mf145184.Jpeg\" alt=\"\" \/>\u015eener Eruygur: S\u00f6z art\u0131k bitti<\/strong><br \/>\n(D\u00f6nemin Jandarma Genel Komutan\u0131 &#8211; Orgeneral) S\u00f6ylenecekler s\u00f6ylendi. Sadece bir iki konu ilave etmek istiyorum. Her \u015fey elden gidiyor. \u00d6rne\u011fin Emniyet te\u015fkilat\u0131 Jandarma ile yar\u0131\u015f\u0131yor ve onu k\u00f6t\u00fcleyerek y\u00fckselmeye \u00e7al\u0131\u015f\u0131yor. Ayr\u0131ca WEB sayfas\u0131 a\u00e7m\u0131\u015flar ve Ba\u015fbakan\u2019\u0131 destekliyorlar. Suriyeli arac\u0131lar son olayda emniyetten daha s\u0131cak ve yak\u0131n davrand\u0131lar. Bizden bilgi sakl\u0131yorlar.<\/p>\n<p style=\"text-align: justify;\"><strong><img decoding=\"async\" style=\"margin: 5px; float: left;\" src=\"http:\/\/i.radikal.com.tr\/150x113\/2009\/03\/27\/fft16_mf145185.Jpeg\" alt=\"\" \/>Ya\u015far B\u00fcy\u00fckan\u0131t: Erdo\u011fan ile Fethullah bulu\u015ftu<\/strong><br \/>\n(D\u00f6nemin 1. Ordu Komutan\u0131- Orgeneral) Ortaya konan stratejinin baz\u0131 gerekli parametrelerin ilavesi\u00a0 ile g\u00f6zde ge\u00e7irilmesi uygundur. Vahim bir tablo. Jeopolitik a\u00e7\u0131dan ABD ve AB \u00fclkemize Ortado\u011fu\u2019da yeni bir rol bi\u00e7meye \u00e7al\u0131\u015fmaktad\u0131r. Yeni model bir T\u00fcrkiye yaratmaya \u00e7al\u0131\u015fmaktad\u0131rlar. Ba\u015fbakan Recep Tayyip Erdo\u011fan, ABD\u2019ye gitti\u011finde Fethullah G\u00fclen ile bulu\u015ftular. Ak ismi bilinerek ve kas\u0131tl\u0131 olarak Bed\u00fc\u00fczaman\u0131n\u00a0 yaz\u0131lar\u0131ndan al\u0131nm\u0131\u015ft\u0131r. ABD, AB ve T\u00fcrkiye\u2019yi manipule etmektedir. Direnmenin ba\u015flad\u0131\u011f\u0131 yerde ekonomi bir silah olarak kullan\u0131lmaktad\u0131r. Pozitif davranmal\u0131y\u0131z. Acaba zaman\u0131m\u0131 ge\u00e7ti. Bence ge\u00e7ti. Dead line se\u00e7imlerdir. Eylem plan\u0131nda tedbirleri s\u0131ralamak kolay ama uygulanabilir olmal\u0131d\u0131rlar. Kamuoyu deste\u011fi i\u00e7in\u00a0 en \u00f6nemli kald\u0131ra\u00e7 bas\u0131n yay\u0131nd\u0131r. Bunu kullanmal\u0131y\u0131z.<\/p>\n<p style=\"text-align: justify;\"><strong><img decoding=\"async\" style=\"margin: 5px; float: right;\" src=\"http:\/\/i.radikal.com.tr\/150x113\/2009\/03\/27\/fft16_mf145186.Jpeg\" alt=\"\" \/>\u0130brahim F\u0131rt\u0131na: Parlamento fesh edilmeli<\/strong><br \/>\n(D\u00f6nemin Hava Kuvvetleri Komutan\u0131 &#8211; Orgeneral) Eylem plan\u0131n\u0131n amac\u0131 Anayasa\u2019y\u0131 korumakt\u0131r. Takdimde TSK\u2019n\u0131n eylem plan\u0131n\u0131 tek ba\u015f\u0131na yapamayaca\u011f\u0131n\u0131 belirtmek bir zafiyetir. Bu c\u00fcmleler kay\u0131tlardan \u00e7\u0131kar\u0131lmal\u0131d\u0131r. Cumhurba\u015fkan\u0131 ile m\u00fc\u015fterek hareket \u015fart. Parlamento Cumhurba\u015fkan\u0131 taraf\u0131ndan fesh edilmelidir. Yeniden anayasa yap\u0131lmal\u0131 ve bu Anayasaya kendini koruyacak her t\u00fcrl\u00fc imk\u00e2n konulmal\u0131d\u0131r. A\u0130JM 10. md. \u2018Hi\u00e7bir anayasa kendini koruma hakk\u0131ndan mahrum olamaz\u2019 der. Ayr\u0131ca ABD, Frans\u0131z Anayasalar\u0131\u2019nda da benzer maddeler var. Bu h\u00fckumetle olmaz. Hukuki \u015fartlar m\u00fcsaittir. Gereken yap\u0131lmal\u0131d\u0131r. Cumhurba\u015fkan\u0131\u2019n\u0131n yetkileri vard\u0131r.<\/p>\n<p style=\"text-align: justify;\"><strong><img decoding=\"async\" style=\"margin: 5px; float: left;\" src=\"http:\/\/i.radikal.com.tr\/150x113\/2009\/03\/27\/fft16_mf145187.Jpeg\" alt=\"\" \/>\u00d6zden \u00d6rnek: TSK, zaman ve zemin kaybediyor<\/strong><br \/>\n(D\u00f6nemin Deniz Kuvvetleri Komutan\u0131-Oramiral)\u00a0 Takdimde yap\u0131lan durum tespiti d\u0131\u015f\u0131nda bende bir durum tespiti yapt\u0131m. Burada bulunan herkes ayn\u0131 fikirde. Bu bence en \u00f6nemli konuydu. TSK zaman ile zemin kaybetmektedir. Bu ifadeyi halk deste\u011fi anlam\u0131nda s\u00f6yl\u00fcyorum. \u0130kinci teskereden sonra ve bilhassa A\u011fustos 2004 ay\u0131ndaki MGK yasas\u0131n\u0131 \u00e7\u0131kmas\u0131ndan sonra halk\u0131n TSK\u2019ya kar\u015f\u0131 olan inanc\u0131 zay\u0131flam\u0131\u015ft\u0131r. \u2018Il\u0131ml\u0131 islam\u2019 diye bir \u015fey T\u00fcrkiye i\u00e7in mevzu bahis de\u011fildir. Biz halk\u0131n\u0131n \u00e7o\u011funlu\u011fu M\u00fcsl\u00fcman olan bir toplumuz ve idare tarz\u0131m\u0131zda Cumhuriyet\u2019tir. Sak\u0131nmam\u0131z gereken en \u00f6nemli konu bundan sonra aleyhimizde \u2018dinsizler\u2019 propagandas\u0131n\u0131n yap\u0131lmas\u0131d\u0131r. B\u00f6yle bir tutum ile kar\u015f\u0131la\u015f\u0131rsak s\u00fcratle ve kararl\u0131 bir \u015fekilde cevap vermeliyiz. E\u011fer elimizde NATO tatbikatlar\u0131nda oldu\u011fu gibi ikaz indikat\u00f6rlerini g\u00f6steren bir \u0131\u015f\u0131k levham\u0131z olsayd\u0131 \u015fimdi hepsi k\u0131rm\u0131z\u0131 olacakt\u0131. Askerin s\u00f6yledi\u011fi yap\u0131l\u0131r ama bunun nedeni vard\u0131r. Zira askerin elinde silah\u0131 vard\u0131r ve bu silah askere baz\u0131 manevra yetenekleri verir. Silah\u0131m\u0131z bizim cayd\u0131r\u0131c\u0131l\u0131\u011f\u0131m\u0131zd\u0131r. Bu nedenle \u2018ben silah\u0131m\u0131 kullanm\u0131yaca\u011f\u0131m\u2019 diye a\u00e7\u0131klamalar yapmamal\u0131y\u0131z. AKP nin att\u0131\u011f\u0131 her ad\u0131ma ayn\u0131 \u015fiddete ama \u00e7ok kararl\u0131 olarak cevap vermeliyiz. Ben bunlar\u0131n b\u00f6l\u00fcnece\u011fine inanm\u0131yorum ve bundan sonraki se\u00e7imi de kazanacaklard\u0131r. O zaman ge\u00e7 olacakt\u0131r. B\u00f6l\u00fcc\u00fcl\u00fck ve bug\u00fcnk\u00fc vehameti, bu durum tespitinde b\u00fct\u00fcn \u015fiddeti ile vurgulanmal\u0131d\u0131r.<\/p>\n<p style=\"text-align: justify;\"><strong><img decoding=\"async\" style=\"margin: 5px; float: right;\" src=\"http:\/\/i.radikal.com.tr\/150x113\/2009\/03\/27\/fft16_mf145188.Jpeg\" alt=\"\" \/>Ayta\u00e7 Yalman: Se\u00e7imden sonra muht\u0131ra verilmeli<\/strong><br \/>\n(D\u00f6nemin Kara Kuvvetleri Komutan\u0131, Orgeneral) S\u00f6ylenecekler s\u00f6ylendi. Kendimi su\u00e7lu hissediyorum (Genelkurmay Ba\u015fkan\u0131 bu s\u00f6z \u00fczerine \u2018neden kendini yanl\u0131z sorumlu hissediyordun\u2019 diye sordu) Yaln\u0131z kendim de\u011fil sizde benim kadar sorumlusunuz. Buradaki di\u011fer arkada\u015flar\u0131n sorumlulu\u011fu bizden sonra gelir. Zaman\u0131 bo\u015funa ge\u00e7irdik. Benim \u00f6nerim hemen ve gecikmesiz eylem plan\u0131na ba\u015flamak. Se\u00e7imden \u00f6nce muht\u0131ra vermeliyiz.<\/p>\n<p style=\"text-align: justify;\"><strong><img decoding=\"async\" style=\"margin: 5px; float: left;\" src=\"http:\/\/i.radikal.com.tr\/150x113\/2009\/03\/27\/fft16_mf145189.Jpeg\" alt=\"\" \/>Hilmi \u00d6zk\u00f6k: Te\u015fekk\u00fcrler ama olmaz<\/strong><br \/>\n(D\u00f6nemin Genelkurmay Ba\u015fkan\u0131 &#8211; Orgeneral) Toplant\u0131n\u0131n sonunda Genelkurmay Ba\u015fkan\u0131 Hilmi \u00d6zk\u00f6k konu\u015fuyor: Te\u015fekk\u00fcr ederim herkesin ayn\u0131 fikirde olmas\u0131 g\u00fczel. Ben y\u00fczde 80\u2019i ile ayn\u0131 fikirdeyim. Ama kat\u0131lmad\u0131\u011f\u0131m noktalar var. A\u00e7\u0131k konu\u015ftu\u011funuz i\u00e7in hepinize te\u015fekk\u00fcr ederim. Muht\u0131ra vermeye niyetim yok. Bu h\u00fckumet gitmelidir. Demokratik yollardan bu i\u015fi halledece\u011fiz. Yapabilece\u011fimiz bir\u00e7ok \u015feyin oldu\u011funa da inan\u0131yorum.<br \/>\nBu toplant\u0131 bence tarihi bir toplant\u0131yd\u0131. Bir y\u0131ld\u0131r ilk defa yap\u0131l\u0131yordu. Genelkurmay Ba\u015fkan\u0131\u2019na onunla ayn\u0131 fikirde olmad\u0131\u011f\u0131m\u0131z mesaj\u0131 verildi. Oda kendinin yaln\u0131z kald\u0131\u011f\u0131n\u0131 anlad\u0131. G\u00f6r\u00fcnt\u00fcye ra\u011fmen direnmekte devam ediyor. Ama art\u0131k \u00e7ok ge\u00e7 .Zira yasal olarak b\u00f6yle bir toplant\u0131 yapmakla kendisi de geri d\u00f6nemeyecek bir yola girdi.\n<\/p>\n<p style=\"text-align: justify;\"><span style=\"color: #888888;\">Kaynak : Radikal<\/span><\/p>\n<p style=\"text-align: justify;\"><span style=\"color: #888888;\"><br \/>\n<\/span><\/p>\n","protected":false},"excerpt":{"rendered":"<p style=\"text-align: center;\">\n<p style=\"text-align: justify;\">Toplant\u0131da (soldan sa\u011fa) d\u00f6nemin 1. Ordu Komutan\u0131 Orgeneral Ya\u015far B\u00fcy\u00fckan\u0131t, Donanma komutan\u0131 Oramiral Yener Karahano\u011flu, Harp Akademileri Komutan\u0131 Orgeneral Faruk C\u00f6mert ve 2. Ordu Komutan\u0131 Komutan\u0131 Orgeneral Fevzi T\u00fcrkeri s\u00f6z alarak konu\u015ftu.<\/p>\n<p style=\"text-align: justify;\">Ergenekon\u2019un ikinci iddianamesinde eski Deniz Kuvvetleri Komutan\u0131 Oramiral \u00d6zden \u00d6rnek\u2019e ait oldu\u011fu belirtilen g\u00fcnl\u00fckte 03 Aral\u0131k <\/p>\n","protected":false},"author":1,"featured_media":0,"comment_status":"open","ping_status":"closed","sticky":false,"template":"","format":"standard","meta":{"footnotes":""},"categories":[105],"tags":[],"class_list":["post-6743","post","type-post","status-publish","format-standard","hentry","category-gundem","odd"],"_links":{"self":[{"href":"http:\/\/www.korhanyilmaz.com\/index.php?rest_route=\/wp\/v2\/posts\/6743","targetHints":{"allow":["GET"]}}],"collection":[{"href":"http:\/\/www.korhanyilmaz.com\/index.php?rest_route=\/wp\/v2\/posts"}],"about":[{"href":"http:\/\/www.korhanyilmaz.com\/index.php?rest_route=\/wp\/v2\/types\/post"}],"author":[{"embeddable":true,"href":"http:\/\/www.korhanyilmaz.com\/index.php?rest_route=\/wp\/v2\/users\/1"}],"replies":[{"embeddable":true,"href":"http:\/\/www.korhanyilmaz.com\/index.php?rest_route=%2Fwp%2Fv2%2Fcomments&post=6743"}],"version-history":[{"count":0,"href":"http:\/\/www.korhanyilmaz.com\/index.php?rest_route=\/wp\/v2\/posts\/6743\/revisions"}],"wp:attachment":[{"href":"http:\/\/www.korhanyilmaz.com\/index.php?rest_route=%2Fwp%2Fv2%2Fmedia&parent=6743"}],"wp:term":[{"taxonomy":"category","embeddable":true,"href":"http:\/\/www.korhanyilmaz.com\/index.php?rest_route=%2Fwp%2Fv2%2Fcategories&post=6743"},{"taxonomy":"post_tag","embeddable":true,"href":"http:\/\/www.korhanyilmaz.com\/index.php?rest_route=%2Fwp%2Fv2%2Ftags&post=6743"}],"curies":[{"name":"wp","href":"https:\/\/api.w.org\/{rel}","templated":true}]}}