{"id":6738,"date":"2009-03-27T22:46:47","date_gmt":"2009-03-27T20:46:47","guid":{"rendered":"http:\/\/www.korhanyilmaz.com\/?p=6738"},"modified":"2011-08-12T21:12:02","modified_gmt":"2011-08-12T18:12:02","slug":"muhsin-yazicioglu%e2%80%99nun-hayati","status":"publish","type":"post","link":"http:\/\/www.korhanyilmaz.com\/?p=6738","title":{"rendered":"Muhsin Yaz\u0131c\u0131o\u011flu\u2019nun hayat\u0131"},"content":{"rendered":"<p><img loading=\"lazy\" decoding=\"async\" class=\"aligncenter size-full wp-image-6739\" title=\"Muhsin Yaz\u0131c\u0131o\u011flu\u2019nun hayat\u0131\" src=\"http:\/\/www.korhanyilmaz.com\/wp-content\/uploads\/2009\/03\/7641110.jpg\" alt=\"Muhsin Yaz\u0131c\u0131o\u011flu\u2019nun hayat\u0131\" width=\"290\" height=\"120\" \/><\/p>\n<p style=\"text-align: justify;\">Kahramanmara\u015f&#8217;tan Yozgat&#8217;a giderken ge\u00e7irdi\u011fi helikopter kazas\u0131 sonucu hayat\u0131n\u0131 kaybeden BBP Genel Ba\u015fkan\u0131 Muhsin Yaz\u0131c\u0131o\u011flu&#8217;nun hayat\u0131 siyasi m\u00fccadeleler ile ge\u00e7ti. Yaz\u0131c\u0131o\u011flu, kazadan hemen \u00f6nceki mitinginde 29 Mart se\u00e7im \u00e7al\u0131\u015fmalar\u0131 i\u00e7in &#8220;Devletten yard\u0131m alm\u0131yoruz ilk kez helikopter kiral\u0131yoruz&#8221; demi\u015fti.<\/p>\n<p style=\"text-align: justify;\"><strong>\u0130\u015fte Yaz\u0131c\u0131o\u011flu&#8217;nun siyasi m\u00fccadeleyle dolu ya\u015fam \u00f6yk\u00fcs\u00fc:<\/strong><\/p>\n<p style=\"text-align: justify;\">Muhsin Yaz\u0131c\u0131o\u011flu, 1954 y\u0131l\u0131nda Sivas&#8217;\u0131n Sark\u0131\u015fla il\u00e7esi Elmal\u0131 K\u00f6y\u00fc&#8217;nde bir \u00e7ift\u00e7i ailesinin o\u011flu olarak do\u011fdu. \u0130lk ve orta \u00f6\u011frenimini \u015eark\u0131\u015fla&#8217;da yapt\u0131.<\/p>\n<p style=\"text-align: justify;\">Y\u00fcksek \u00f6\u011frenimini yapmak \u00fczere 1972&#8217;de Ankara&#8217;ya geldi. \u00dcniversite tahsilini, Ankara \u00dcniversitesi Veteriner Fak\u00fcltesi&#8217;nde tamamlad\u0131.<!--more--><\/p>\n<p style=\"text-align: justify;\">1968&#8217;de cemiyet (dernek) \u00e7al\u0131\u015fmalar\u0131na ba\u015flad\u0131. \u015eark\u0131\u015fla&#8217;da Gen\u00e7 \u00dclk\u00fcc\u00fcler Hareketi&#8217;ne kat\u0131ld\u0131. Ankara&#8217;ya geldikten sonra ise, \u00dclk\u00fc Ocaklar\u0131 Genel Merkezi&#8217;nde g\u00f6rev yapmaya ba\u015flad\u0131. S\u0131ras\u0131yla; \u00dclk\u00fc Ocaklar\u0131 Genel Ba\u015fkan Yard\u0131mc\u0131l\u0131\u011f\u0131 ve \u00dclk\u00fc Ocaklar\u0131 Genel Ba\u015fkanl\u0131\u011f\u0131 yapt\u0131. (1977-78).<\/p>\n<p style=\"text-align: justify;\">1978&#8217;de faaliyete ge\u00e7en \u00dclk\u00fcc\u00fc Gen\u00e7lik Derne\u011fi&#8217;nin kurucu Genel Ba\u015fkan\u0131 oldu. 1980 y\u0131l\u0131na kadar MHP&#8217;de Genel Ba\u015fkan M\u00fc\u015favirli\u011fi g\u00f6revinde bulundu.<\/p>\n<p style=\"text-align: justify;\">12 Eyl\u00fcl 1980&#8217;de yap\u0131lan askeri darbenin ard\u0131ndan, MHP ve \u00dclk\u00fcc\u00fc Kurulu\u015flar Davas\u0131 san\u0131\u011f\u0131 olarak cezaevine konuldu. 5,5 y\u0131l\u0131 h\u00fccrede olmak \u00fczere 7,5 y\u0131l Mamak Cezaevi&#8217;nde kalan Muhsin Yaz\u0131c\u0131o\u011flu, 7,5 y\u0131l cezaevinde kald\u0131\u011f\u0131 bu davadan herhangi bir ceza almad\u0131.<\/p>\n<p style=\"text-align: justify;\">Cezaevinden \u00e7\u0131kt\u0131ktan sonra, ma\u011fdur olmu\u015f \u00fclk\u00fcc\u00fclere ve onlar\u0131n ailelerine yardim amac\u0131yla kurulan Sosyal G\u00fcvenlik ve E\u011fitim Vakf\u0131&#8217;n\u0131n ba\u015fkanl\u0131\u011f\u0131n\u0131 yapt\u0131.<\/p>\n<p style=\"text-align: justify;\">1987&#8217;de arkada\u015flar\u0131 ile birlikte M\u00c7P&#8217;de siyasete girdi. M\u00c7P&#8217;de Genel Sekreter Yard\u0131mc\u0131l\u0131\u011f\u0131 g\u00f6revinde bulundu.<\/p>\n<p style=\"text-align: justify;\">1991 genel se\u00e7imlerinde \u00fc\u00e7 partinin olu\u015fturdu\u011fu ittifak b\u00fcnyesinde, milletvekili aday\u0131 oldu. &#8220;O, inan\u00e7lar\u0131n\u0131z\u0131 Meclis&#8217;e ta\u015f\u0131yacak&#8221; slogan\u0131yla, Sivas&#8217;tan milletvekili se\u00e7ildi.<\/p>\n<p style=\"text-align: justify;\">1992 y\u0131l\u0131 Temmuz ay\u0131nda, &#8220;i\u00e7inde bulundu\u011fu partinin siyasi anlay\u0131\u015f\u0131yla uyu\u015famad\u0131\u011f\u0131 i\u00e7in&#8221; bir grup arkada\u015f\u0131 ile birlikte M\u00c7P&#8217;den ayr\u0131ld\u0131. 29 Ocak 1993 tarihinde B\u00fcy\u00fck Birlik Partisi kuruldu ve bu partinin Genel Ba\u015fkanl\u0131\u011f\u0131na se\u00e7ildi.<\/p>\n<p style=\"text-align: justify;\">24 Aral\u0131k 1995&#8217;te yap\u0131lan erken genel se\u00e7imlerde ANAP-BBP ittifak\u0131ndan 20. D\u00f6nem Sivas milletvekili olarak, yeniden meclise girdi. 28.02.1996 tarihinde ANAP&#8217;tan istifa ederek, BBP&#8217;ye d\u00f6nd\u00fc.<\/p>\n<p style=\"text-align: justify;\">26 Nisan 1998&#8217;de yap\u0131lan 3. B\u00fcy\u00fck Kurultay&#8217;da, 8 Ekim 2000 tarihinde yap\u0131lan 4. B\u00fcy\u00fck Kurultay&#8217;da, 2 Haziran 2002 tarihinde yap\u0131lan 1. Ola\u011fan\u00fcst\u00fc B\u00fcy\u00fck Kurultay&#8217;da,20 Temmuz 2003 tarihinde yap\u0131lan 5. Ola\u011fan B\u00fcy\u00fck Kurultay&#8217;da,30 Nisan 2006 tarihinde yap\u0131lan 6. Ola\u011fan B\u00fcy\u00fck Kurultay&#8217;da ve 15 Nisan 2007 2.Ola\u011fan\u00fcst\u00fc B\u00fcy\u00fck Kurultayda tekrar BBP Genel Ba\u015fkanl\u0131\u011f\u0131na se\u00e7ilmi\u015ftir.<\/p>\n<p style=\"text-align: justify;\">22 Temmuz Erken Genel se\u00e7imlerinde BBP&#8217;nin se\u00e7imi protesto etmesi sebebiyle partisinden istifa ederek Sivas&#8217;tan ba\u011f\u0131ms\u0131z milletvekili aday\u0131 olup 23. d\u00f6nem milletvekilli\u011fine se\u00e7ilmi\u015ftir.Daha sonra BBP&#8217;ye kat\u0131larak TBMM&#8217;de B\u00fcy\u00fck Birlik Partisi Sivas Milletvekili olarak BBP&#8217;yi Meclis&#8217;te temsil etmi\u015ftir.19 A\u011fustos&#8217;ta yap\u0131lm\u0131\u015f olan BBP&#8217;nin 3.Ola\u011fan\u00fcst\u00fc B\u00fcy\u00fck kurultay\u0131nda tekrar Genel Ba\u015fkan olmu\u015ftur.<\/p>\n<p style=\"text-align: justify;\">Muhsin YAZICIO\u011eLU, evli ve iki \u00e7ocuk babas\u0131yd\u0131..<\/p>\n<p style=\"text-align: justify;\"><span style=\"color: #888888;\">Kaynak : H\u00fcrriyet<\/span><\/p>\n","protected":false},"excerpt":{"rendered":"<\/p>\n<p style=\"text-align: justify;\">Kahramanmara\u015f&#8217;tan Yozgat&#8217;a giderken ge\u00e7irdi\u011fi helikopter kazas\u0131 sonucu hayat\u0131n\u0131 kaybeden BBP Genel Ba\u015fkan\u0131 Muhsin Yaz\u0131c\u0131o\u011flu&#8217;nun hayat\u0131 siyasi m\u00fccadeleler ile ge\u00e7ti. Yaz\u0131c\u0131o\u011flu, kazadan hemen \u00f6nceki mitinginde 29 Mart se\u00e7im \u00e7al\u0131\u015fmalar\u0131 i\u00e7in &#8220;Devletten yard\u0131m alm\u0131yoruz ilk kez helikopter kiral\u0131yoruz&#8221; demi\u015fti.<\/p>\n<p style=\"text-align: justify;\">\u0130\u015fte Yaz\u0131c\u0131o\u011flu&#8217;nun siyasi m\u00fccadeleyle dolu ya\u015fam \u00f6yk\u00fcs\u00fc:<\/p>\n<p style=\"text-align: justify;\">Muhsin Yaz\u0131c\u0131o\u011flu, 1954 y\u0131l\u0131nda <\/p>\n","protected":false},"author":1,"featured_media":0,"comment_status":"open","ping_status":"closed","sticky":false,"template":"","format":"standard","meta":{"footnotes":""},"categories":[105],"tags":[144,103,104],"class_list":["post-6738","post","type-post","status-publish","format-standard","hentry","category-gundem","tag-bbp","tag-helikopter-kazasi","tag-muhsin-yazicioglu","odd"],"_links":{"self":[{"href":"http:\/\/www.korhanyilmaz.com\/index.php?rest_route=\/wp\/v2\/posts\/6738","targetHints":{"allow":["GET"]}}],"collection":[{"href":"http:\/\/www.korhanyilmaz.com\/index.php?rest_route=\/wp\/v2\/posts"}],"about":[{"href":"http:\/\/www.korhanyilmaz.com\/index.php?rest_route=\/wp\/v2\/types\/post"}],"author":[{"embeddable":true,"href":"http:\/\/www.korhanyilmaz.com\/index.php?rest_route=\/wp\/v2\/users\/1"}],"replies":[{"embeddable":true,"href":"http:\/\/www.korhanyilmaz.com\/index.php?rest_route=%2Fwp%2Fv2%2Fcomments&post=6738"}],"version-history":[{"count":0,"href":"http:\/\/www.korhanyilmaz.com\/index.php?rest_route=\/wp\/v2\/posts\/6738\/revisions"}],"wp:attachment":[{"href":"http:\/\/www.korhanyilmaz.com\/index.php?rest_route=%2Fwp%2Fv2%2Fmedia&parent=6738"}],"wp:term":[{"taxonomy":"category","embeddable":true,"href":"http:\/\/www.korhanyilmaz.com\/index.php?rest_route=%2Fwp%2Fv2%2Fcategories&post=6738"},{"taxonomy":"post_tag","embeddable":true,"href":"http:\/\/www.korhanyilmaz.com\/index.php?rest_route=%2Fwp%2Fv2%2Ftags&post=6738"}],"curies":[{"name":"wp","href":"https:\/\/api.w.org\/{rel}","templated":true}]}}