{"id":6731,"date":"2009-03-28T07:58:31","date_gmt":"2009-03-28T05:58:31","guid":{"rendered":"http:\/\/www.korhanyilmaz.com\/?p=6731"},"modified":"2011-08-12T21:11:01","modified_gmt":"2011-08-12T18:11:01","slug":"kizi-kazadan-iki-gun-once-yuz-yuze-gorusmustuk","status":"publish","type":"post","link":"http:\/\/www.korhanyilmaz.com\/?p=6731","title":{"rendered":"K\u0131z\u0131: Kazadan iki g\u00fcn \u00f6nce y\u00fcz y\u00fcze g\u00f6r\u00fc\u015fm\u00fc\u015ft\u00fck"},"content":{"rendered":"<p style=\"text-align: center;\"><img loading=\"lazy\" decoding=\"async\" class=\"aligncenter size-full wp-image-6732\" title=\"K\u0131z\u0131: Kazadan iki g\u00fcn \u00f6nce y\u00fcz y\u00fcze g\u00f6r\u00fc\u015fm\u00fc\u015ft\u00fck \" src=\"http:\/\/www.korhanyilmaz.com\/wp-content\/uploads\/2009\/03\/31ac1862b869b34abef50105x.jpg\" alt=\"K\u0131z\u0131: Kazadan iki g\u00fcn \u00f6nce y\u00fcz y\u00fcze g\u00f6r\u00fc\u015fm\u00fc\u015ft\u00fck \" width=\"380\" height=\"200\" \/><\/p>\n<p style=\"text-align: justify;\">&#8220;Aile gelene\u011fimiz metanet&#8221; diyen Yaz\u0131c\u0131o\u011flu&#8217;nun Bilkent \u0130\u015fletme Fak\u00fcltesi \u00f6\u011frencisi olan k\u0131z\u0131 Firuze Yaz\u0131c\u0131o\u011flu, babas\u0131n\u0131 &#8220;Son derece m\u00fc\u015ffik, s\u0131cak, adil, merhametli ve a\u00e7\u0131k fikirli bir insand\u0131r&#8221; diye anlatt\u0131..<\/p>\n<p style=\"text-align: justify;\">Firuze Yaz\u0131c\u0131o\u011flu, Muhsin Yaz\u0131c\u0131o\u011flu&#8217;nun 20 ya\u015f\u0131nda Bilkent \u0130\u015fletme Fak\u00fcltesi \u00f6\u011frencisi k\u0131z\u0131. Annesiyle olay\u0131 haber al\u0131r almaz zaten annesinin do\u011fum yeri olan Kahramanmara\u015f G\u00f6ksun il\u00e7esine geldiler. Duyduklar\u0131 derin endi\u015feye ra\u011fmen ola\u011fan\u00fcst\u00fc bir so\u011fukkanl\u0131l\u0131k i\u00e7inde, sakin ve umutla bekliyorlar m\u00fcjdeli haberi. \u00c7ok uzun konu\u015fuyoruz. Ancak konu\u015fmam\u0131z\u0131n b\u00fcy\u00fck b\u00f6l\u00fcm\u00fc yaz\u0131lmak i\u00e7in de\u011fil, dertle\u015fme kabilinden. O nedenle detaylar\u0131 de\u011fil gencecik bir k\u0131z\u0131n sab\u0131rla s\u0131nav\u0131n\u0131 payla\u015f\u0131yorum sizinle: <!--more--><\/p>\n<p style=\"text-align: justify;\"><strong>&#8216;KARDE\u015e\u0130M\u0130 GET\u0130RMED\u0130K&#8217;<\/strong><\/p>\n<p style=\"text-align: justify;\"><strong>* <em>En son ne zaman g\u00f6r\u00fc\u015ft\u00fcn\u00fcz baban\u0131zla? <\/em><\/strong>Babam\u0131n son haftalar\u0131 \u00e7ok yo\u011fundu. 4-5 g\u00fcn se\u00e7im gezilerine kat\u0131l\u0131yor, eve 2 saat u\u011fruyordu arada. Son y\u00fcz y\u00fcze g\u00f6r\u00fc\u015fmemiz kazadan 2 g\u00fcn \u00f6nceydi san\u0131r\u0131m.<\/p>\n<p style=\"text-align: justify;\">* <strong><em>Ondan sonra telefonla m\u0131 konu\u015ftunuz? <\/em><\/strong>Evet, okul \u00e7al\u0131\u015fma grubumuzda yeni birka\u00e7 k\u0131z arkada\u015fla tan\u0131\u015fm\u0131\u015ft\u0131m. Onlar\u0131 anlatt\u0131m babama.<\/p>\n<p style=\"text-align: justify;\">* <strong><em>Bilkent \u0130\u015fletme okuyordunuz de\u011fil mi? <\/em><\/strong>Evet asl\u0131nda genetik okumak isterken kendimi i\u015fletmede buldum. Yurtd\u0131\u015f\u0131nda mast\u0131r yap\u0131p, okula hoca olmak, akademik kariyer yapmak amac\u0131m.<\/p>\n<p style=\"text-align: justify;\">* <strong><em>Karde\u015finiz Furkan gelmedi mi? <\/em><\/strong>Ankara&#8217;da anneannemin yan\u0131nda. Ya\u015fl\u0131 kad\u0131n oldu\u011fu i\u00e7in ona s\u00f6ylemiyoruz. Televizyonun fi\u015fi filan \u00e7ekildi, gazeteler verilmiyor, yan\u0131nda konu\u015fulmuyor. Zaten annem de gelmesini istemedi karde\u015fimin. Gen\u00e7 \u00e7ocuktur ve babam gibi onun da g\u00f6z\u00fc karad\u0131r. Da\u011fa \u00e7\u0131kmaya, kurtarma ekiplerine kat\u0131lmaya \u00e7al\u0131\u015f\u0131r diye endi\u015felendik.<\/p>\n<p style=\"text-align: justify;\">* <strong><em>Anneniz gibi siz de \u00e7ok metanetlisiniz. <\/em><\/strong>Aile gelene\u011fimiz b\u00f6yle. \u0130nan\u0131yoruz ki babam\u0131z ve di\u011fer arkada\u015flar\u0131 o g\u00fc\u00e7 \u015fartlarda bile m\u00fccadelelerini s\u00fcrd\u00fcr\u00fcyordur. V\u00fccut direnci y\u00fcksektir. Sabr\u0131 ise inan\u0131lmazd\u0131r. E\u011fer o ara\u00e7tan bir yerine bir \u015fey olmadan \u00e7\u0131km\u0131\u015fsa, mutlaka kendini ve arkada\u015flar\u0131n\u0131 kurtaracak bir y\u00f6ntem bulur.<\/p>\n<p style=\"text-align: justify;\">* <strong><em>Babalar k\u0131zlar\u0131n\u0131n kahraman\u0131d\u0131r. Sizin i\u00e7in de \u00f6yle olmal\u0131. <\/em><\/strong>Son derece m\u00fc\u015ffik, s\u0131cak, adil, merhametli ve a\u00e7\u0131k fikirli bir insand\u0131r. Her konuyu her boyutta tart\u0131\u015f\u0131r, konu\u015furuz. \u00d6zellikle sosyal projelere destek vermem konusunda okulda olsun, g\u00fcndelik hayatta olsun te\u015fvik eder beni ve karde\u015fimi. Hayata her konumda haz\u0131r ve donan\u0131ml\u0131 yeti\u015fmemizi ister. Eskrim yapmam\u0131, Uzakdo\u011fu savunma sporlar\u0131yla u\u011fra\u015fmam\u0131, ata binmemi benim kadar o da istedi ve yapt\u0131m bunlar\u0131. Ku\u015fak olarak m\u00fccadeleci ama \u00fclkesini seven, derdiyle dertlenen bir gen\u00e7li\u011fin i\u00e7inden gelmi\u015fler. \u015eimdiki gibi bencil, bireysel gen\u00e7lik yokmu\u015f onlar\u0131n zaman\u0131nda. Kavgas\u0131z, d\u00f6v\u00fc\u015fs\u00fcz bir \u00fclkeden yana koyuyor tavr\u0131n\u0131 hep. Biz de bundan \u00e7ok etkileniyoruz elbette.<\/p>\n<p style=\"text-align: justify;\">* <strong><em>\u015eiire, edebiyata d\u00fc\u015fk\u00fcnl\u00fc\u011f\u00fcyle tan\u0131yoruz onu bir de&#8230; <\/em><\/strong>Benim de edebiyata d\u00fc\u015fk\u00fcnl\u00fc\u011f\u00fcm babamdan geliyor. Ayr\u0131ca klasik bat\u0131 keman\u0131 da \u00e7al\u0131yorum. Bunlar babam\u0131n deste\u011fiyle olan \u015feyler. \u015eimdi bir s\u0131nav bu bizim i\u00e7in. Sabr\u0131m\u0131z\u0131, metanetimizi, olgunlu\u011fumuzu s\u0131n\u0131yor Rabbimiz.<\/p>\n<p style=\"text-align: justify;\">Emekli olup partiye g\u00f6n\u00fcl vermi\u015fti <strong><em>BBP Sivas \u0130l Ba\u015fkan Yrd. Y\u00fcksel Yanc\u0131<\/em><\/strong><br \/>\n<strong>S\u0130VAS&#8217;IN <\/strong>H\u00fckl\u00fcyurt k\u00f6y\u00fcnde 12 Nisan 1959&#8217;da d\u00fcnyaya gelen Y\u00fcksel Yanc\u0131, ilk ve orta \u00f6\u011freniminin ard\u0131ndan Sivas&#8217;ta bulunan T\u00fcrkiye Demiryolu Makineleri Sanayisi&#8217;nde i\u015f\u00e7i olarak \u00e7al\u0131\u015fmaya ba\u015flad\u0131. Pakize Yanc\u0131 ile 24 y\u0131l \u00f6nce ya\u015fam\u0131n\u0131 birle\u015ftiren ve 23 ya\u015f\u0131nda Selcan, 22 ya\u015f\u0131nda Mehmet Alper ile 14 ya\u015f\u0131nda Samet Furkan ad\u0131nda 3 \u00e7ocu\u011fu bulunan Yanc\u0131, 25 y\u0131l \u00e7al\u0131\u015ft\u0131ktan sonra emekli oldu ve B\u00fcy\u00fck Birlik Partisi&#8217;nde siyasete at\u0131ld\u0131.<\/p>\n<p style=\"text-align: justify;\">Yerel se\u00e7imde meclis \u00fcyeli\u011fine aday oldu\u00a0<strong><em>BBP BM \u00fcyesi aday\u0131 Murat \u00c7etinkaya<\/em><\/strong><\/p>\n<p style=\"text-align: justify;\"><strong>S\u0130VAS&#8217;TA <\/strong>21 Temmuz 1968&#8217;de d\u00fcnyaya gelen Murat \u00c7etinkaya, ilk ve orta \u00f6\u011freniminin ard\u0131ndan TCDD&#8217;de i\u015f\u00e7i olarak \u00e7al\u0131\u015ft\u0131. Daha sonra kendi soyad\u0131n\u0131 ta\u015f\u0131yan asans\u00f6r firmas\u0131nda teknisyenlik de yapan \u00c7etinkaya, 15 y\u0131l \u00f6nce K\u00fcbra \u00c7etinkaya ile ya\u015fam\u0131n\u0131 birle\u015ftirdi. Yar\u0131n yap\u0131lacak se\u00e7imlerde BBP&#8217;den Belediye Meclis \u00fcyesi aday\u0131 olan \u00c7etinkaya&#8217;n\u0131n, 14 ya\u015f\u0131nda Abdullah Alperen, 9 ya\u015f\u0131nda Hilal ve 2 ya\u015f\u0131nda \u015eevval ad\u0131nda 3 \u00e7ocu\u011fu bulunuyor.<\/p>\n<p style=\"text-align: justify;\">21 ya\u015f\u0131nda BBP ile yolunu birle\u015ftirdi <strong><em>BBP Sivas \u0130l Ba\u015fkan\u0131 Erhan \u00dcst\u00fcnda\u011f<\/em><\/strong><br \/>\n<strong>S\u0130VAS&#8217;TA <\/strong>9 Ekim 1972&#8217;de d\u00fcnyaya gelen Erhan \u00dcst\u00fcnda\u011f, ilk ve orta \u00f6\u011freniminin ard\u0131ndan Cumhuriyet \u00dcniversitesi Jeoloji M\u00fchendisli\u011fi B\u00f6l\u00fcm\u00fc&#8217;nden mezun oldu. Ard\u0131ndan 1993&#8217;te hayran\u0131 oldu\u011fu Muhsin Yaz\u0131c\u0131o\u011flu, B\u00fcy\u00fck Birlik Partisi&#8217;ni kurunca, 21 ya\u015f\u0131nda siyasete at\u0131ld\u0131. Yedi y\u0131l \u00f6nce Meryem \u00dcst\u00fcnda\u011f&#8217;la hayat\u0131n\u0131 birle\u015ftiren \u00dcst\u00fcnda\u011f, partinin \u00e7e\u015fitli kademelerinde g\u00f6rev ald\u0131. \u00dcst\u00fcnda\u011f, 26 Aral\u0131k 2008&#8217;de yap\u0131lan il kongresinde BBP \u0130l Ba\u015fkan\u0131 se\u00e7ildi. \u00dcst\u00fcnda\u011f&#8217;\u0131n 4 ya\u015f\u0131nda bir k\u0131z\u0131 var.<\/p>\n<p style=\"text-align: justify;\"><strong><em>\u0130HA Sivas muhabiri \u0130smail G\u00fcne\u015f<\/em><\/strong><\/p>\n<p style=\"text-align: justify;\"><strong><em><\/em><\/strong>Foto\u011fraf \u00a0bast\u0131r\u0131rken \u00e2\u015f\u0131k olup evlendi<br \/>\n<strong>S\u0130VAS&#8217;TA <\/strong>15 \u015eubat 1975&#8217;te do\u011fan \u0130smail G\u00fcne\u015f, lise y\u0131llar\u0131nda gitti\u011fi tekvando kursuna gelen gazetecilere \u00f6zenerek 1994&#8217;te Bizim Sivas gazetesine girdi. Askerli\u011fini G\u00fcneydo\u011fu&#8217;da yapan G\u00fcne\u015f, 1996&#8217;dan itibaren \u00e7al\u0131\u015fmaya ba\u015flayan \u0130hlas Haber Ajans\u0131&#8217;nda \u00e7ekti\u011fi foto\u011fraflar\u0131 y\u0131katmak i\u00e7in gitti\u011fi foto\u011fraf st\u00fcdyosunda Yasemin G\u00fcne\u015f&#8217;le tan\u0131\u015ft\u0131. 2001 y\u0131l\u0131nda evlenen \u00e7iftin 5 ya\u015f\u0131nda Tulu\u011fhan ve 3 ya\u015f\u0131nda \u00c7a\u011fan adl\u0131 2 o\u011flu bulunuyor.<\/p>\n<p style=\"text-align: justify;\">\n<p style=\"text-align: justify;\"><strong><em>Pilot Kaya \u0130stektepe<\/em><\/strong><\/p>\n<p style=\"text-align: justify;\"><strong><em><\/em><\/strong>Binba\u015f\u0131 r\u00fctbesiyle ordudan emekli<br \/>\n<strong>54 <\/strong>ya\u015f\u0131ndaki tecr\u00fcbeli pilot, 1975 y\u0131l\u0131nda Kara Harp Okulu&#8217;ndan mezun oldu. Kara Kuvvetleri&#8217;nde \u00f6\u011fretmen pilot olarak g\u00f6rev yapan \u0130stektepe, binba\u015f\u0131 r\u00fctbesindeyken emekliye ayr\u0131ld\u0131. 1998&#8217;de Sancak Air, ard\u0131ndan da Zorlu Holding&#8217;de helikopter pilotu olarak g\u00f6rev yapan \u0130stektepe, 2 y\u0131l \u00f6nce de Medair&#8217;de \u00e7al\u0131\u015fmaya ba\u015flad\u0131. Toplam 9 bin 500 saat u\u00e7u\u015f yapan \u0130stektepe, \u00f6\u011fretmen pilotluk yapmaya da devam ediyordu. \u0130stektepe evli ve iki \u00e7ocuk babas\u0131.<\/p>\n<p style=\"text-align: justify;\"><span style=\"color: #888888;\">Kaynak :Sava\u015f AY &#8211;\u00a0 Sabah Gazetesi<\/span><\/p>\n","protected":false},"excerpt":{"rendered":"<p style=\"text-align: center;\">\n<p style=\"text-align: justify;\">&#8220;Aile gelene\u011fimiz metanet&#8221; diyen Yaz\u0131c\u0131o\u011flu&#8217;nun Bilkent \u0130\u015fletme Fak\u00fcltesi \u00f6\u011frencisi olan k\u0131z\u0131 Firuze Yaz\u0131c\u0131o\u011flu, babas\u0131n\u0131 &#8220;Son derece m\u00fc\u015ffik, s\u0131cak, adil, merhametli ve a\u00e7\u0131k fikirli bir insand\u0131r&#8221; diye anlatt\u0131..<\/p>\n<p style=\"text-align: justify;\">Firuze Yaz\u0131c\u0131o\u011flu, Muhsin Yaz\u0131c\u0131o\u011flu&#8217;nun 20 ya\u015f\u0131nda Bilkent \u0130\u015fletme Fak\u00fcltesi \u00f6\u011frencisi k\u0131z\u0131. Annesiyle olay\u0131 haber al\u0131r almaz zaten annesinin do\u011fum yeri olan <\/p>\n","protected":false},"author":1,"featured_media":0,"comment_status":"open","ping_status":"closed","sticky":false,"template":"","format":"standard","meta":{"footnotes":""},"categories":[105],"tags":[317,103,104],"class_list":["post-6731","post","type-post","status-publish","format-standard","hentry","category-gundem","tag-firuze-yazicioglu","tag-helikopter-kazasi","tag-muhsin-yazicioglu","odd"],"_links":{"self":[{"href":"http:\/\/www.korhanyilmaz.com\/index.php?rest_route=\/wp\/v2\/posts\/6731","targetHints":{"allow":["GET"]}}],"collection":[{"href":"http:\/\/www.korhanyilmaz.com\/index.php?rest_route=\/wp\/v2\/posts"}],"about":[{"href":"http:\/\/www.korhanyilmaz.com\/index.php?rest_route=\/wp\/v2\/types\/post"}],"author":[{"embeddable":true,"href":"http:\/\/www.korhanyilmaz.com\/index.php?rest_route=\/wp\/v2\/users\/1"}],"replies":[{"embeddable":true,"href":"http:\/\/www.korhanyilmaz.com\/index.php?rest_route=%2Fwp%2Fv2%2Fcomments&post=6731"}],"version-history":[{"count":0,"href":"http:\/\/www.korhanyilmaz.com\/index.php?rest_route=\/wp\/v2\/posts\/6731\/revisions"}],"wp:attachment":[{"href":"http:\/\/www.korhanyilmaz.com\/index.php?rest_route=%2Fwp%2Fv2%2Fmedia&parent=6731"}],"wp:term":[{"taxonomy":"category","embeddable":true,"href":"http:\/\/www.korhanyilmaz.com\/index.php?rest_route=%2Fwp%2Fv2%2Fcategories&post=6731"},{"taxonomy":"post_tag","embeddable":true,"href":"http:\/\/www.korhanyilmaz.com\/index.php?rest_route=%2Fwp%2Fv2%2Ftags&post=6731"}],"curies":[{"name":"wp","href":"https:\/\/api.w.org\/{rel}","templated":true}]}}