{"id":6727,"date":"2009-03-28T07:53:02","date_gmt":"2009-03-28T05:53:02","guid":{"rendered":"http:\/\/www.korhanyilmaz.com\/?p=6727"},"modified":"2009-03-28T07:53:02","modified_gmt":"2009-03-28T05:53:02","slug":"haydi-gun-bugun","status":"publish","type":"post","link":"http:\/\/www.korhanyilmaz.com\/?p=6727","title":{"rendered":"Haydi g\u00fcn bug\u00fcn"},"content":{"rendered":"<p style=\"text-align: center;\"><img loading=\"lazy\" decoding=\"async\" class=\"aligncenter size-full wp-image-6728\" title=\"Haydi g\u00fcn bug\u00fcn \" src=\"http:\/\/www.korhanyilmaz.com\/wp-content\/uploads\/2009\/03\/1bce78729a4f2541a88c9a09x.jpg\" alt=\"Haydi g\u00fcn bug\u00fcn \" width=\"333\" height=\"175\" \/><\/p>\n<p style=\"text-align: justify;\">EURO 2008&#8217;de finalde kar\u015f\u0131la\u015fma f\u0131rsat\u0131n\u0131 ka\u00e7\u0131rd\u0131\u011f\u0131m\u0131z \u0130spanya ilebu gece Bernabeu&#8217;da tarihi bir ma\u00e7a \u00e7\u0131kaca\u011f\u0131z. Ay-y\u0131ld\u0131zl\u0131 tak\u0131m\u0131m\u0131z23.00&#8217;teki ma\u00e7ta \u0130spanya&#8217;y\u0131 ge\u00e7erek tarihine alt\u0131n bir sayfa dahayazd\u0131rmak istiyor.<\/p>\n<p style=\"text-align: justify;\">M\u00fccadeleyi \u0130svi\u00e7reli Massimo Busacca y\u00f6netecek ..      <img loading=\"lazy\" decoding=\"async\" src=\"http:\/\/img.sabah.com.tr\/i3\/sp.gif\" alt=\"\" width=\"1\" height=\"1\" \/> Avrupa \u015eampiyonas\u0131&#8217;nda d\u00fcnyay\u0131 kendisine hayran b\u0131rakan Milli Tak\u0131m\u0131m\u0131z, bu gece tarihi ma\u00e7lar\u0131ndan birine \u00e7\u0131kacak. Talihsiz Almanya yenilgisiyle \u0130spanya&#8217;y\u0131 elinden ka\u00e7\u0131ran ay y\u0131ld\u0131zl\u0131 tak\u0131m ve futbolseverlerin aylard\u0131r merakla bekledi\u011fi g\u00fcn geldi \u00e7att\u0131. <!--more--><\/p>\n<p style=\"text-align: justify;\">Milliler 2010 D\u00fcnya Kupas\u0131 Avrupa Elemeleri 5. Grup&#8217;taki 5. ma\u00e7\u0131nda deplasmanda grupta lider olan \u0130spanya ile kar\u015f\u0131la\u015facak. \u0130spanya&#8217;n\u0131n ba\u015fkenti Madrid&#8217;deki Santiago Bernabeu Stad\u0131&#8217;nda <strong>TS\u0130 23.00&#8217;de <\/strong>ba\u015flayacak kar\u015f\u0131la\u015fmay\u0131 \u0130svi\u00e7re Futbol Federasyonu&#8217;ndan <strong>Massimo Busacca <\/strong>y\u00f6netecek. <strong>Busacca&#8217;n\u0131n yard\u0131mc\u0131l\u0131klar\u0131n\u0131 vatanda\u015flar\u0131 Matthias Arnet ve Francesco Buragina yapacak. Ma\u00e7, NTV&#8217;den naklen ekrana gelecek. <\/strong>Tarihinde b\u00fcy\u00fck ba\u015far\u0131lara imza atan ve son Avrupa \u015eampiyonas\u0131&#8217;nda Almanya&#8217;ya k\u0131lpay\u0131 yenilerek \u0130spanya ile finalde kar\u015f\u0131 kar\u015f\u0131ya gelme \u015fans\u0131n\u0131 kaybeden T\u00fcrkiye i\u00e7in bu ma\u00e7 ayr\u0131 bir \u00f6nem ta\u015f\u0131yor. <strong>\u0130spanya 11 Mart 1934 y\u0131l\u0131ndan beri D\u00fcnya Kupas\u0131 elemelerinde evinde kimseye yenilmiyor<\/strong>. Milli Tak\u0131m ile \u0130spanya daha \u00f6nce <strong>8 kez kar\u015f\u0131 kar\u015f\u0131ya <\/strong>geldi. <strong>Bu ma\u00e7lardan birini T\u00fcrkiye kazan\u0131rken, 3&#8217;\u00fcn\u00fc \u0130spanya \u00f6nde bitirdi. 4 ma\u00e7 ise berabere sonu\u00e7land\u0131. <\/strong>Bu arada <strong>5. Grup&#8217;ta bug\u00fcn ayr\u0131ca Ermenistan- Estonya, Bel\u00e7ika-Bosna Hersek <\/strong>ma\u00e7lar\u0131 da yap\u0131lacak.<\/p>\n<p style=\"text-align: justify;\"><span style=\"color: #888888;\">Kaynak : Sabah Gazetesi<\/span><\/p>\n","protected":false},"excerpt":{"rendered":"<p style=\"text-align: center;\">\n<p style=\"text-align: justify;\">EURO 2008&#8217;de finalde kar\u015f\u0131la\u015fma f\u0131rsat\u0131n\u0131 ka\u00e7\u0131rd\u0131\u011f\u0131m\u0131z \u0130spanya ilebu gece Bernabeu&#8217;da tarihi bir ma\u00e7a \u00e7\u0131kaca\u011f\u0131z. Ay-y\u0131ld\u0131zl\u0131 tak\u0131m\u0131m\u0131z23.00&#8217;teki ma\u00e7ta \u0130spanya&#8217;y\u0131 ge\u00e7erek tarihine alt\u0131n bir sayfa dahayazd\u0131rmak istiyor.<\/p>\n<p style=\"text-align: justify;\">M\u00fccadeleyi \u0130svi\u00e7reli Massimo Busacca y\u00f6netecek .. Avrupa \u015eampiyonas\u0131&#8217;nda d\u00fcnyay\u0131 kendisine hayran b\u0131rakan Milli Tak\u0131m\u0131m\u0131z, bu gece tarihi ma\u00e7lar\u0131ndan birine \u00e7\u0131kacak. Talihsiz Almanya yenilgisiyle <\/p>\n","protected":false},"author":1,"featured_media":0,"comment_status":"open","ping_status":"closed","sticky":false,"template":"","format":"standard","meta":{"footnotes":""},"categories":[42],"tags":[],"class_list":["post-6727","post","type-post","status-publish","format-standard","hentry","category-spor","odd"],"_links":{"self":[{"href":"http:\/\/www.korhanyilmaz.com\/index.php?rest_route=\/wp\/v2\/posts\/6727","targetHints":{"allow":["GET"]}}],"collection":[{"href":"http:\/\/www.korhanyilmaz.com\/index.php?rest_route=\/wp\/v2\/posts"}],"about":[{"href":"http:\/\/www.korhanyilmaz.com\/index.php?rest_route=\/wp\/v2\/types\/post"}],"author":[{"embeddable":true,"href":"http:\/\/www.korhanyilmaz.com\/index.php?rest_route=\/wp\/v2\/users\/1"}],"replies":[{"embeddable":true,"href":"http:\/\/www.korhanyilmaz.com\/index.php?rest_route=%2Fwp%2Fv2%2Fcomments&post=6727"}],"version-history":[{"count":0,"href":"http:\/\/www.korhanyilmaz.com\/index.php?rest_route=\/wp\/v2\/posts\/6727\/revisions"}],"wp:attachment":[{"href":"http:\/\/www.korhanyilmaz.com\/index.php?rest_route=%2Fwp%2Fv2%2Fmedia&parent=6727"}],"wp:term":[{"taxonomy":"category","embeddable":true,"href":"http:\/\/www.korhanyilmaz.com\/index.php?rest_route=%2Fwp%2Fv2%2Fcategories&post=6727"},{"taxonomy":"post_tag","embeddable":true,"href":"http:\/\/www.korhanyilmaz.com\/index.php?rest_route=%2Fwp%2Fv2%2Ftags&post=6727"}],"curies":[{"name":"wp","href":"https:\/\/api.w.org\/{rel}","templated":true}]}}