{"id":6717,"date":"2009-03-27T09:15:37","date_gmt":"2009-03-27T07:15:37","guid":{"rendered":"http:\/\/www.korhanyilmaz.com\/?p=6717"},"modified":"2009-03-27T09:15:37","modified_gmt":"2009-03-27T07:15:37","slug":"hayretle-karsiliyorum","status":"publish","type":"post","link":"http:\/\/www.korhanyilmaz.com\/?p=6717","title":{"rendered":"Hayretle kar\u015f\u0131l\u0131yorum"},"content":{"rendered":"<p style=\"text-align: center;\"><img loading=\"lazy\" decoding=\"async\" class=\"aligncenter size-full wp-image-6718\" title=\"Hayretle kar\u015f\u0131l\u0131yorum \" src=\"http:\/\/www.korhanyilmaz.com\/wp-content\/uploads\/2009\/03\/270320091055341049776.jpg\" alt=\"Hayretle kar\u015f\u0131l\u0131yorum \" width=\"329\" height=\"210\" \/><\/p>\n<p style=\"text-align: justify;\"><strong>AKP&#8217;nin b\u00f6l\u00fcnmesi ve Tayyip Erdo\u011fan&#8217;\u0131n yerine getirilmesi plan\u0131nda ad\u0131 ge\u00e7en \u015eener sert \u00e7\u0131kt\u0131<\/strong><\/p>\n<p style=\"text-align: justify;\">&#8220;Yarg\u0131n\u0131n i\u00e7ine d\u00fc\u015ft\u00fc\u011f\u00fc durumu hayretle kar\u015f\u0131l\u0131yorum&#8221;<\/p>\n<p style=\"text-align: justify;\">Ge\u00e7ti\u011fimiz g\u00fcn a\u00e7\u0131klanan, 1909 sayfal\u0131k Ergenekon ikinci iddianamesi, g\u00fcndeme bomba gibi d\u00fc\u015ft\u00fc. Emekli orgeneraller Hur\u015fit Tolon ve \u015eener Eruygur&#8217;un aralar\u0131nda bulundu\u011fu 56 \u015f\u00fcphelinin, AKP&#8217;yi b\u00f6lme planlar\u0131nda ismi ge\u00e7en AKP&#8217;li eski Bakan Abd\u00fcllatif \u015eener sorular\u0131 yan\u0131tlad\u0131.<\/p>\n<p style=\"text-align: justify;\">Benzer bir ma\u011fduriyetle kar\u015f\u0131 kar\u015f\u0131ya kalan U\u011fur D\u00fcndar&#8217;a destek veren \u015eener, &#8216;Ortaya \u00e7\u0131kan bu tablo kar\u015f\u0131s\u0131nda, U\u011fur D\u00fcndar&#8217;\u0131n dedi\u011fi gibi, bu dava \u00fczerinden yarg\u0131n\u0131n birilerinin namusuyla \u015ferefiyle oynad\u0131\u011f\u0131 anlam\u0131 \u00e7\u0131kmaz m\u0131?&#8217; diye sordu. \u015eener \u015f\u00f6yle devam etti: <!--more--><\/p>\n<p style=\"text-align: justify;\">&#8216;Birilerinin benim hakk\u0131mda yapt\u0131\u011f\u0131 konu\u015fmalar, dinlemeler nedeniyle dosyaya girmi\u015f. Bir insan \u00fclkede tan\u0131nan, bilinen bir ki\u015fi hakk\u0131nda bir tak\u0131m konu\u015fmalar yap\u0131labilir. Bu konu\u015fmalar\u0131n nas\u0131l siyasi sonu\u00e7lara hizmet edece\u011fi bilinmeden dosyaya, iddianameye girmesini anlamak m\u00fcmk\u00fcn de\u011fil. \u00c7\u00fcnk\u00fc bu, dava \u00fczerinden siyasi sonu\u00e7lar elde etmek anlam\u0131na gelir. Dava maksad\u0131n\u0131 a\u015fm\u0131\u015f olur ve sakatlan\u0131r.&#8217;<\/p>\n<p style=\"text-align: justify;\"><strong>Hi\u00e7birini ciddiye alm\u0131yorum<\/strong><\/p>\n<p style=\"text-align: justify;\">\u015eener, \u015f\u00fcphelilerin t\u00fcm konu\u015fmalar\u0131n\u0131n \u00f6zen g\u00f6sterilmeden iddianameye al\u0131nmas\u0131yla ilgili, &#8216;G\u00f6r\u00fcnen o ki, hi\u00e7 \u00f6zen g\u00f6sterilmeden, rastgele, konu\u015fmalar toplanm\u0131\u015f ve baz\u0131lar\u0131n\u0131n da istismar\u0131na uygun bir zemin olu\u015fturulmaya \u00e7al\u0131\u015f\u0131l\u0131yor. Hi\u00e7birini ciddiye alm\u0131yorum. Ama bu dava nedeniyle yarg\u0131n\u0131n i\u00e7ine d\u00fc\u015ft\u00fc\u011f\u00fc durumu da hayretle kar\u015f\u0131l\u0131yorum&#8217; dedi.<\/p>\n<p style=\"text-align: justify;\"><span style=\"color: #888888;\">Kaynak : Deniz G\u00dc\u00c7ER \/ Ak\u015fam<\/span><\/p>\n","protected":false},"excerpt":{"rendered":"<p style=\"text-align: center;\">\n<p style=\"text-align: justify;\">AKP&#8217;nin b\u00f6l\u00fcnmesi ve Tayyip Erdo\u011fan&#8217;\u0131n yerine getirilmesi plan\u0131nda ad\u0131 ge\u00e7en \u015eener sert \u00e7\u0131kt\u0131<\/p>\n<p style=\"text-align: justify;\">&#8220;Yarg\u0131n\u0131n i\u00e7ine d\u00fc\u015ft\u00fc\u011f\u00fc durumu hayretle kar\u015f\u0131l\u0131yorum&#8221;<\/p>\n<p style=\"text-align: justify;\">Ge\u00e7ti\u011fimiz g\u00fcn a\u00e7\u0131klanan, 1909 sayfal\u0131k Ergenekon ikinci iddianamesi, g\u00fcndeme bomba gibi d\u00fc\u015ft\u00fc. Emekli orgeneraller Hur\u015fit Tolon ve \u015eener Eruygur&#8217;un aralar\u0131nda bulundu\u011fu 56 \u015f\u00fcphelinin, AKP&#8217;yi b\u00f6lme planlar\u0131nda ismi <\/p>\n","protected":false},"author":1,"featured_media":0,"comment_status":"open","ping_status":"closed","sticky":false,"template":"","format":"standard","meta":{"footnotes":""},"categories":[105],"tags":[],"class_list":["post-6717","post","type-post","status-publish","format-standard","hentry","category-gundem","odd"],"_links":{"self":[{"href":"http:\/\/www.korhanyilmaz.com\/index.php?rest_route=\/wp\/v2\/posts\/6717","targetHints":{"allow":["GET"]}}],"collection":[{"href":"http:\/\/www.korhanyilmaz.com\/index.php?rest_route=\/wp\/v2\/posts"}],"about":[{"href":"http:\/\/www.korhanyilmaz.com\/index.php?rest_route=\/wp\/v2\/types\/post"}],"author":[{"embeddable":true,"href":"http:\/\/www.korhanyilmaz.com\/index.php?rest_route=\/wp\/v2\/users\/1"}],"replies":[{"embeddable":true,"href":"http:\/\/www.korhanyilmaz.com\/index.php?rest_route=%2Fwp%2Fv2%2Fcomments&post=6717"}],"version-history":[{"count":0,"href":"http:\/\/www.korhanyilmaz.com\/index.php?rest_route=\/wp\/v2\/posts\/6717\/revisions"}],"wp:attachment":[{"href":"http:\/\/www.korhanyilmaz.com\/index.php?rest_route=%2Fwp%2Fv2%2Fmedia&parent=6717"}],"wp:term":[{"taxonomy":"category","embeddable":true,"href":"http:\/\/www.korhanyilmaz.com\/index.php?rest_route=%2Fwp%2Fv2%2Fcategories&post=6717"},{"taxonomy":"post_tag","embeddable":true,"href":"http:\/\/www.korhanyilmaz.com\/index.php?rest_route=%2Fwp%2Fv2%2Ftags&post=6717"}],"curies":[{"name":"wp","href":"https:\/\/api.w.org\/{rel}","templated":true}]}}