{"id":6713,"date":"2009-03-27T10:56:36","date_gmt":"2009-03-27T08:56:36","guid":{"rendered":"http:\/\/www.korhanyilmaz.com\/?p=6713"},"modified":"2009-03-27T10:56:36","modified_gmt":"2009-03-27T08:56:36","slug":"erdogandan-aci-itiraf","status":"publish","type":"post","link":"http:\/\/www.korhanyilmaz.com\/?p=6713","title":{"rendered":"Erdo\u011fan&#039;dan ac\u0131 itiraf"},"content":{"rendered":"<p style=\"text-align: center;\"><img loading=\"lazy\" decoding=\"async\" class=\"aligncenter size-full wp-image-6714\" title=\"Erdo\u011fan'dan ac\u0131 itiraf \" src=\"http:\/\/www.korhanyilmaz.com\/wp-content\/uploads\/2009\/03\/270320091136214444980.jpg\" alt=\"Erdo\u011fan'dan ac\u0131 itiraf \" width=\"329\" height=\"210\" \/><\/p>\n<p style=\"text-align: justify;\"><strong>&#8216;Benim de telefonum dinlenebilir&#8217;<\/strong><\/p>\n<p style=\"text-align: justify;\">Ba\u015fbakan &#8220;Sizi de dinleyebilirler mi?&#8221; sorusuna &#8220;Ben ne konu\u015ftu\u011fuma dikkat ediyorum. Telefonlarda rahat de\u011filim&#8221; yan\u0131t\u0131n\u0131 verdi. Se\u00e7imle ilgili ise &#8220;E\u011fer insanlar partiye de\u011fil \u015fahs\u0131ma oy veriyorsa, hedefe varam\u0131yorum demektir. Benimle partim de \u00f6lecekse iyi bir miras b\u0131rakm\u0131\u015f olmam&#8221; dedi&#8230;<\/p>\n<p style=\"text-align: justify;\">Ba\u015fbakan Erdo\u011fan, yasad\u0131\u015f\u0131 telefon dinlemeleri konusunda &#8220;Telefon firmalar\u0131, Vodafone olsun, Turkcell olsun, Avea olsun hepsi de telefon dinleyebilirler mi?&#8221; dedi. Erdo\u011fan, bunun \u00fczerine kendisine y\u00f6neltilen &#8220;Sizi de dinleyebilirler mi?&#8221; sorusuna &#8220;Ne zannediyorsun. Ben ne konu\u015ftu\u011fuma dikkat ediyorum. Telefonlarda rahat de\u011filim&#8221; yan\u0131t\u0131n\u0131 verdi. Erdo\u011fan, ekonomik krizin 6. ay ile y\u0131l sonu aras\u0131nda dibini g\u00f6rebilece\u011fimizi de belirterek, &#8220;Kriz \u00f6nlemi i\u00e7in se\u00e7imden sonra a\u00e7\u0131klayaca\u011f\u0131m\u0131z birka\u00e7 madde daha olabilir&#8221; dedi. AKP&#8217;ye oy verenlerin partiye de\u011fil de \u015fahs\u0131na oy verdikleri iddialar\u0131na y\u00f6nelik olarak ise Erdo\u011fan \u015funlar\u0131 s\u00f6yledi: &#8220;E\u011fer b\u00f6yleyse ben iste\u011fim hedefe tam varam\u0131yorum demektir. Bizim kal\u0131c\u0131 k\u0131lmak iste\u011fimiz partidir. Ben faniyim, her an \u00f6lebilirim, benimle partim de \u00f6lecekse iyi miras b\u0131rakm\u0131\u015f olmam.&#8221; <!--more--><\/p>\n<p style=\"text-align: justify;\">Show TV&#8217;de canl\u0131 yay\u0131nlanan programa kat\u0131lan Erdo\u011fan, Ak\u015fam Gazetesi Genel Yay\u0131n Y\u00f6netmeni \u0130smail K\u00fc\u00e7\u00fckkaya ile gazete yazarlar\u0131 Deniz G\u00f6k\u00e7e ve H\u00fcsn\u00fc Mahalli&#8217;nin g\u00fcndemle ilgili sorular\u0131n\u0131 yan\u0131tlad\u0131.<\/p>\n<p style=\"text-align: justify;\"><strong>SE\u00c7\u0130M ANKETLER\u0130:<\/strong> Bir oran s\u00f6ylemek zor ve sa\u011fl\u0131kl\u0131 da de\u011fil. Ama \u015funu rahatl\u0131kla s\u00f6yleyebilirim, se\u00e7imin birincisi biz olaca\u011f\u0131z. D\u00fcnyadaki bu ekonomik krize ra\u011fmen en g\u00fcvenli anket olarak halk\u0131m\u0131z\u0131 g\u00f6r\u00fcyorum. Onlar pazar g\u00fcn\u00fc bu anketi yapacak ve sonucu verecek.<\/p>\n<p style=\"text-align: justify;\"><strong>IMF \u0130LE G\u00d6R\u00dc\u015eMELER:<\/strong> Se\u00e7im sonras\u0131nda ili\u015fkilerin canlanaca\u011f\u0131ndan eminim. G-20 zirvesinde ba\u015fkanla g\u00f6r\u00fc\u015fece\u011fiz. Ben bizim i\u00e7in \u00f6nemli olan konular\u0131n a\u015f\u0131ld\u0131\u011f\u0131n\u0131 g\u00f6r\u00fcyorum. Bu konular\u0131n a\u015f\u0131lmas\u0131 halinde anla\u015fmay\u0131 imzalar\u0131z, a\u015f\u0131lamazsa durumumuzu koruyarak yolumuza devam ederiz. \u00dc\u00e7\u00fcnc\u00fc G-20 zirvesinin \u0130stanbul&#8217;da yap\u0131lmas\u0131 s\u00f6zkonusu olabilir. IMF toplant\u0131s\u0131 da burada yap\u0131labilir.<\/p>\n<p style=\"text-align: justify;\"><strong>ERGENEKON DAVASI:<\/strong> Olay bir yarg\u0131 s\u00fcrecidir. Sizler bize g\u00f6re \u00e7ok daha h\u00fcrs\u00fcn\u00fcz. Bir yorum yapmam do\u011fru olmaz. Y\u00fcr\u00fctme organ\u0131 olarak yarg\u0131 bizden talepten bulunur, \u015funlar\u0131 al\u0131n getirin.. G\u00fcvenlik g\u00fc\u00e7lerimiz de gere\u011fini yapar. S\u00fcre\u00e7 i\u00e7inde hak neyse yerini bulsun. Genel anlamda s\u00f6yleyecek olursak, darbelerin d\u00f6nemi \u00e7ok geride kald\u0131. (Siyasi partiler i\u00e7inde de iktidar oyunlar\u0131 olmu\u015f) Say\u0131n Baykal \u00f6yle bir\u015feyi kabul etmiyor. Bu iddianamedir, bunun \u00fczerinde yoruma girmek do\u011fru de\u011fil.<\/p>\n<p style=\"text-align: justify;\"><strong>TELEFON D\u0130NLEMELER\u0130:<\/strong> Bu olay\u0131n yasal olarak durumu belli. Ancak telefon firmalar\u0131, Vodafone olsun, Turkcell olsun, Avea olsun, hepsi de telefon dinleyebilirler mi? (Sizi de dinleyebilirler mi?) Ne zannediyorsun. Ben ne konu\u015ftu\u011fuma dikkat ediyorum. Telefonlarda rahat de\u011filim. Bu d\u00fcnyan\u0131n her yerinde b\u00f6yle, yasalarla pek de \u00f6nlemek m\u00fcmk\u00fcn de\u011fil. Yasal olarak m\u00fcsade alarak yapacaks\u0131n\u0131z.<\/p>\n<p style=\"text-align: justify;\"><strong>G\u00dcL&#8217;\u00dcN IRAK Z\u0130YARET\u0130:<\/strong> K\u00fcr\u015fat Bey&#8217;den ald\u0131\u011f\u0131m bilgi \u00e7ok verimli oldu\u011fu istikametinde. \u00d6zellikle de b\u00f6l\u00fcc\u00fc \u00f6rg\u00fcte y\u00f6nelik Talabani&#8217;nin a\u00e7\u0131klamalar\u0131 \u00e7ok net. Bunlarla s\u00fcre\u00e7 hem ekonomik anlamda hem ter\u00f6r boyutunda bana g\u00f6re olumlu gitti. Bu ziyaretle birlikte at\u0131lan ad\u0131m orada s\u00f6ylenenlerle kalmamal\u0131d\u0131r. Bunun takip\u00e7isi hem onlar hem biz olmal\u0131y\u0131z. B\u00f6ylelikle G\u00fcneydo\u011fu&#8217;daki huzuru da artt\u0131rm\u0131\u015f olaca\u011f\u0131z.<\/p>\n<p style=\"text-align: justify;\"><strong>PKK TER\u00d6R\u00dc:<\/strong> Ter\u00f6r\u00fcn kendilerini fayda getirmeyece\u011fi a\u015fikar. Bunu kendileri de biliyor. Eve d\u00f6n\u00fc\u015f yasas\u0131n\u0131 \u00e7\u0131kard\u0131k. Beklenen netice do\u011frusu al\u0131namad\u0131. Bundan istifade etmek m\u00fcmk\u00fcn. Suriye Irak, \u0130ran&#8217;la ili\u015fkilerimizde farkl\u0131l\u0131\u011f\u0131m\u0131z yok, ayn\u0131 \u015feyleri d\u00fc\u015f\u00fcn\u00fcyoruz PKK konusunda. \u00c7ember daral\u0131yor. Avrupa&#8217;da art\u0131k eskisi gibi bakm\u0131yor. S\u00fcreci b\u00f6ylece a\u015faca\u011f\u0131m\u0131za inan\u0131yorum.<\/p>\n<p style=\"text-align: justify;\"><strong>ERKEN GENEL SE\u00c7\u0130M \u0130HT\u0130MAL\u0130:<\/strong> Bir\u015feyi y\u0131kmam\u0131z gerekiyor. Mesela Amerika&#8217;da 3 y\u0131lda bir se\u00e7im yap\u0131l\u0131yor, bunu hi\u00e7 de\u011fi\u015ftirmi\u015fler mi? Bu istikrar\u0131 sa\u011flamam\u0131z laz\u0131m. Uluslaras\u0131 sermayeye de bu anlay\u0131\u015fla \u00e7ekemezsiniz. Bu h\u00fck\u00fcmet 5 y\u0131l kalacak.<\/p>\n<p style=\"text-align: justify;\"><strong>\u0130STANBUL&#8217;DAK\u0130 KAMPANYA:<\/strong> \u0130stanbul&#8217;da K\u0131l\u0131\u00e7daro\u011flu ile ilgili iki a\u00e7\u0131klamam oldu. Benim muhatab\u0131m de\u011fil. Benim aday\u0131mla mukayese edilecek durumda da de\u011fil. Topba\u015f&#8217;\u0131n eserleri belli. Onun kazand\u0131rd\u0131klar\u0131 tart\u0131\u015f\u0131lacak durumda de\u011fil.<\/p>\n<p style=\"text-align: justify;\"><strong>\u015eAHIS MI PART\u0130 M\u0130:<\/strong> E\u011fer insanlar partiye de\u011fil \u015fahs\u0131ma oy veriyorsa istedi\u011fim hedefe tam varam\u0131yorum demektir. Bizim kal\u0131c\u0131 k\u0131lmak iste\u011fimiz partimizdir. Ben faniyim, her an \u00f6lebilirim. Benimle birlikte partim de \u00f6lecekse iyi miras b\u0131rakm\u0131\u015f olmam. Yola \u00e7\u0131karken dedik ki, ben yok, biz var. Tabii T\u00fcrkiye&#8217;de siyasi k\u00fclt\u00fcr, lider endeksli oldu\u011fu i\u00e7in bu s\u0131k\u0131nt\u0131 y\u00fcr\u00fcyor. Bunu \u00e7\u00f6zmek laz\u0131m. Temenni ediyoruz ki bunu ba\u015far\u0131r\u0131z.<\/p>\n<p style=\"text-align: justify;\"><span style=\"color: #888888;\">Kaynak : Vatan Gazetesi<\/span><\/p>\n","protected":false},"excerpt":{"rendered":"<p style=\"text-align: center;\">\n<p style=\"text-align: justify;\">&#8216;Benim de telefonum dinlenebilir&#8217;<\/p>\n<p style=\"text-align: justify;\">Ba\u015fbakan &#8220;Sizi de dinleyebilirler mi?&#8221; sorusuna &#8220;Ben ne konu\u015ftu\u011fuma dikkat ediyorum. Telefonlarda rahat de\u011filim&#8221; yan\u0131t\u0131n\u0131 verdi. Se\u00e7imle ilgili ise &#8220;E\u011fer insanlar partiye de\u011fil \u015fahs\u0131ma oy veriyorsa, hedefe varam\u0131yorum demektir. Benimle partim de \u00f6lecekse iyi bir miras b\u0131rakm\u0131\u015f olmam&#8221; dedi&#8230;<\/p>\n<p style=\"text-align: justify;\">Ba\u015fbakan Erdo\u011fan, yasad\u0131\u015f\u0131 <\/p>\n","protected":false},"author":1,"featured_media":0,"comment_status":"open","ping_status":"closed","sticky":false,"template":"","format":"standard","meta":{"footnotes":""},"categories":[105],"tags":[],"class_list":["post-6713","post","type-post","status-publish","format-standard","hentry","category-gundem","odd"],"_links":{"self":[{"href":"http:\/\/www.korhanyilmaz.com\/index.php?rest_route=\/wp\/v2\/posts\/6713","targetHints":{"allow":["GET"]}}],"collection":[{"href":"http:\/\/www.korhanyilmaz.com\/index.php?rest_route=\/wp\/v2\/posts"}],"about":[{"href":"http:\/\/www.korhanyilmaz.com\/index.php?rest_route=\/wp\/v2\/types\/post"}],"author":[{"embeddable":true,"href":"http:\/\/www.korhanyilmaz.com\/index.php?rest_route=\/wp\/v2\/users\/1"}],"replies":[{"embeddable":true,"href":"http:\/\/www.korhanyilmaz.com\/index.php?rest_route=%2Fwp%2Fv2%2Fcomments&post=6713"}],"version-history":[{"count":0,"href":"http:\/\/www.korhanyilmaz.com\/index.php?rest_route=\/wp\/v2\/posts\/6713\/revisions"}],"wp:attachment":[{"href":"http:\/\/www.korhanyilmaz.com\/index.php?rest_route=%2Fwp%2Fv2%2Fmedia&parent=6713"}],"wp:term":[{"taxonomy":"category","embeddable":true,"href":"http:\/\/www.korhanyilmaz.com\/index.php?rest_route=%2Fwp%2Fv2%2Fcategories&post=6713"},{"taxonomy":"post_tag","embeddable":true,"href":"http:\/\/www.korhanyilmaz.com\/index.php?rest_route=%2Fwp%2Fv2%2Ftags&post=6713"}],"curies":[{"name":"wp","href":"https:\/\/api.w.org\/{rel}","templated":true}]}}