{"id":6704,"date":"2009-03-27T10:45:49","date_gmt":"2009-03-27T08:45:49","guid":{"rendered":"http:\/\/www.korhanyilmaz.com\/?p=6704"},"modified":"2009-03-27T10:45:49","modified_gmt":"2009-03-27T08:45:49","slug":"gokceke-kinama-soku","status":"publish","type":"post","link":"http:\/\/www.korhanyilmaz.com\/?p=6704","title":{"rendered":"G\u00f6k\u00e7ek&#039;e k\u0131nama \u015foku!"},"content":{"rendered":"<p><img loading=\"lazy\" decoding=\"async\" class=\"aligncenter size-full wp-image-6706\" title=\"G\u00f6k\u00e7ek'e k\u0131nama \u015foku! \" src=\"http:\/\/www.korhanyilmaz.com\/wp-content\/uploads\/2009\/03\/2703200910494526856741.jpg\" alt=\"G\u00f6k\u00e7ek'e k\u0131nama \u015foku! \" width=\"320\" height=\"100\" \/><strong><\/strong><\/p>\n<p style=\"text-align: justify;\"><strong>Mahkeme, G\u00f6k\u00e7ek&#8217;in &#8220;yarg\u0131 karar\u0131n\u0131 uygulamad\u0131\u011f\u0131 gerek\u00e7esiyle &#8220;ilan yoluyla k\u0131nanmas\u0131na&#8221; karar verdi<\/strong>.<\/p>\n<p style=\"text-align: justify;\">Ankara 22. Asliye Hukuk Mahkemesi, Ankara B\u00fcy\u00fck\u015fehir Belediye Ba\u015fkan\u0131 Melih G\u00f6k\u00e7ek&#8217;in &#8220;yarg\u0131 karar\u0131n\u0131 uygulamad\u0131\u011f\u0131 gerek\u00e7esiyle &#8220;ilan yoluyla k\u0131nanmas\u0131na&#8221; karar verdi.<\/p>\n<p style=\"text-align: justify;\">Ankara 22. Asliye Hukuk Mahkemesi, ABD B\u00fcy\u00fckel\u00e7ili\u011fi&#8217;nin g\u00fcvenlik gerek\u00e7esiyle kald\u0131r\u0131mlara koydu\u011fu yaya ve ara\u00e7 ge\u00e7i\u015fini engelleyen bariyerleri yarg\u0131 karar\u0131na ra\u011fmen s\u00f6kt\u00fcrmedi\u011fi gerek\u00e7esiyle Ankara B\u00fcy\u00fck\u015fehir Belediye Ba\u015fkan\u0131 Melih G\u00f6k\u00e7ek&#8217;in, ilan yoluyla k\u0131nanmas\u0131na karar verdi.<!--more--><\/p>\n<p style=\"text-align: justify;\">Ankara&#8217;da bulunan Amerika Birle\u015fik Devletleri B\u00fcy\u00fckel\u00e7ili\u011fi&#8217;nin kald\u0131r\u0131mlara yerle\u015ftirdi\u011fi bariyerlerin yaya ve ara\u00e7 ge\u00e7i\u015fini engelledi\u011fi gerek\u00e7esiyle Ankara Barosu avukatlar\u0131ndan Tezcan \u00c7ak\u0131r, Ankara 12. \u0130dare Mahkemesi&#8217;nde iptal davas\u0131 a\u00e7t\u0131.<\/p>\n<p style=\"text-align: justify;\">Mahkeme kald\u0131r\u0131m \u00fczerindeki yap\u0131la\u015fmay\u0131 hukuka ayk\u0131r\u0131 bularak i\u015flemin y\u00fcr\u00fctmesini durdurdu. \u00c7ak\u0131r, Ankara Valili\u011fi ile B\u00fcy\u00fck\u015fehir Belediye Ba\u015fkanl\u0131\u011f\u0131&#8217;na yarg\u0131 karar\u0131n\u0131 uygulamalar\u0131 i\u00e7in ba\u015fvuruda bulunmas\u0131na ra\u011fmen demir bariyerler s\u00f6k\u00fclmeyince, \u0130dari Yarg\u0131lama Usul\u00fc Kanunu&#8217;nun 28 maddesinin d\u00f6rd\u00fcnc\u00fc f\u0131kras\u0131nda yer alan &#8220;Mahkeme kararlar\u0131n\u0131n otuz g\u00fcn i\u00e7inde kamu g\u00f6revlilerince kasten yerine getirilmemesi halinde ilgili, idare aleyhine dava a\u00e7abilece\u011fi gibi, karar\u0131 yerine getirmeyen kamu g\u00f6revlisi aleyhine de tazminat davas\u0131 a\u00e7\u0131labilir.&#8221; h\u00fckm\u00fc uyar\u0131nca Ankara 22. Asliye Hukuk Mahkemesi&#8217;nde Vali Kemal \u00d6nal ve Melih G\u00f6k\u00e7ek hakk\u0131nda dava a\u00e7t\u0131. Yap\u0131lan yarg\u0131lama s\u0131ras\u0131nda daval\u0131lar sorumlulu\u011fu birbirlerinin \u00fczerine atarlarken G\u00f6k\u00e7ek, yarg\u0131laman\u0131n ilerleyen a\u015famalar\u0131nda karar\u0131n uygulanmas\u0131n\u0131n diplomatik krize neden olaca\u011f\u0131n\u0131, o d\u00f6nem D\u0131\u015fi\u015fleri Bakan\u0131 olan Abdullah G\u00fcl&#8217;\u00fcn de bu y\u00f6ndeki yaz\u0131l\u0131 g\u00f6r\u00fc\u015f\u00fc oldu\u011funu beyan ederek karar\u0131 bilin\u00e7li olarak uygulamad\u0131\u011f\u0131n\u0131 &#8220;itiraf&#8221; etti.<\/p>\n<p style=\"text-align: justify;\"><strong>-G\u00d6K\u00c7EK:&#8221; ABD&#8217;Y\u0130 KAR\u015eISINA ALMAMAK \u0130\u00c7\u0130N MAHKEMELER\u0130N\u0130N KARANINA UYMADI&#8221;-<\/strong><\/p>\n<p style=\"text-align: justify;\">G\u00f6k\u00e7ek, yaz\u0131l\u0131 savunmas\u0131nda, &#8220;ABD&#8217;nin bilinen siyasi ve politik durumu kar\u015f\u0131s\u0131nda Ankara B\u00fcy\u00fck\u015fehir Belediyesi, h\u00fck\u00fcmeti ve Amerika Birle\u015fik Devletleri&#8217;ni kar\u015f\u0131s\u0131na alabilecek eylemde bulunmaktan ka\u00e7\u0131nm\u0131\u015ft\u0131r&#8221; a\u00e7\u0131klanmas\u0131nda bulundu.<\/p>\n<p style=\"text-align: justify;\">\u00c7ak\u0131r&#8217;\u0131n avukat\u0131 Tansu Batur ise, G\u00f6k\u00e7ek&#8217;in &#8220;\u00f6zr\u00fcn\u00fcn kabahatinden b\u00fcy\u00fck oldu\u011funu&#8221; ifade ederek davan\u0131n kabul\u00fcn\u00fc talep etti. Mahkeme davay\u0131 yetki karga\u015fas\u0131 oldu\u011fundan bahisle reddederken Yarg\u0131tay, bu karar\u0131 Melih G\u00f6k\u00e7ek&#8217;in sorumlu oldu\u011fu tespitiyle bozdu. Yarg\u0131tay&#8217;\u0131n bozma karar\u0131 sonras\u0131nda dosyay\u0131 yeniden g\u00f6r\u00fc\u015fen 22. Asliye Hukuk Mahkemesi, Melih G\u00f6k\u00e7ek&#8217;in ilan yoluyla k\u0131nanmas\u0131na karar verdi. Karar niteli\u011fi itibariyle bir &#8220;ilk&#8221; olmas\u0131 nedeniyle \u00f6nem ta\u015f\u0131yor.<\/p>\n<p style=\"text-align: justify;\"><span style=\"color: #888888;\">ANKA<\/span><\/p>\n<p style=\"text-align: justify;\">\n","protected":false},"excerpt":{"rendered":"<\/p>\n<p style=\"text-align: justify;\">Mahkeme, G\u00f6k\u00e7ek&#8217;in &#8220;yarg\u0131 karar\u0131n\u0131 uygulamad\u0131\u011f\u0131 gerek\u00e7esiyle &#8220;ilan yoluyla k\u0131nanmas\u0131na&#8221; karar verdi.<\/p>\n<p style=\"text-align: justify;\">Ankara 22. Asliye Hukuk Mahkemesi, Ankara B\u00fcy\u00fck\u015fehir Belediye Ba\u015fkan\u0131 Melih G\u00f6k\u00e7ek&#8217;in &#8220;yarg\u0131 karar\u0131n\u0131 uygulamad\u0131\u011f\u0131 gerek\u00e7esiyle &#8220;ilan yoluyla k\u0131nanmas\u0131na&#8221; karar verdi.<\/p>\n<p style=\"text-align: justify;\">Ankara 22. Asliye Hukuk Mahkemesi, ABD B\u00fcy\u00fckel\u00e7ili\u011fi&#8217;nin g\u00fcvenlik gerek\u00e7esiyle kald\u0131r\u0131mlara koydu\u011fu yaya ve ara\u00e7 ge\u00e7i\u015fini engelleyen bariyerleri <\/p>\n","protected":false},"author":1,"featured_media":0,"comment_status":"open","ping_status":"closed","sticky":false,"template":"","format":"standard","meta":{"footnotes":""},"categories":[105],"tags":[],"class_list":["post-6704","post","type-post","status-publish","format-standard","hentry","category-gundem","odd"],"_links":{"self":[{"href":"http:\/\/www.korhanyilmaz.com\/index.php?rest_route=\/wp\/v2\/posts\/6704","targetHints":{"allow":["GET"]}}],"collection":[{"href":"http:\/\/www.korhanyilmaz.com\/index.php?rest_route=\/wp\/v2\/posts"}],"about":[{"href":"http:\/\/www.korhanyilmaz.com\/index.php?rest_route=\/wp\/v2\/types\/post"}],"author":[{"embeddable":true,"href":"http:\/\/www.korhanyilmaz.com\/index.php?rest_route=\/wp\/v2\/users\/1"}],"replies":[{"embeddable":true,"href":"http:\/\/www.korhanyilmaz.com\/index.php?rest_route=%2Fwp%2Fv2%2Fcomments&post=6704"}],"version-history":[{"count":0,"href":"http:\/\/www.korhanyilmaz.com\/index.php?rest_route=\/wp\/v2\/posts\/6704\/revisions"}],"wp:attachment":[{"href":"http:\/\/www.korhanyilmaz.com\/index.php?rest_route=%2Fwp%2Fv2%2Fmedia&parent=6704"}],"wp:term":[{"taxonomy":"category","embeddable":true,"href":"http:\/\/www.korhanyilmaz.com\/index.php?rest_route=%2Fwp%2Fv2%2Fcategories&post=6704"},{"taxonomy":"post_tag","embeddable":true,"href":"http:\/\/www.korhanyilmaz.com\/index.php?rest_route=%2Fwp%2Fv2%2Ftags&post=6704"}],"curies":[{"name":"wp","href":"https:\/\/api.w.org\/{rel}","templated":true}]}}