{"id":6694,"date":"2009-03-26T13:15:55","date_gmt":"2009-03-26T11:15:55","guid":{"rendered":"http:\/\/www.korhanyilmaz.com\/?p=6694"},"modified":"2009-03-26T13:15:55","modified_gmt":"2009-03-26T11:15:55","slug":"pkkyi-cikarma-sureci-basladi","status":"publish","type":"post","link":"http:\/\/www.korhanyilmaz.com\/?p=6694","title":{"rendered":"PKK&#8217;y\u0131 \u00e7\u0131karma s\u00fcreci ba\u015flad\u0131"},"content":{"rendered":"<p style=\"text-align: justify;\"><img loading=\"lazy\" decoding=\"async\" class=\"alignleft size-full wp-image-6695\" style=\"margin-left: 10px; margin-right: 10px;\" title=\"PKK'y\u0131 \u00e7\u0131karma s\u00fcreci ba\u015flad\u0131 \" src=\"http:\/\/www.korhanyilmaz.com\/wp-content\/uploads\/2009\/03\/05295aca709b2949b3838c50r.jpg\" alt=\"PKK'y\u0131 \u00e7\u0131karma s\u00fcreci ba\u015flad\u0131 \" width=\"140\" height=\"238\" \/> Cumhurba\u015fkan\u0131 G\u00fcl&#8217;\u00fcn ziyaretinden sonra harekete ge\u00e7en Irak y\u00f6netimi, PKK militanlar\u0131n\u0131n \u00fclkeden \u00e7\u0131kart\u0131lmas\u0131 s\u00fcrecinin fiilen ba\u015flat\u0131ld\u0131\u011f\u0131n\u0131 ve h\u0131zl\u0131 ad\u0131m at\u0131laca\u011f\u0131n\u0131 a\u00e7\u0131klad\u0131.<\/p>\n<p style=\"text-align: justify;\">Ter\u00f6r \u00f6rg\u00fct\u00fc PKK&#8217;n\u0131n tasfiyesi i\u00e7in uzun s\u00fcredir konu\u015fulan plan hayata ge\u00e7iriliyor. Irak Milli G\u00fcvenlik Bakan\u0131 \u015eirvan El Vaili, d\u00fcn yapt\u0131\u011f\u0131 a\u00e7\u0131klamada PKK militanlar\u0131n\u0131n Irak ve B\u00f6lgesel K\u00fcrt Y\u00f6netimi denetimindeki topraklardan \u00e7\u0131kart\u0131lmas\u0131 s\u00fcrecinin fiilen ba\u015flat\u0131ld\u0131\u011f\u0131n\u0131 s\u00f6yledi. &#8220;lrak h\u00fck\u00fcmeti, PKK&#8217;y\u0131 topraklar\u0131ndan \u00e7\u0131kartmas\u0131 i\u00e7in acil ve pratik \u00f6nlemler alm\u0131\u015ft\u0131r&#8221; diyen El Vaili, s\u00fcrecin Washington, Ankara ve Ba\u011fdat aras\u0131ndaki istihbarat payla\u015f\u0131m\u0131 yoluyla ger\u00e7ekle\u015fti\u011fini de kaydetti. Ba\u011fdat, Cumhurba\u015fkan\u0131 Abdullah G\u00fcl&#8217;\u00fcn Irak ziyaretinin ard\u0131ndan T\u00fcrkiye&#8217;ye &#8220;PKK&#8217;y\u0131 \u00e7\u0131kartaca\u011f\u0131z&#8221; mesaj\u0131n\u0131 vermi\u015fti. Irak Devlet Ba\u015fkan\u0131 Celal Talabani ile K\u00fcrt Y\u00f6netimi Ba\u015fbakan\u0131 Ne\u00e7irvan Barzani de PKK&#8217;n\u0131n silahlar\u0131 b\u0131rakmas\u0131n\u0131 ya da Irak&#8217;\u0131 terk etmesini istemi\u015flerdi. Bu \u00e7er\u00e7evede \u00fc\u00e7 \u00fclkenin \u0130\u00e7i\u015fleri Bakanlar\u0131 Nisan ay\u0131nda Ba\u011fdat&#8217;ta bir araya gelecek. Ayr\u0131ca diplomatik kaynaklar, Nisan&#8217;daki K\u00fcrt konferans\u0131n\u0131n da May\u0131s&#8217;a ertelenmesinin g\u00fcndemde oldu\u011funu belirtti.<\/p>\n<p style=\"text-align: justify;\"><strong>&#8216;BA\u015eKA YER BULUN&#8217;<br \/>\n<\/strong>Bu arada Irak Ba\u015fbakan\u0131 Nuri El Maliki de, PKK&#8217;ya \u00fclkesinde yer olmad\u0131\u011f\u0131n\u0131 belirterek, &#8220;PKK ter\u00f6r \u00f6rg\u00fct\u00fcd\u00fcr ve T\u00fcrkiye ile aram\u0131zda krize neden oluyor&#8221; dedi. Maliki, Cumhurba\u015fkan\u0131 G\u00fcl&#8217;\u00fcn ziyaretiyle ilgili olarak Irak Televizyonu&#8217;na yapt\u0131\u011f\u0131 a\u00e7\u0131klamada, PKK&#8217;nn\u0131 Irak&#8217;ta bulunmas\u0131yla ilgili olarak, &#8220;Bu sona ermelidir. Bunu ger\u00e7ekle\u015ftirmeye kararal\u0131y\u0131z. Ba\u015fka yer bulun. Ter\u00f6r \u00f6rg\u00fctlerine (Irak&#8217;ta) yer yok&#8221; diye konu\u015ftu. Maliki, \u0130ranl\u0131 &#8221;Halk\u0131n M\u00fccahitleri&#8221; grubunu da uyard\u0131.\n<\/p>\n<p style=\"text-align: justify;\"><span style=\"color: #888888;\">Kaynak: Sabah Gazetesi<\/span><\/p>\n","protected":false},"excerpt":{"rendered":"<p style=\"text-align: justify;\"> Cumhurba\u015fkan\u0131 G\u00fcl&#8217;\u00fcn ziyaretinden sonra harekete ge\u00e7en Irak y\u00f6netimi, PKK militanlar\u0131n\u0131n \u00fclkeden \u00e7\u0131kart\u0131lmas\u0131 s\u00fcrecinin fiilen ba\u015flat\u0131ld\u0131\u011f\u0131n\u0131 ve h\u0131zl\u0131 ad\u0131m at\u0131laca\u011f\u0131n\u0131 a\u00e7\u0131klad\u0131.<\/p>\n<p style=\"text-align: justify;\">Ter\u00f6r \u00f6rg\u00fct\u00fc PKK&#8217;n\u0131n tasfiyesi i\u00e7in uzun s\u00fcredir konu\u015fulan plan hayata ge\u00e7iriliyor. Irak Milli G\u00fcvenlik Bakan\u0131 \u015eirvan El Vaili, d\u00fcn yapt\u0131\u011f\u0131 a\u00e7\u0131klamada PKK militanlar\u0131n\u0131n Irak ve B\u00f6lgesel K\u00fcrt Y\u00f6netimi denetimindeki topraklardan <\/p>\n","protected":false},"author":1,"featured_media":0,"comment_status":"open","ping_status":"closed","sticky":false,"template":"","format":"standard","meta":{"footnotes":""},"categories":[3],"tags":[],"class_list":["post-6694","post","type-post","status-publish","format-standard","hentry","category-dunya","odd"],"_links":{"self":[{"href":"http:\/\/www.korhanyilmaz.com\/index.php?rest_route=\/wp\/v2\/posts\/6694","targetHints":{"allow":["GET"]}}],"collection":[{"href":"http:\/\/www.korhanyilmaz.com\/index.php?rest_route=\/wp\/v2\/posts"}],"about":[{"href":"http:\/\/www.korhanyilmaz.com\/index.php?rest_route=\/wp\/v2\/types\/post"}],"author":[{"embeddable":true,"href":"http:\/\/www.korhanyilmaz.com\/index.php?rest_route=\/wp\/v2\/users\/1"}],"replies":[{"embeddable":true,"href":"http:\/\/www.korhanyilmaz.com\/index.php?rest_route=%2Fwp%2Fv2%2Fcomments&post=6694"}],"version-history":[{"count":0,"href":"http:\/\/www.korhanyilmaz.com\/index.php?rest_route=\/wp\/v2\/posts\/6694\/revisions"}],"wp:attachment":[{"href":"http:\/\/www.korhanyilmaz.com\/index.php?rest_route=%2Fwp%2Fv2%2Fmedia&parent=6694"}],"wp:term":[{"taxonomy":"category","embeddable":true,"href":"http:\/\/www.korhanyilmaz.com\/index.php?rest_route=%2Fwp%2Fv2%2Fcategories&post=6694"},{"taxonomy":"post_tag","embeddable":true,"href":"http:\/\/www.korhanyilmaz.com\/index.php?rest_route=%2Fwp%2Fv2%2Ftags&post=6694"}],"curies":[{"name":"wp","href":"https:\/\/api.w.org\/{rel}","templated":true}]}}