{"id":6685,"date":"2009-03-26T16:05:27","date_gmt":"2009-03-26T14:05:27","guid":{"rendered":"http:\/\/www.korhanyilmaz.com\/?p=6685"},"modified":"2009-03-26T16:05:27","modified_gmt":"2009-03-26T14:05:27","slug":"ugur-dundar-savcilari-sikayet-etti","status":"publish","type":"post","link":"http:\/\/www.korhanyilmaz.com\/?p=6685","title":{"rendered":"U\u011fur D\u00fcndar savc\u0131lar\u0131 \u015fikayet etti"},"content":{"rendered":"<p><img loading=\"lazy\" decoding=\"async\" class=\"aligncenter size-full wp-image-6686\" title=\"U\u011fur D\u00fcndar savc\u0131lar\u0131 \u015fikayet etti \" src=\"http:\/\/www.korhanyilmaz.com\/wp-content\/uploads\/2009\/03\/260320091604570849706_3.jpg\" alt=\"U\u011fur D\u00fcndar savc\u0131lar\u0131 \u015fikayet etti \" width=\"320\" height=\"100\" \/><\/p>\n<p style=\"text-align: justify;\"><strong>U\u011fur D\u00fcndar, Ergenekon Savc\u0131lar\u0131n\u0131 Hakim ve Savc\u0131lar Y\u00fcksek Kurulu&#8217;na \u015fikayet etti<\/strong>.<\/p>\n<p style=\"text-align: justify;\">Gazeteci U\u011fur D\u00fcndar, Ergenekon soru\u015fmas\u0131na ili\u015fkin haz\u0131rlanan ikinci iddianamede \u00f6zel hayat\u0131yla ilgili baz\u0131 iddialar\u0131n yer almas\u0131 \u00fczerine savc\u0131lar hakk\u0131nda Hakim ve Savc\u0131lar Y\u00fcksek Kurulu&#8217;na \u015fikayette bulundu.<\/p>\n<p style=\"text-align: justify;\">H\u00e2kim ve Savc\u0131lar Y\u00fcksek Kurulu Ba\u015fkanl\u0131\u011f\u0131&#8217;na avukat\u0131 arac\u0131l\u0131\u011f\u0131yla dilek\u00e7e g\u00f6nderen U\u011fur D\u00fcndar, iddianameyi haz\u0131rlayan Cumhuriyet savc\u0131lar\u0131 Ercan \u015eafak, M. Ali Pekg\u00fczel, Fikret Se\u00e7en, Mehmet Murat Y\u00f6nder, Zekeriya \u00d6z ve Nihat Ta\u015fk\u0131n&#8217;dan \u015eik\u00e2yet\u00e7i oldu\u011funu belirtti. Dilek\u00e7ede, savc\u0131lar\u0131n haz\u0131rlad\u0131klar\u0131 iddianamede meslek ve ahlak kurallar\u0131na ayk\u0131r\u0131 olarak, soru\u015fturma konusu ile hi\u00e7bir ili\u015fi\u011fi bulunmayan, ger\u00e7e\u011fe ayk\u0131r\u0131, mesnetsiz, iftira ve hakaretlere yer vermek suretiyle D\u00fcndar&#8217;\u0131n ki\u015fisel haklar\u0131na, onur, \u015feref ve sayg\u0131nl\u0131\u011f\u0131na sald\u0131r\u0131da bulunduklar\u0131 ileri s\u00fcr\u00fcld\u00fc. <!--more-->Dilek\u00e7ede, &#8221; Ba\u011f\u0131ms\u0131z, Tarafs\u0131z, Do\u011fru ve Tutarl\u0131, D\u00fcr\u00fcst, E\u015fitlik\u00e7i, Ehliyet Ve Liyakat sahibi olmaktan uzak \u015fik\u00e2yetli savc\u0131lar\u0131n haklar\u0131nda ger\u00e7ekle\u015ftirecek soru\u015fturma sonucunda, kamu davas\u0131 a\u00e7\u0131larak cezaland\u0131r\u0131lmalar\u0131 talep ederiz. M\u00fcvekkilim U\u011fur D\u00fcndar taraf\u0131ndan da kamuoyuna ifade olundu\u011fu \u00fczere, &#8216;Birisi bizim namusumuzla oynarsa, bunun hesab\u0131n\u0131 yarg\u0131da sorar\u0131z. Ama yarg\u0131, bizim namusumuzla oynarsa ne yapaca\u011f\u0131z? &#8216; M\u00fcvekkilim U\u011fur D\u00fcndar, ki\u015fisel haklar\u0131na, namusuna, ahlak\u0131na y\u00f6nelik sald\u0131r\u0131ya kar\u015f\u0131l\u0131k hukuka s\u0131\u011f\u0131nmakta ve i\u015fbu hakl\u0131 \u015fik\u00e2yette bulunmaktad\u0131r. &#8221; denildi.<\/p>\n<p style=\"text-align: justify;\">D\u00fcndar&#8217;\u0131n ki\u015fisel haklar\u0131na, onur, \u015feref ve sayg\u0131nl\u0131\u011f\u0131na &#8220;hukuk ad\u0131na sald\u0131r\u0131da bulunuldu\u011fu, b\u00f6ylelikle e\u015fi ve \u00e7ocuklar\u0131 ile aile ya\u015fam\u0131na a\u00e7\u0131k\u00e7a zarar verildi\u011fi kaydedilerek, bizzat \u015fik\u00e2yetli savc\u0131lar taraf\u0131ndan namusuna dil uzat\u0131ld\u0131\u011f\u0131 belirtildi.<\/p>\n<p style=\"text-align: justify;\">D\u00fcndar ile ilgili ki\u015fisel haklar\u0131na, onur, \u015feref ve sayg\u0131nl\u0131\u011f\u0131na sald\u0131r\u0131da bulunulan ifadelere savc\u0131lar\u0131n ni\u00e7in yer verdi\u011finin iddianame yaz\u0131m tekni\u011fi, ahlak, izan, insaf, vicdan ve namus \u00f6l\u00e7\u00fctleri i\u00e7erisinde anla\u015f\u0131lamad\u0131\u011f\u0131 anlat\u0131lan dilek\u00e7ede ayr\u0131ca \u015funlar anlat\u0131ld\u0131: &#8220;\u015eik\u00e2yetimiz, ki\u015fisel olarak m\u00fcvekkilimin u\u011frad\u0131\u011f\u0131 haks\u0131z sald\u0131r\u0131n\u0131n cezaland\u0131r\u0131lmas\u0131 oldu\u011fu kadar ayn\u0131 zamanda demokratik hukuk toplumlar\u0131n\u0131n en etkin ve temel toplumsal denetim mekanizmalar\u0131ndan biri olan hukuka olan inan\u00e7 ve g\u00fcvenin sa\u011flanmas\u0131 ve korunmas\u0131 amac\u0131n\u0131 ta\u015f\u0131maktad\u0131r. Hukukun \u00fcst\u00fcnde hi\u00e7bir g\u00fc\u00e7 olmad\u0131\u011f\u0131n\u0131, hukukun ve kanunlar\u0131n, politik d\u00e2hil hi\u00e7bir g\u00fcc\u00fcn etkisinde kalmadan, tarafs\u0131z, \u00f6zg\u00fcr ve ba\u011f\u0131ms\u0131z, cesaret ve kararl\u0131l\u0131kla ve ancak sorumluluk duyularak, hakkaniyetle uygulanaca\u011f\u0131, adaletin, g\u00fc\u00e7 emrine verilmeyece\u011finden kesinlikle emin olunmas\u0131 gerekti\u011fi \u00e7er\u00e7evede, h\u00e2kim ve savc\u0131lar\u0131n g\u00f6revlerini yasalara ve yerle\u015fmi\u015f y\u00fcksek yarg\u0131 i\u00e7tihatlar\u0131na dayanarak yerine getirmeleri gerekti\u011fi t\u00fcm yurtta\u015flar\u0131m\u0131zca oldu\u011fu gibi m\u00fcvekkilimce de gayet iyi bilinmekte ve beklenilmektedir. Bu \u00e7er\u00e7evede Hukuk Fak\u00fcltesi e\u011fitimlerini tamamlam\u0131\u015f ve halen savc\u0131 olarak g\u00f6rev yapan \u015fik\u00e2yetlilerin, \u00f6zellikle h\u00e2kim ve savc\u0131lara y\u00f6nelik, meslek ahl\u00e2k\u0131 standartlar\u0131n\u0131 olu\u015fturmak amac\u0131yla belirlenmi\u015f temel \u00f6l\u00e7\u00fctlerden haberdar olmamas\u0131 muhakkak ki d\u00fc\u015f\u00fcn\u00fclemez. &#8220;<\/p>\n<p style=\"text-align: justify;\">\u015eik\u00e2yetli savc\u0131lar\u0131n; h\u00e2kim ve savc\u0131l\u0131k meslek ve ahlak kurallar\u0131na ve yasaya a\u00e7\u0131k\u00e7a ayk\u0131r\u0131 olarak soru\u015fturma konusu ile hi\u00e7bir ili\u015fi\u011fi bulunmayan, mesnetsiz, ahlaks\u0131z iftira ve hakaretlere yer vermek suretiyle, D\u00fcndar&#8217;\u0131n ki\u015fisel haklar\u0131na, onur, \u015feref ve sayg\u0131nl\u0131\u011f\u0131na sald\u0131r\u0131 su\u00e7unda, su\u00e7 i\u015fleme kast\u0131 ile hareket ettiklerinin t\u00fcm a\u00e7\u0131kl\u0131\u011f\u0131 ile ortaya \u00e7\u0131kt\u0131\u011f\u0131 iddia edildi.<\/p>\n<p style=\"text-align: justify;\"><span style=\"color: #888888;\">DHA<\/span><\/p>\n<p style=\"text-align: justify;\">\n","protected":false},"excerpt":{"rendered":"<\/p>\n<p style=\"text-align: justify;\">U\u011fur D\u00fcndar, Ergenekon Savc\u0131lar\u0131n\u0131 Hakim ve Savc\u0131lar Y\u00fcksek Kurulu&#8217;na \u015fikayet etti.<\/p>\n<p style=\"text-align: justify;\">Gazeteci U\u011fur D\u00fcndar, Ergenekon soru\u015fmas\u0131na ili\u015fkin haz\u0131rlanan ikinci iddianamede \u00f6zel hayat\u0131yla ilgili baz\u0131 iddialar\u0131n yer almas\u0131 \u00fczerine savc\u0131lar hakk\u0131nda Hakim ve Savc\u0131lar Y\u00fcksek Kurulu&#8217;na \u015fikayette bulundu.<\/p>\n<p style=\"text-align: justify;\">H\u00e2kim ve Savc\u0131lar Y\u00fcksek Kurulu Ba\u015fkanl\u0131\u011f\u0131&#8217;na avukat\u0131 arac\u0131l\u0131\u011f\u0131yla dilek\u00e7e g\u00f6nderen U\u011fur <\/p>\n","protected":false},"author":1,"featured_media":0,"comment_status":"open","ping_status":"closed","sticky":false,"template":"","format":"standard","meta":{"footnotes":""},"categories":[105],"tags":[],"class_list":["post-6685","post","type-post","status-publish","format-standard","hentry","category-gundem","odd"],"_links":{"self":[{"href":"http:\/\/www.korhanyilmaz.com\/index.php?rest_route=\/wp\/v2\/posts\/6685","targetHints":{"allow":["GET"]}}],"collection":[{"href":"http:\/\/www.korhanyilmaz.com\/index.php?rest_route=\/wp\/v2\/posts"}],"about":[{"href":"http:\/\/www.korhanyilmaz.com\/index.php?rest_route=\/wp\/v2\/types\/post"}],"author":[{"embeddable":true,"href":"http:\/\/www.korhanyilmaz.com\/index.php?rest_route=\/wp\/v2\/users\/1"}],"replies":[{"embeddable":true,"href":"http:\/\/www.korhanyilmaz.com\/index.php?rest_route=%2Fwp%2Fv2%2Fcomments&post=6685"}],"version-history":[{"count":0,"href":"http:\/\/www.korhanyilmaz.com\/index.php?rest_route=\/wp\/v2\/posts\/6685\/revisions"}],"wp:attachment":[{"href":"http:\/\/www.korhanyilmaz.com\/index.php?rest_route=%2Fwp%2Fv2%2Fmedia&parent=6685"}],"wp:term":[{"taxonomy":"category","embeddable":true,"href":"http:\/\/www.korhanyilmaz.com\/index.php?rest_route=%2Fwp%2Fv2%2Fcategories&post=6685"},{"taxonomy":"post_tag","embeddable":true,"href":"http:\/\/www.korhanyilmaz.com\/index.php?rest_route=%2Fwp%2Fv2%2Ftags&post=6685"}],"curies":[{"name":"wp","href":"https:\/\/api.w.org\/{rel}","templated":true}]}}