{"id":6680,"date":"2009-03-26T12:07:35","date_gmt":"2009-03-26T10:07:35","guid":{"rendered":"http:\/\/www.korhanyilmaz.com\/?p=6680"},"modified":"2009-03-26T12:07:35","modified_gmt":"2009-03-26T10:07:35","slug":"sahinden-dundara-yanit","status":"publish","type":"post","link":"http:\/\/www.korhanyilmaz.com\/?p=6680","title":{"rendered":"\u015eahin&#039;den D\u00fcndar&#039;a yan\u0131t"},"content":{"rendered":"<p><img loading=\"lazy\" decoding=\"async\" class=\"aligncenter size-full wp-image-6682\" title=\"\u015eahin'den D\u00fcndar'a yan\u0131t \" src=\"http:\/\/www.korhanyilmaz.com\/wp-content\/uploads\/2009\/03\/260320091220103120300_31.jpg\" alt=\"\u015eahin'den D\u00fcndar'a yan\u0131t \" width=\"320\" height=\"100\" \/><\/p>\n<p style=\"text-align: justify;\"><strong>&#8216;Bu olay\u0131n kendisini \u00fczm\u00fc\u015f olmas\u0131n\u0131 anlay\u0131\u015fla kar\u015f\u0131l\u0131yorum&#8217;<\/strong><\/p>\n<p style=\"text-align: justify;\">ADALET Bakan\u0131 Mehmet Ali \u015eahin, Ergenekon iddianamesinde e\u015fiyle ilgili baz\u0131 iddialar\u0131n yer almas\u0131na tepki g\u00f6steren Star Haber Grup Ba\u015fkan\u0131 U\u011fur D\u00fcndar ile ilgili &#8220;Ben g\u00f6r\u00fclmekte olan davalarla ilgili, y\u00fcr\u00fct\u00fclmekte olan soru\u015fturmalarla ilgili bir a\u00e7\u0131klama yapm\u0131yorum. Kendisi bu davan\u0131n san\u0131klar\u0131ndan de\u011fil. Ama kendisinin veya e\u015finin ve ailesinin bir vesile ile bir ba\u015fka tan\u0131k veya san\u0131\u011f\u0131n iddialar\u0131 \u015feklinde yer almas\u0131n\u0131n kendisini \u00fczm\u00fc\u015f olmas\u0131n\u0131 anlay\u0131\u015fla kar\u015f\u0131l\u0131yorum&#8221; dedi.<!--more--><\/p>\n<p style=\"text-align: justify;\">Adalet Bakan\u0131 Mehmet Ali \u015eahin, Antalya kent merkezinde se\u00e7im \u00e7al\u0131\u015fmalar\u0131n\u0131 s\u00fcrd\u00fcr\u00fcyor. Sabah saatlerinde 100&#8217;\u00fcnc\u00fc Y\u0131l Bulvar\u0131 \u00fczerindeki Ring Otel \u00f6n\u00fcnde partililerle bir araya gelen \u015eahin, burada gazetecilerin sorular\u0131n\u0131 yan\u0131tlad\u0131. Ergenekon soru\u015fturmas\u0131 kapsam\u0131nda haz\u0131rlanan 2&#8217;inci iddianamede e\u015fiyle ilgili iddialara yer verilen Star Haber Grup Ba\u015fkan\u0131 U\u011fur D\u00fcndar&#8217;\u0131n d\u00fcn ak\u015fam ana haber b\u00fcltenindeki tepkisinin sorulmas\u0131 \u00fczerine \u015eahin, &#8220;Ben g\u00f6r\u00fclmekte olan davalarla ilgili, y\u00fcr\u00fct\u00fclmekte olan soru\u015fturmalarla ilgili bir a\u00e7\u0131klama yapm\u0131yorum&#8221; dedi. \u015eahin, bir gazetecinin D\u00fcndar&#8217;\u0131n \u00e7a\u011fr\u0131s\u0131nda e\u015fiyle ilgili, namusuyla ilgili s\u00f6ylemlerinin bulundu\u011fu ve yarg\u0131ya da bu konuda sitemi oldu\u011funu hat\u0131rlatmas\u0131 \u00fczerine, &#8220;Tabi kendisi bu davan\u0131n san\u0131klar\u0131ndan de\u011fil. Ama kendisinin veya e\u015finin ve ailesinin bir vesile ile bir ba\u015fka tan\u0131k veya san\u0131\u011f\u0131n iddialar\u0131 \u015feklinde yer almas\u0131n\u0131n kendisini \u00fczm\u00fc\u015f olmas\u0131n\u0131 anlay\u0131\u015fla kar\u015f\u0131l\u0131yorum. Bu kadar s\u00f6yleyece\u011fim&#8221; dedi.<\/p>\n<p style=\"text-align: justify;\">Bindi\u011fi helikopter d\u00fc\u015fen ve hala bulunamayan BBP Genel Ba\u015fkan\u0131 ve Sivas Milletvekili Muhsin Yaz\u0131c\u0131o\u011flu&#8217;nun durumunun sorulmas\u0131 \u00fczerine Bakan \u015eahin, \u015funlar\u0131 kaydetti:<\/p>\n<p style=\"text-align: justify;\">&#8220;En son ald\u0131\u011f\u0131m\u0131z bilgilere g\u00f6re d\u00fc\u015fen helikoptere hen\u00fcz ula\u015f\u0131lamad\u0131. \u0130\u00e7i\u015fleri Bakan\u0131m\u0131z helikopterin d\u00fc\u015ft\u00fc\u011f\u00fc d\u00fc\u015f\u00fcn\u00fclen yerle\u015fim b\u00f6lgesinden arama \u00e7al\u0131\u015fmalar\u0131n\u0131 bizzat takip ediyor, denetliyor. \u0130lk al\u0131nan bilgiler hayatta olduklar\u0131 \u015feklinde sevindiriciydi. \u0130n\u015fallah kendileri sa\u011f olarak bulunur, t\u00fcm temennim budur. Arama faaliyetleri y\u00fcr\u00fct\u00fcl\u00fcyor. Bu alandaki teknolojik imkanlar\u0131m\u0131z\u0131n d\u00fcnya standartlar\u0131nda oldu\u011funu d\u00fc\u015f\u00fcn\u00fcyorum. Gereken neyse yap\u0131l\u0131yor. Bir milletvekili, bir partinin genel ba\u015fkan\u0131, sevdi\u011fimiz, halk\u0131n da sevdi\u011fi, itibar etti\u011fi bir liderdir. H\u00fck\u00fcmetimiz, devletimiz, devletimizin organlar\u0131, ba\u015fta Silahl\u0131 Kuvvetler olmak \u00fczere elinden gelen \u00e7abay\u0131 g\u00f6steriyor.&#8221;<\/p>\n<p style=\"text-align: justify;\">B\u00f6lgeye giden \u0130\u00e7i\u015fleri Bakan\u0131 Be\u015fir Atalay&#8217;a y\u00f6nelik tepkilerin hat\u0131rlat\u0131lmas\u0131 \u00fczerine Bakan \u015eahin, &#8220;Devletimizin b\u00fct\u00fcn imkanlar\u0131 arama \u00e7al\u0131\u015fmalar\u0131nda kullan\u0131lmakta. Siyasi malzeme konusu yap\u0131lmas\u0131 son derece \u015f\u0131k de\u011fil. Devletimizin b\u00fct\u00fcn imkanlar\u0131 seferber edilmi\u015f durumda. Konunun siyasi malzeme haline getirilmesini yanl\u0131\u015f buluyorum&#8221; dedi.<\/p>\n<p style=\"text-align: justify;\">Bakan \u015eahin daha sonra partililerle birlikte esnaf ziyaretine ba\u015flad\u0131.<\/p>\n<p style=\"text-align: justify;\"><strong>YIRTIK AYAKKABILARINI G\u00d6STERD\u0130<\/strong><\/p>\n<p style=\"text-align: justify;\">Adalet Bakan\u0131 Mehmet Ali \u015eahin, Antalya&#8217;da AKP&#8217;nin B\u00fcy\u00fck\u015fehir Belediye Ba\u015fkan aday\u0131 Menderes T\u00fcrel ve Muratpa\u015fa aday\u0131 Orhan Tolunay&#8217;a destek i\u00e7in 100. Y\u0131l Bulvar\u0131 \u00fczerindeki esnaf\u0131 ziyaret ederek se\u00e7imlerde destek istedi. 71 ya\u015f\u0131ndaki Meryem Ekin, caddede kar\u015f\u0131la\u015ft\u0131\u011f\u0131 Bakan \u015eahin&#8217;e g\u00f6zya\u015flar\u0131 i\u00e7erisinde y\u0131rt\u0131lm\u0131\u015f ayakkab\u0131lar\u0131n\u0131 g\u00f6stererek, &#8220;\u015eunlara bak\u0131n bu ayakkab\u0131larla ben nas\u0131l yapay\u0131m&#8221; diye sitem etti.<\/p>\n<p style=\"text-align: justify;\">Nerede ve nas\u0131l ya\u015fad\u0131\u011f\u0131n\u0131 soran Bakan \u015eahin&#8217;e yan\u0131t veren Meryem Ekin, &#8220;E\u015fimden kalan 360 lira emekli maa\u015f\u0131 var. 300 liras\u0131n\u0131 kira veriyorum&#8221; dedi. \u015ea\u015f\u0131ran Bakan \u015eahin, &#8220;Nas\u0131l ge\u00e7iniyorsun?&#8221; diye sordu. Bunun \u00fczerine kad\u0131n, &#8220;Buyur i\u015fte&#8221; dedi. Ya\u015fl\u0131 kad\u0131n, Bakan \u015eahin&#8217;den Seda Sayan&#8217;\u0131n program\u0131na \u00e7\u0131kmaya \u00e7al\u0131\u015ft\u0131\u011f\u0131n\u0131 ve ondan yard\u0131m isteyece\u011fini, \u00e7ama\u015f\u0131r makinesi talep edece\u011fini s\u00f6yledi. \u015eahin, yan\u0131ndaki adaylar Menderes T\u00fcrel ve Orhan Tolunay&#8217;a talimat vererek yard\u0131mc\u0131 olmalar\u0131n\u0131, gereken deste\u011fin verilmesini istedi. G\u00f6zya\u015flar\u0131 i\u00e7indeki kad\u0131n, Bakan \u015eahin&#8217;e sar\u0131larak, &#8220;Ba\u015fbakan g\u00f6rs\u00fcn halimi&#8221; dedi.<\/p>\n<p style=\"text-align: justify;\"><strong>\u0130DDAA OLMASA B\u0130R \u00c7OK KUL\u00dcP KAPANIR<\/strong><\/p>\n<p style=\"text-align: justify;\">Bakan \u015eahin caddedeki esnaf ziyaretlerinde bir \u0130ddaa \u015fans oyunlar\u0131 bayisine girdi. Spordan Sorumlu Devlet Bakanl\u0131\u011f\u0131 d\u00f6neminde kurduklar\u0131 \u0130ddaa&#8217;n\u0131n ilk haftalarda \u00e7ok para kazanmamas\u0131na ra\u011fmen sonradan \u00e7ok b\u00fcy\u00fck miktarlarda paralar kazanmaya ba\u015flad\u0131\u011f\u0131n\u0131 s\u00f6yledi. \u015eahin, &#8220;Antalyaspor&#8217;a haftada 45- 50 bin TL geliyor. E\u011fer \u0130ddaa olmasa bug\u00fcn bir\u00e7ok kul\u00fcb\u00fcn kap\u0131s\u0131na kilit vurulurdu&#8221; dedi.<\/p>\n<p style=\"text-align: justify;\">Bakan \u015eahin, bir eczaneden ise sa\u00e7lar\u0131 g\u00fc\u00e7lendirici \u015fampuan sat\u0131n ald\u0131. Ard\u0131ndan 07 Gen\u00e7lik D\u00f6nerci d\u00fckkan\u0131na giren \u015eahin, eline d\u00f6ner b\u0131\u00e7a\u011f\u0131n\u0131 alarak tavuk d\u00f6ner kesti ve ekmek aras\u0131na koyup daha sonra kendisi sat\u0131n ald\u0131 ve bir vatanda\u015fa ikram edildi.<\/p>\n<p style=\"text-align: justify;\"><strong>BAKANA TRAVEST\u0130 \u015e\u0130KAYET\u0130<\/strong><\/p>\n<p style=\"text-align: justify;\">Bakan \u015eahin&#8217;e caddedeki bir taksi dura\u011f\u0131n\u0131 ziyaretinde taksiciler, &#8220;Efendim d\u00f6nmeler y\u00fcz\u00fcnden \u00e7ok s\u0131k\u0131nt\u0131 \u00e7ekiyoruz&#8221; diye dert yand\u0131. Taksicilerin ne demek istedi\u011fini anlamayan \u015eahin&#8217;e Menderes T\u00fcrel yard\u0131mc\u0131 oldu. T\u00fcrel, &#8220;Travesti diye tabi edilenler&#8221; diye a\u00e7\u0131kl\u0131k getirdi. Taksi \u015fof\u00f6rleri travestilerin cadde \u00fczerinde beklemeleri y\u00fcz\u00fcnden ak\u015fam saat 20.00&#8217;den sonra ailelerinin d\u0131\u015far\u0131 \u00e7\u0131kamad\u0131\u011f\u0131n\u0131 s\u00f6yledi. \u015eahin, \u0130l Emniyet M\u00fcd\u00fcr\u00fc Feyzullah Arslan&#8217;\u0131 cep telefonundan aratt\u0131rarak, &#8220;Bu sorunu nas\u0131l \u00e7\u00f6zeriz? Nas\u0131l bir yetki gerekiyorsa konu\u015fal\u0131m&#8221; dedi.<\/p>\n<p style=\"text-align: justify;\">Otob\u00fcs duraklar\u0131nda bekleyen G\u00fclsen Genercio\u011flu adl\u0131 kad\u0131n da ekonomik kriz y\u00fcz\u00fcnden k\u0131z ve o\u011flunun \u00fccretsiz izne \u00e7\u0131kar\u0131ld\u0131\u011f\u0131ndan \u015fikayet etti.<\/p>\n<p style=\"text-align: justify;\">Bir vatanda\u015f ise Antalya&#8217;daki toplu ta\u015f\u0131mada kullan\u0131lan Antkart&#8217;la ilgili sitemde bulundu.<\/p>\n<p style=\"text-align: justify;\">\u015eahin gezisi s\u0131ras\u0131nda ilk\u00f6\u011fretim \u00f6\u011frencilerine dondurma sat\u0131n alarak ikram etti. Ozan O\u011fuzo\u011flu adl\u0131 \u00f6\u011frenci gitar\u0131 ile &#8216;G\u00fclpembe&#8217; \u015fark\u0131s\u0131n\u0131 \u00e7ald\u0131. Gitar\u0131 imzalayan \u015eahin, Ozan&#8217;a da hediye olarak dondurma verdi.<\/p>\n<p style=\"text-align: justify;\"><span style=\"color: #888888;\">Kaynak : Mehmet \u00c7INAR\/ANTALYA, (DHA)<\/span><\/p>\n<p style=\"text-align: justify;\">\n","protected":false},"excerpt":{"rendered":"<\/p>\n<p style=\"text-align: justify;\">&#8216;Bu olay\u0131n kendisini \u00fczm\u00fc\u015f olmas\u0131n\u0131 anlay\u0131\u015fla kar\u015f\u0131l\u0131yorum&#8217;<\/p>\n<p style=\"text-align: justify;\">ADALET Bakan\u0131 Mehmet Ali \u015eahin, Ergenekon iddianamesinde e\u015fiyle ilgili baz\u0131 iddialar\u0131n yer almas\u0131na tepki g\u00f6steren Star Haber Grup Ba\u015fkan\u0131 U\u011fur D\u00fcndar ile ilgili &#8220;Ben g\u00f6r\u00fclmekte olan davalarla ilgili, y\u00fcr\u00fct\u00fclmekte olan soru\u015fturmalarla ilgili bir a\u00e7\u0131klama yapm\u0131yorum. Kendisi bu davan\u0131n san\u0131klar\u0131ndan de\u011fil. Ama kendisinin veya <\/p>\n","protected":false},"author":1,"featured_media":0,"comment_status":"open","ping_status":"closed","sticky":false,"template":"","format":"standard","meta":{"footnotes":""},"categories":[105],"tags":[],"class_list":["post-6680","post","type-post","status-publish","format-standard","hentry","category-gundem","odd"],"_links":{"self":[{"href":"http:\/\/www.korhanyilmaz.com\/index.php?rest_route=\/wp\/v2\/posts\/6680","targetHints":{"allow":["GET"]}}],"collection":[{"href":"http:\/\/www.korhanyilmaz.com\/index.php?rest_route=\/wp\/v2\/posts"}],"about":[{"href":"http:\/\/www.korhanyilmaz.com\/index.php?rest_route=\/wp\/v2\/types\/post"}],"author":[{"embeddable":true,"href":"http:\/\/www.korhanyilmaz.com\/index.php?rest_route=\/wp\/v2\/users\/1"}],"replies":[{"embeddable":true,"href":"http:\/\/www.korhanyilmaz.com\/index.php?rest_route=%2Fwp%2Fv2%2Fcomments&post=6680"}],"version-history":[{"count":0,"href":"http:\/\/www.korhanyilmaz.com\/index.php?rest_route=\/wp\/v2\/posts\/6680\/revisions"}],"wp:attachment":[{"href":"http:\/\/www.korhanyilmaz.com\/index.php?rest_route=%2Fwp%2Fv2%2Fmedia&parent=6680"}],"wp:term":[{"taxonomy":"category","embeddable":true,"href":"http:\/\/www.korhanyilmaz.com\/index.php?rest_route=%2Fwp%2Fv2%2Fcategories&post=6680"},{"taxonomy":"post_tag","embeddable":true,"href":"http:\/\/www.korhanyilmaz.com\/index.php?rest_route=%2Fwp%2Fv2%2Ftags&post=6680"}],"curies":[{"name":"wp","href":"https:\/\/api.w.org\/{rel}","templated":true}]}}