{"id":6676,"date":"2009-03-26T17:47:22","date_gmt":"2009-03-26T15:47:22","guid":{"rendered":"http:\/\/www.korhanyilmaz.com\/?p=6676"},"modified":"2009-03-26T17:47:22","modified_gmt":"2009-03-26T15:47:22","slug":"%e2%80%98eroin-turkiye-uzerinden-gecti-1994-krizini-astik%e2%80%99","status":"publish","type":"post","link":"http:\/\/www.korhanyilmaz.com\/?p=6676","title":{"rendered":"\u2018Eroin T\u00fcrkiye \u00fczerinden ge\u00e7ti, 1994 krizini a\u015ft\u0131k\u2019"},"content":{"rendered":"<p><img loading=\"lazy\" decoding=\"async\" class=\"aligncenter size-full wp-image-6677\" title=\"\u2018Eroin T\u00fcrkiye \u00fczerinden ge\u00e7ti, 1994 krizini a\u015ft\u0131k\u2019 \" src=\"http:\/\/www.korhanyilmaz.com\/wp-content\/uploads\/2009\/03\/270320090402334202720.jpg\" alt=\"\u2018Eroin T\u00fcrkiye \u00fczerinden ge\u00e7ti, 1994 krizini a\u015ft\u0131k\u2019 \" width=\"320\" height=\"100\" \/><\/p>\n<p style=\"text-align: justify;\"><strong>\u0130ddianamede \u015fa\u015f\u0131rtan iddia: \u0130ddianamade, \u015fok bir su\u00e7lamaya da yer verildi<\/strong>.<\/p>\n<p style=\"text-align: justify;\">ATO Ba\u015fkan\u0131 Sinan Ayg\u00fcn&#8217;\u00fcn makam odas\u0131nda ele ge\u00e7en Yal\u00e7\u0131n Tanfer&#8217;in g\u00f6nderdi\u011fi 41 sayfal\u0131k bir mektupta, T\u00fcrkiye&#8217;nin 1994&#8217;teki ekonomik krizi, &#8216;eroin tacirlerinin&#8217;faaliyetine g\u00f6z yumarak atlatt\u0131\u011f\u0131 iddias\u0131 bulunuyor. \u0130ddiananameye \u00f6zetlenerek aktar\u0131lan bu mektubun sahibi, \u00e7ok ilgin\u00e7 bir isim. Emekli Albay Erdal Sar\u0131zeybek&#8217;in G\u00fcneydo\u011fu an\u0131lar\u0131n\u0131 anlatt\u0131\u011f\u0131 kitab\u0131nda Tanfer&#8217;in ismi &#8220;K\u00f6stebek&#8221; olarak ge\u00e7iyor. B\u00f6lge halk\u0131ndan &#8216;\u0130stihbarat karar\u011fah\u0131 kuraca\u011f\u0131z &#8221; diyerek 70 bin Tl toplayan bu ki\u015fi daha sonra 9 y\u0131l hapse \u00e7arpt\u0131r\u0131lm\u0131\u015ft\u0131. Teoman Koman ve \u0130smail Evci ile ba\u011flant\u0131l\u0131 oldu\u011fu \u00f6ne s\u00fcr\u00fclen ve tutukland\u0131ktan sonra Levent Ers\u00f6z taraf\u0131ndan ifadesi kameraya al\u0131nan Tanfer&#8217;in resmi hi\u00e7 bir s\u0131fat\u0131 bulunmuyor.<!--more--><\/p>\n<p style=\"text-align: justify;\"><strong>Dudak u\u00e7urtan iddia <\/strong><\/p>\n<p style=\"text-align: justify;\"><strong>\u0130ddianamede, Tanfer&#8217;in iddialar\u0131 \u015f\u00f6yle \u00f6zetlendi:<\/strong><\/p>\n<p style=\"text-align: justify;\">&#8220;T. \u00c7. (Tansu \u00c7iller) ile bir d\u00f6nem \u00e7ok de\u011ferli bir b\u00fcy\u00fc\u011f\u00fcm\u00fcn i\u015fareti ile devlet i\u00e7in \u00e7al\u0131\u015ft\u0131m. Ankara Bilkent \u00c7aml\u0131k Sitesi S\u00fcl\u00fcn Sokakta ki villada say\u0131s\u0131z toplant\u0131ya girdim. Afganistan ve \u0130ran kaynakl\u0131 eroin ge\u00e7i\u015finin T\u00fcrkiye \u00fczerinden olur. O d\u00f6nem i\u00e7in ekonomik y\u00f6nden s\u0131k\u0131nt\u0131da olan T\u00fcrkiye&#8217;nin eroin ge\u00e7i\u015fini T\u00fcrkiye&#8217;den olmas\u0131 halinde en az 20 milyar dolar\u0131n \u00fclkeye girece\u011fini, M.A.&#8217;\u0131n T.\u00c7.&#8217;e telkin etti. O d\u00f6nem i\u00e7in Nisan krizi ile ilgili d\u0131\u015far\u0131dan be\u015f kuru\u015f almadan bu kriz on g\u00fcnde atlat\u0131ld\u0131.Bunun sebebi uyu\u015fturucu ge\u00e7i\u015finden sa\u011flanan parad\u0131r. Bu i\u015fte piyon olarak M.A. taraf\u0131ndan \u00d6mer L\u00fctfi Topal&#8217;\u0131n kullan\u0131ld\u0131. Topal bu ba\u011flant\u0131lar\u0131 orta\u011f\u0131 olan Sami Ho\u015ftan vas\u0131tas\u0131 ile sa\u011flad\u0131. Ho\u015ftan&#8217;\u0131n da Jandarmada J\u0130TEM&#8217;i kuran MHP sempetizan\u0131, kafas\u0131na eseni yapan, Kocaeli Alay Komutan\u0131 Veli K\u00fc\u00e7\u00fck&#8217;\u00fcn adam\u0131d\u0131r. &#8220;<\/p>\n<p style=\"text-align: justify;\"><strong>\u015eener ba\u015far\u0131s\u0131z olursa Hisarc\u0131kl\u0131o\u011flu plan\u0131!<\/strong><\/p>\n<p style=\"text-align: justify;\">\u0130ddianame&#8217;de, AKP&#8217;nin b\u00f6l\u00fcnmesi i\u00e7in yapt\u0131\u011f\u0131 giri\u015fimler de yans\u0131d\u0131. Jandarma \u0130stihbarat Ba\u015fkan\u0131 Emekli Tu\u011fgeneral Levent Ers\u00f6z&#8217;\u00fcn, Abdullatif \u015eener&#8217;le g\u00f6r\u00fc\u015fmesi iddianamede \u015fu \u015fekilde yer ald\u0131: &#8220;&#8230;. Sinan Ayd\u0131n Ayg\u00fcn, siyasi partilerin y\u00f6nlendirilmesi olarak, Abdullatif \u015eener, Levent Ers\u00f6z de gizlice g\u00f6r\u00fc\u015ferek yeni olu\u015fumun organizesi i\u00e7in \u00e7al\u0131\u015ft\u0131klar\u0131, bu faaliyetleri kendi siyasal \u00e7al\u0131\u015fmalar\u0131 olarak de\u011fil y\u00fcr\u00fctme organ\u0131 g\u00f6revini y\u00fcr\u00fcten partiyi b\u00f6l\u00fcp kapatma davas\u0131 sonras\u0131nda olu\u015facak ekonomik kriz ve kaos ortam\u0131 sonucunda Ergenekon silahl\u0131 ter\u00f6r \u00f6rg\u00fct\u00fcn\u00fcn ama\u00e7lar\u0131 aras\u0131nda bulunan siyasi partileri gizlice el alt\u0131ndan y\u00f6netmek ama\u00e7 ve faaliyetlerine uygun hareket etti\u011fi anla\u015f\u0131lmaktad\u0131r.&#8221;<\/p>\n<p style=\"text-align: justify;\">\u015eener&#8217;in ba\u015far\u0131s\u0131z olmas\u0131 durumunda da TOBB Ba\u015fkan\u0131 R\u0131fat Hisarc\u0131kl\u0131o\u011flu ismini de bir alternatif olarak d\u00fc\u015f\u00fcnd\u00fc\u011f\u00fc de iddianameye yans\u0131d\u0131.<\/p>\n<p style=\"text-align: justify;\"><strong>Zeydan GP&#8217;ye ge\u00e7mek i\u00e7in 1.5 milyon dolar istedi<\/strong><\/p>\n<p style=\"text-align: justify;\">\u0130ddianamede, Jandarma Komutanl\u0131\u011f\u0131 \u0130stihbarat Daire Ba\u015fkan\u0131 Tu\u011fgeneral Levent Ers\u00f6z&#8217;\u00fcn karargahta, Gen\u00e7 Parti lideri Cem Uzan&#8217;a &#8220;milletvekili transfer edin&#8221; bask\u0131s\u0131 yapt\u0131\u011f\u0131na ili\u015fkin bir CD bulunuyor. Uzan buna &#8220;Hakkari ba\u011f\u0131ms\u0131z milletvekili b\u00f6yle bir i\u015f i\u00e7in 1.5 milyon dolar istedi. Paray\u0131 sokaktan toplam\u0131yorum ki..&#8221; yan\u0131t\u0131 veriyor. VATAN, o tarihte Hakkari&#8217;nin tek ba\u011f\u0131ms\u0131z milletvekili olan Mustafa Zeydan&#8217;\u0131 d\u00fcn arad\u0131 ancak ula\u015famad\u0131. \u0130ddianamede Ers\u00f6z&#8217;le Cem Uzan aras\u0131ndaki g\u00f6r\u00fc\u015fme \u015f\u00f6yle ifade ediliyor:<\/p>\n<p style=\"text-align: justify;\">n 21 Ocak 2004&#8217;te Levent Ers\u00f6z, Atilla U\u011fur, \u0130smail Y\u0131ld\u0131z ve Hayrullah isimli \u015fah\u0131s Cem Uzan&#8217;la bir g\u00f6r\u00fc\u015fme yapt\u0131klar\u0131 anla\u015f\u0131lm\u0131\u015ft\u0131r. G\u00f6r\u00fc\u015fmede Uzun Grubu&#8217;nun mevcut h\u00fck\u00fcmet taraf\u0131ndan ma\u011fdur edildi\u011fini ve bu \u00e7er\u00e7evede Ers\u00f6z&#8217;\u00fcn, Uzan&#8217;\u0131n ya\u015fad\u0131\u011f\u0131 ma\u011fduriyetler ile ilgili tepkilerini dile getirmeye devam etmeleri ve bu tepkileri bas\u0131n yay\u0131n organlar\u0131yla s\u00fcrd\u00fcrmeleri gerekti\u011fini s\u00f6yledi\u011fi tespit edilmi\u015ftir. Ers\u00f6z&#8217;\u00fcn Uzan&#8217;a televizyon programlar\u0131nda ya da medya kar\u015f\u0131s\u0131nda yapt\u0131\u011f\u0131 konu\u015fmalarla ilgili taktik ve y\u00f6ntemler verdi\u011fi de anala\u015f\u0131lmakta. G\u00f6r\u00fc\u015fmenin ilerleyen b\u00f6l\u00fcmlerinde Ers\u00f6z&#8217;\u00fcn &#8220;Se\u00e7imlerden sonra niye bir transfer konusu yap\u0131p da bir grup olu\u015fturmad\u0131n\u0131z Meclis&#8217;te&#8221; dedi\u011fi, Uzan&#8217;\u0131n da &#8220;M\u00fcmk\u00fcn olmad\u0131 ki&#8221; yan\u0131t\u0131 verdi\u011fi ortaya \u00e7\u0131kmakta. Ers\u00f6z&#8217;\u00fcn de &#8220;Darbeler gelinceye kadar olan d\u00f6nemde b\u00f6yle bir milletvekili transfer edip de&#8230; &#8221; dedi\u011fi, Cem Uzan&#8217;\u0131n da Meclis&#8217;te grup kurmak ba\u015fka bir \u015fey. Bir y\u0131\u011f\u0131n servet harcay\u0131p 15 ki\u015fi alsam da grup kuraram &#8221; yan\u0131t\u0131 verdi\u011fi tespit edilmi\u015ftir.<\/p>\n<p style=\"text-align: justify;\"><span style=\"color: #888888;\">Kaynak : Dilek YILDIZ \/ VATAN \u0130ST\u0130HBARAT <\/span><\/p>\n<p style=\"text-align: justify;\">\n","protected":false},"excerpt":{"rendered":"<\/p>\n<p style=\"text-align: justify;\">\u0130ddianamede \u015fa\u015f\u0131rtan iddia: \u0130ddianamade, \u015fok bir su\u00e7lamaya da yer verildi.<\/p>\n<p style=\"text-align: justify;\">ATO Ba\u015fkan\u0131 Sinan Ayg\u00fcn&#8217;\u00fcn makam odas\u0131nda ele ge\u00e7en Yal\u00e7\u0131n Tanfer&#8217;in g\u00f6nderdi\u011fi 41 sayfal\u0131k bir mektupta, T\u00fcrkiye&#8217;nin 1994&#8217;teki ekonomik krizi, &#8216;eroin tacirlerinin&#8217;faaliyetine g\u00f6z yumarak atlatt\u0131\u011f\u0131 iddias\u0131 bulunuyor. \u0130ddiananameye \u00f6zetlenerek aktar\u0131lan bu mektubun sahibi, \u00e7ok ilgin\u00e7 bir isim. Emekli Albay Erdal Sar\u0131zeybek&#8217;in <\/p>\n","protected":false},"author":1,"featured_media":0,"comment_status":"open","ping_status":"closed","sticky":false,"template":"","format":"standard","meta":{"footnotes":""},"categories":[105],"tags":[],"class_list":["post-6676","post","type-post","status-publish","format-standard","hentry","category-gundem","odd"],"_links":{"self":[{"href":"http:\/\/www.korhanyilmaz.com\/index.php?rest_route=\/wp\/v2\/posts\/6676","targetHints":{"allow":["GET"]}}],"collection":[{"href":"http:\/\/www.korhanyilmaz.com\/index.php?rest_route=\/wp\/v2\/posts"}],"about":[{"href":"http:\/\/www.korhanyilmaz.com\/index.php?rest_route=\/wp\/v2\/types\/post"}],"author":[{"embeddable":true,"href":"http:\/\/www.korhanyilmaz.com\/index.php?rest_route=\/wp\/v2\/users\/1"}],"replies":[{"embeddable":true,"href":"http:\/\/www.korhanyilmaz.com\/index.php?rest_route=%2Fwp%2Fv2%2Fcomments&post=6676"}],"version-history":[{"count":0,"href":"http:\/\/www.korhanyilmaz.com\/index.php?rest_route=\/wp\/v2\/posts\/6676\/revisions"}],"wp:attachment":[{"href":"http:\/\/www.korhanyilmaz.com\/index.php?rest_route=%2Fwp%2Fv2%2Fmedia&parent=6676"}],"wp:term":[{"taxonomy":"category","embeddable":true,"href":"http:\/\/www.korhanyilmaz.com\/index.php?rest_route=%2Fwp%2Fv2%2Fcategories&post=6676"},{"taxonomy":"post_tag","embeddable":true,"href":"http:\/\/www.korhanyilmaz.com\/index.php?rest_route=%2Fwp%2Fv2%2Ftags&post=6676"}],"curies":[{"name":"wp","href":"https:\/\/api.w.org\/{rel}","templated":true}]}}