{"id":6672,"date":"2009-03-26T17:43:40","date_gmt":"2009-03-26T15:43:40","guid":{"rendered":"http:\/\/www.korhanyilmaz.com\/?p=6672"},"modified":"2009-03-26T17:43:40","modified_gmt":"2009-03-26T15:43:40","slug":"akp%e2%80%99li-belediye-baskani-hakkinda-agir-iddia","status":"publish","type":"post","link":"http:\/\/www.korhanyilmaz.com\/?p=6672","title":{"rendered":"AKP\u2019li belediye ba\u015fkan\u0131 hakk\u0131nda a\u011f\u0131r iddia"},"content":{"rendered":"<p><img loading=\"lazy\" decoding=\"async\" class=\"aligncenter size-full wp-image-6673\" title=\"AKP\u2019li belediye ba\u015fkan\u0131 hakk\u0131nda a\u011f\u0131r iddia \" src=\"http:\/\/www.korhanyilmaz.com\/wp-content\/uploads\/2009\/03\/270320090404182640311.jpg\" alt=\"AKP\u2019li belediye ba\u015fkan\u0131 hakk\u0131nda a\u011f\u0131r iddia \" width=\"320\" height=\"100\" \/><\/p>\n<p style=\"text-align: justify;\"><strong>Cezaev\u0130ndek\u0130 san\u0131k, &#8220;MHP&#8217;li \u00fcyeye sald\u0131r\u0131ya beni AKP&#8217;li Kazan Belediye Ba\u015fkan\u0131 Lokman Ert\u00fcrk azmettirdi&#8221; dedi.<\/strong><\/p>\n<p style=\"text-align: justify;\">MHP&#8217;den Ankara&#8217;n\u0131n Kazan \u0130l\u00e7esi Belediye Meclis \u00dcyesi Ali Esendemir&#8217;e silahl\u0131 sald\u0131r\u0131 d\u00fczenledi\u011fi iddias\u0131yla iki ki\u015fiyle birlikte yarg\u0131lanan san\u0131k, cezaevinden mahkemeye bir dilek\u00e7e g\u00f6ndererek, kendisini azmettirenlerden birinin de AKP&#8217;li Belediye Ba\u015fkan\u0131 Lokman Ert\u00fcrk oldu\u011funu iddia etti. Esendemir, bu mektubun ard\u0131ndan Ert\u00fcrk hakk\u0131nda su\u00e7 duyurusunda bulundu. \u0130lgin\u00e7 olay \u015f\u00f6yle geli\u015fti: 2005 y\u0131l\u0131nda MHP&#8217;li Belediye Meclis \u00dcyesi Ali Esendemir&#8217;e silahl\u0131 sald\u0131r\u0131 yap\u0131ld\u0131. Sald\u0131r\u0131dan Esendemir yara almadan kurtuldu. Faili me\u00e7hul olarak kalan olayla ilgili olarak 2008 Ekim&#8217;inde \u0130stanbul&#8217;da ba\u015fka bir su\u00e7tan g\u00f6zalt\u0131na al\u0131nan Durmu\u015f Akay&#8217;\u0131n, Esendemir&#8217;e sald\u0131r\u0131y\u0131 d\u00fczenleyen ki\u015fi de oldu\u011fu ortaya \u00e7\u0131kar\u0131ld\u0131.<!--more--><\/p>\n<p style=\"text-align: justify;\"><strong>Susma hakk\u0131n\u0131 kulland\u0131<\/strong><\/p>\n<p style=\"text-align: justify;\">Ankara 1. A\u011f\u0131r Ceza Mahkemesi&#8217;nde tutuklanan Akay&#8217;\u0131n yan\u0131 s\u0131ra Kredi Kooperatif Ba\u015fkan\u0131 Mehmet G\u00f6kdemir&#8217;le akrabas\u0131 Ey\u00fcp \u00c7otuk&#8217;a da dava a\u00e7\u0131ld\u0131. \u0130ki duru\u015fmada susan san\u0131k Akay, 18 Mart 2009&#8217;da Sincan 2 Nolu L Tipi Cezaevi&#8217;nden mahkemeye bir dilek\u00e7e g\u00f6ndererek, samimi itiraflarda bulunmak istedi\u011fini belirtti. Dilek\u00e7esinde, &#8220;Su\u00e7 ortaklar\u0131m ve azmettirici hakk\u0131nda her ne kadar susma hakk\u0131m\u0131 kullanm\u0131\u015fsam da \u015fu an \u00e7ok pi\u015fman\u0131m ve vicdanen rahats\u0131z\u0131m&#8221; diyen Akay, \u015funlar\u0131 yazd\u0131: &#8220;Efendim beni olaya azmettirenler Ankara Kazan \u0130l\u00e7esi Belediye Ba\u015fkan\u0131 Lokman Ert\u00fcrk ve (Ardiyeci) Hakan isimli \u015fah\u0131slar ve ayn\u0131 dosyada isimleri mevcut olan Mehmet G\u00f6kdemir ve Ey\u00fcp \u00c7otuk&#8217;tur. Kendileri ile telefon g\u00f6r\u00fc\u015fmelerimiz dosyada mevcuttur.&#8221;<\/p>\n<p style=\"text-align: justify;\"><span style=\"color: #888888;\">Kaynak : Vatan Gazetesi<\/span><\/p>\n","protected":false},"excerpt":{"rendered":"<\/p>\n<p style=\"text-align: justify;\">Cezaev\u0130ndek\u0130 san\u0131k, &#8220;MHP&#8217;li \u00fcyeye sald\u0131r\u0131ya beni AKP&#8217;li Kazan Belediye Ba\u015fkan\u0131 Lokman Ert\u00fcrk azmettirdi&#8221; dedi.<\/p>\n<p style=\"text-align: justify;\">MHP&#8217;den Ankara&#8217;n\u0131n Kazan \u0130l\u00e7esi Belediye Meclis \u00dcyesi Ali Esendemir&#8217;e silahl\u0131 sald\u0131r\u0131 d\u00fczenledi\u011fi iddias\u0131yla iki ki\u015fiyle birlikte yarg\u0131lanan san\u0131k, cezaevinden mahkemeye bir dilek\u00e7e g\u00f6ndererek, kendisini azmettirenlerden birinin de AKP&#8217;li Belediye Ba\u015fkan\u0131 Lokman Ert\u00fcrk oldu\u011funu iddia etti. Esendemir, <\/p>\n","protected":false},"author":1,"featured_media":0,"comment_status":"open","ping_status":"closed","sticky":false,"template":"","format":"standard","meta":{"footnotes":""},"categories":[105],"tags":[],"class_list":["post-6672","post","type-post","status-publish","format-standard","hentry","category-gundem","odd"],"_links":{"self":[{"href":"http:\/\/www.korhanyilmaz.com\/index.php?rest_route=\/wp\/v2\/posts\/6672","targetHints":{"allow":["GET"]}}],"collection":[{"href":"http:\/\/www.korhanyilmaz.com\/index.php?rest_route=\/wp\/v2\/posts"}],"about":[{"href":"http:\/\/www.korhanyilmaz.com\/index.php?rest_route=\/wp\/v2\/types\/post"}],"author":[{"embeddable":true,"href":"http:\/\/www.korhanyilmaz.com\/index.php?rest_route=\/wp\/v2\/users\/1"}],"replies":[{"embeddable":true,"href":"http:\/\/www.korhanyilmaz.com\/index.php?rest_route=%2Fwp%2Fv2%2Fcomments&post=6672"}],"version-history":[{"count":0,"href":"http:\/\/www.korhanyilmaz.com\/index.php?rest_route=\/wp\/v2\/posts\/6672\/revisions"}],"wp:attachment":[{"href":"http:\/\/www.korhanyilmaz.com\/index.php?rest_route=%2Fwp%2Fv2%2Fmedia&parent=6672"}],"wp:term":[{"taxonomy":"category","embeddable":true,"href":"http:\/\/www.korhanyilmaz.com\/index.php?rest_route=%2Fwp%2Fv2%2Fcategories&post=6672"},{"taxonomy":"post_tag","embeddable":true,"href":"http:\/\/www.korhanyilmaz.com\/index.php?rest_route=%2Fwp%2Fv2%2Ftags&post=6672"}],"curies":[{"name":"wp","href":"https:\/\/api.w.org\/{rel}","templated":true}]}}