{"id":6648,"date":"2009-03-25T22:01:45","date_gmt":"2009-03-25T20:01:45","guid":{"rendered":"http:\/\/www.korhanyilmaz.com\/?p=6648"},"modified":"2009-03-25T22:01:45","modified_gmt":"2009-03-25T20:01:45","slug":"ugur-dundarin-isyani-aile-namusuma-kursun-sikildi","status":"publish","type":"post","link":"http:\/\/www.korhanyilmaz.com\/?p=6648","title":{"rendered":"U\u011fur D\u00fcndar&#039;\u0131n isyan\u0131 : &quot;Aile namusuma kur\u015fun s\u0131k\u0131ld\u0131.&quot;"},"content":{"rendered":"<p style=\"text-align: center;\"><a href=\"http:\/\/www.korhanyilmaz.com\/wp-content\/uploads\/2009\/03\/250320092217096655295.jpg\"  class=\"lightview\"><img loading=\"lazy\" decoding=\"async\" class=\"aligncenter size-full wp-image-6649\" title=\"U\u011fur D\u00fcndar'\u0131n isyan\u0131Aile namusuma kur\u015fun s\u0131k\u0131ld\u0131! \" src=\"http:\/\/www.korhanyilmaz.com\/wp-content\/uploads\/2009\/03\/250320092217096655295.jpg\" alt=\"U\u011fur D\u00fcndar'\u0131n isyan\u0131Aile namusuma kur\u015fun s\u0131k\u0131ld\u0131! \" width=\"329\" height=\"210\" \/><\/a><a class=\"lightview\" title=\"U\u011fur D\u00fcndar'\u0131n isyan\u0131 Aile namusuma kur\u015fun s\u0131k\u0131ld\u0131! ::  :: width: 500, height: 395\" rel=\"iframe\" href=\"http:\/\/www.korhanyilmaz.com\/swf\/flvplayer.swf?file=http:\/\/video.gazetevatan.com\/video\/file\/ugurdundarisyanetti.flv\"><img loading=\"lazy\" decoding=\"async\" class=\"aligncenter\" title=\"Habere \u0130li\u015fkin Videoyu \u0130zlemek \u0130\u00e7in T\u0131klay\u0131n..\" src=\"wp-data\/images\/video_izle_tikla.png\" alt=\"\" width=\"30\" height=\"30\" \/ class=\"lightview\"><\/a><\/p>\n<p style=\"text-align: justify;\"><strong>Star Haber Grup Ba\u015fkan\u0131 U\u011fur D\u00fcndar, Ergenekon soru\u015fturmas\u0131nda 2. iddianamesinde e\u015fi ve ailesi ile igilili yer alan iddialar\u0131 yalanlayarak tepki g\u00f6sterdi. <\/strong><\/p>\n<p style=\"text-align: justify;\">Star Haber Grup ba\u015fkan\u0131 U\u011fur D\u00fcndar, iddianamede ailesiyle ilgili bir e-postaya yer verilmesi \u00fczerine d\u00fcnk\u00fc Star Ana Haber&#8217;de, &#8220;B\u00f6yle bir iftar\u0131n\u0131n Ergenekon&#8217;la ne ilgisi var. Say\u0131n Ba\u015fbakan sizin ailenizle bir iddia yer verilse ne yapard\u0131n\u0131z&#8221; diye isyan etti. D\u00fcndar, iddianamede gazeteci G\u00fcler K\u00f6m\u00fcrc\u00fc&#8217;ye \u0130lhami Yang\u0131n adl\u0131 bir gazetecinin yollad\u0131\u011f\u0131 ve &#8216;e\u015finin s\u00fcrekli Brezilya&#8217;ya gitti\u011fi&#8217;iddialar\u0131n\u0131 i\u00e7eren e-postaya yer verilmesine \u00e7ok sert tepki g\u00f6sterdi. <!--more--><\/p>\n<p style=\"text-align: justify;\">S\u00f6z konusu ki\u015finin Tansu \u00c7iller&#8217;in ba\u015fbakanl\u0131\u011f\u0131 d\u00f6neminde yay\u0131n yapan BTV&#8217;nin haber m\u00fcd\u00fcr\u00fc oldu\u011funu ve &#8216;ipe sapa gelmez bir iddiay\u0131 yazd\u0131\u011f\u0131n\u0131&#8217;s\u00f6yleyen D\u00fcndar, e\u015finin evlilikleri s\u00fcresince hi\u00e7bir zaman Brezilya&#8217;ya gitmedi\u011fini s\u00f6yledi. \u0130\u015fte D\u00fcndar&#8217;\u0131n canl\u0131 yay\u0131ndaki isyan\u0131: &#8220;Namusuma kur\u015fun s\u0131k\u0131ld\u0131. Bu bizim yarg\u0131m\u0131z\u0131n Ergenekon iddianamesini haz\u0131rlayan savc\u0131lar benim onuruma, \u015ferefime aile namusuma kur\u015fun s\u0131kt\u0131. BTV&#8217;nin haber m\u00fcd\u00fcr\u00fcn\u00fcn bir mailinde yazanlar: U\u011fur D\u00fcndar ile ilgili ciddi belgeler ve foto\u011fraflar vard\u0131. Mesela D\u00fcndar&#8217;\u0131n aile ili\u015fkileri. Kar\u0131s\u0131n\u0131n s\u00fcrekli Brezilya&#8217;ya gidi\u015fi&#8230;&#8221;<\/p>\n<p style=\"text-align: justify;\"><strong>\u0130spatlay\u0131n, intihar ederim<\/strong><\/p>\n<p style=\"text-align: justify;\">&#8220;\u0130ntihar ederim. Benim e\u015fim evlendikten sonra hi\u00e7 bir zaman tek ba\u015f\u0131na yurt d\u0131\u015f\u0131na \u00e7\u0131kmad\u0131\u011f\u0131 gibi hayat\u0131nda Brezilya&#8217;ya gitmedi. Evlili\u011fimiz d\u00f6neminde Brezilya&#8217;ya gitti\u011fini biri \u00e7\u0131ks\u0131n ispat etsin. Ben \u015fu dakikada g\u00f6revimi b\u0131rakaca\u011f\u0131m. Hatta intihar bile ederim. Bu namus meselesi. Yanda\u015f bas\u0131na malzeme: Birisi iftira atacak ve siz savc\u0131 olarak onun pe\u015fine d\u00fc\u015fmek varken onu aynen alacak ve onu yanda\u015f bas\u0131n\u0131n kullanmas\u0131 i\u00e7in malzeme haz\u0131rlayacaks\u0131n\u0131z. Bunun Ergenekon davas\u0131 ile ne ilgisi var.&#8221;<\/p>\n<p style=\"text-align: justify;\"><span style=\"color: #888888;\">Kaynak : Vatan Gazetesi<\/span><\/p>\n","protected":false},"excerpt":{"rendered":"<p style=\"text-align: center;\">\n<p style=\"text-align: justify;\">Star Haber Grup Ba\u015fkan\u0131 U\u011fur D\u00fcndar, Ergenekon soru\u015fturmas\u0131nda 2. iddianamesinde e\u015fi ve ailesi ile igilili yer alan iddialar\u0131 yalanlayarak tepki g\u00f6sterdi. <\/p>\n<p style=\"text-align: justify;\">Star Haber Grup ba\u015fkan\u0131 U\u011fur D\u00fcndar, iddianamede ailesiyle ilgili bir e-postaya yer verilmesi \u00fczerine d\u00fcnk\u00fc Star Ana Haber&#8217;de, &#8220;B\u00f6yle bir iftar\u0131n\u0131n Ergenekon&#8217;la ne ilgisi var. Say\u0131n <\/p>\n","protected":false},"author":1,"featured_media":0,"comment_status":"open","ping_status":"closed","sticky":false,"template":"","format":"standard","meta":{"footnotes":""},"categories":[105],"tags":[],"class_list":["post-6648","post","type-post","status-publish","format-standard","hentry","category-gundem","odd"],"_links":{"self":[{"href":"http:\/\/www.korhanyilmaz.com\/index.php?rest_route=\/wp\/v2\/posts\/6648","targetHints":{"allow":["GET"]}}],"collection":[{"href":"http:\/\/www.korhanyilmaz.com\/index.php?rest_route=\/wp\/v2\/posts"}],"about":[{"href":"http:\/\/www.korhanyilmaz.com\/index.php?rest_route=\/wp\/v2\/types\/post"}],"author":[{"embeddable":true,"href":"http:\/\/www.korhanyilmaz.com\/index.php?rest_route=\/wp\/v2\/users\/1"}],"replies":[{"embeddable":true,"href":"http:\/\/www.korhanyilmaz.com\/index.php?rest_route=%2Fwp%2Fv2%2Fcomments&post=6648"}],"version-history":[{"count":0,"href":"http:\/\/www.korhanyilmaz.com\/index.php?rest_route=\/wp\/v2\/posts\/6648\/revisions"}],"wp:attachment":[{"href":"http:\/\/www.korhanyilmaz.com\/index.php?rest_route=%2Fwp%2Fv2%2Fmedia&parent=6648"}],"wp:term":[{"taxonomy":"category","embeddable":true,"href":"http:\/\/www.korhanyilmaz.com\/index.php?rest_route=%2Fwp%2Fv2%2Fcategories&post=6648"},{"taxonomy":"post_tag","embeddable":true,"href":"http:\/\/www.korhanyilmaz.com\/index.php?rest_route=%2Fwp%2Fv2%2Ftags&post=6648"}],"curies":[{"name":"wp","href":"https:\/\/api.w.org\/{rel}","templated":true}]}}