{"id":6621,"date":"2009-03-25T13:39:23","date_gmt":"2009-03-25T11:39:23","guid":{"rendered":"http:\/\/www.korhanyilmaz.com\/?p=6621"},"modified":"2009-03-25T13:39:23","modified_gmt":"2009-03-25T11:39:23","slug":"ferda-paksut-de-sanik","status":"publish","type":"post","link":"http:\/\/www.korhanyilmaz.com\/?p=6621","title":{"rendered":"Ferda Paks\u00fct de san\u0131k"},"content":{"rendered":"<p><img loading=\"lazy\" decoding=\"async\" class=\"aligncenter size-full wp-image-6622\" title=\"Ferda Paks\u00fct de san\u0131k \" src=\"http:\/\/www.korhanyilmaz.com\/wp-content\/uploads\/2009\/03\/250320091338281219866.jpg\" alt=\"Ferda Paks\u00fct de san\u0131k \" width=\"320\" height=\"100\" \/><\/p>\n<p style=\"text-align: justify;\"><strong>2. iddianamede Anayasa Mahkemesi Ba\u015fkanvekili Osman Paks\u00fct&#8217;\u00fcn e\u015fi de san\u0131k<\/strong><\/p>\n<p>Ergenekon&#8217;un ikinci iddianamesinde 56 san\u0131k bulunuyor. Anayasa Mahkemesi Ba\u015fkanvekili Osman Paks\u00fct&#8217;\u00fcn e\u015fi Ferda Paks\u00fct&#8217;\u00fcn de aralar\u0131nda bulundu\u011fu s\u00fcrpriz san\u0131klar bulunuyor. <!--more--><\/p>\n<p><strong>\u0130\u015fte \u015fu ana kadar \u00f6\u011frenilen san\u0131klar\u0131n isimleri&#8230;<\/strong><\/p>\n<p>Levent Temiz<br \/>\nHakan \u015eanl\u0131<br \/>\nAdnan T\u00fcrkan<br \/>\nS\u00fcleyman Solmaz<br \/>\nHatice Bahtiyar<br \/>\nEmcet Olcaytu<br \/>\nAdil Serdar Sa\u00e7an<br \/>\nHamza Demir<br \/>\nFatma Sibel Y\u00fcksek<br \/>\nErol M\u00fctercimler<br \/>\nMahir Akar<br \/>\nMesut \u00d6zcan<br \/>\nSinan Ayd\u0131n Ayg\u00fcn<br \/>\nMusfata Ali Balbay<br \/>\nEmin \u015eirin<br \/>\nOsman G\u00fcrb\u00fcz<br \/>\nUfuk Mehmet B\u00fcy\u00fck\u00e7elebi<br \/>\nErc\u00fcment Oval\u0131<br \/>\nMuhammed Murat Avar<br \/>\nAhmet Tuncay \u00d6zkan<br \/>\nBirol Ba\u015faran<br \/>\nAdnan Bulut<br \/>\nSelim Utku G\u00fcmr\u00fck\u00e7\u00fc<br \/>\nErta\u00e7 Giray<br \/>\nMehmet Ali \u00c7elebi<br \/>\nMerdan Yanarda\u011f<br \/>\n\u0130lker G\u00fcven<br \/>\nSiyami Yal\u00e7\u0131n<br \/>\nHalis Yavuz I\u015f\u0131klar<br \/>\nKemal Ayd\u0131n<br \/>\nMurat A\u011f\u0131rel<br \/>\nTun\u00e7 Akko\u00e7<br \/>\nArif Do\u011fan<br \/>\nG\u00fcrb\u00fcz \u00c7apan<br \/>\nNeriman Ayd\u0131n<br \/>\nHasan Atilla U\u011fur<br \/>\nBarbaros Hayrettin Alt\u0131nta\u015f<br \/>\nAhmet Hur\u015fit Tolon<br \/>\nMehmet \u015eener Eruygur<br \/>\nDurmu\u015f Ali \u00d6zo\u011flu<br \/>\n\u0130brahim \u00d6zcan<br \/>\nLevent Ers\u00f6z<br \/>\nTurhan \u00c7\u00f6mez<br \/>\nDo\u011fukan Yorulmaz<br \/>\nMuzaffer \u00d6zt\u00fcrk<br \/>\nTanju G\u00fcvendiren<br \/>\nEren Mumcu<br \/>\nHasan H\u00fcseyin U\u00e7ar<br \/>\nNoyan \u00c7al\u0131ku\u015fu<br \/>\nYa\u015far Tozkoparan<br \/>\nEvrim Baykara<br \/>\n\u00d6nder Ko\u00e7<br \/>\nH\u00fcseyin Nazl\u0131kul<br \/>\nY\u00fcksel Dilsiz<br \/>\nH\u00fcseyin Keskin<br \/>\nFerda Paks\u00fct\n<\/p>\n<p style=\"text-align: justify;\"><span style=\"color: #888888;\">Kaynak : Vatan<\/span><\/p>\n","protected":false},"excerpt":{"rendered":"<\/p>\n<p style=\"text-align: justify;\">2. iddianamede Anayasa Mahkemesi Ba\u015fkanvekili Osman Paks\u00fct&#8217;\u00fcn e\u015fi de san\u0131k<\/p>\n<p>Ergenekon&#8217;un ikinci iddianamesinde 56 san\u0131k bulunuyor. Anayasa Mahkemesi Ba\u015fkanvekili Osman Paks\u00fct&#8217;\u00fcn e\u015fi Ferda Paks\u00fct&#8217;\u00fcn de aralar\u0131nda bulundu\u011fu s\u00fcrpriz san\u0131klar bulunuyor. <\/p>\n","protected":false},"author":1,"featured_media":0,"comment_status":"open","ping_status":"closed","sticky":false,"template":"","format":"standard","meta":{"footnotes":""},"categories":[105],"tags":[],"class_list":["post-6621","post","type-post","status-publish","format-standard","hentry","category-gundem","odd"],"_links":{"self":[{"href":"http:\/\/www.korhanyilmaz.com\/index.php?rest_route=\/wp\/v2\/posts\/6621","targetHints":{"allow":["GET"]}}],"collection":[{"href":"http:\/\/www.korhanyilmaz.com\/index.php?rest_route=\/wp\/v2\/posts"}],"about":[{"href":"http:\/\/www.korhanyilmaz.com\/index.php?rest_route=\/wp\/v2\/types\/post"}],"author":[{"embeddable":true,"href":"http:\/\/www.korhanyilmaz.com\/index.php?rest_route=\/wp\/v2\/users\/1"}],"replies":[{"embeddable":true,"href":"http:\/\/www.korhanyilmaz.com\/index.php?rest_route=%2Fwp%2Fv2%2Fcomments&post=6621"}],"version-history":[{"count":0,"href":"http:\/\/www.korhanyilmaz.com\/index.php?rest_route=\/wp\/v2\/posts\/6621\/revisions"}],"wp:attachment":[{"href":"http:\/\/www.korhanyilmaz.com\/index.php?rest_route=%2Fwp%2Fv2%2Fmedia&parent=6621"}],"wp:term":[{"taxonomy":"category","embeddable":true,"href":"http:\/\/www.korhanyilmaz.com\/index.php?rest_route=%2Fwp%2Fv2%2Fcategories&post=6621"},{"taxonomy":"post_tag","embeddable":true,"href":"http:\/\/www.korhanyilmaz.com\/index.php?rest_route=%2Fwp%2Fv2%2Ftags&post=6621"}],"curies":[{"name":"wp","href":"https:\/\/api.w.org\/{rel}","templated":true}]}}