{"id":6590,"date":"2009-03-25T10:39:01","date_gmt":"2009-03-25T08:39:01","guid":{"rendered":"http:\/\/www.korhanyilmaz.com\/?p=6590"},"modified":"2009-03-25T10:39:01","modified_gmt":"2009-03-25T08:39:01","slug":"itirafta-var-sorusturmada-yok","status":"publish","type":"post","link":"http:\/\/www.korhanyilmaz.com\/?p=6590","title":{"rendered":"\u0130tirafta var, soru\u015fturmada yok"},"content":{"rendered":"<p style=\"text-align: center;\"><img loading=\"lazy\" decoding=\"async\" class=\"aligncenter size-full wp-image-6592\" title=\"Kayseri Jandarma Alay Komutan\u0131 Albay Cemal Temiz\u00f6z \" src=\"http:\/\/www.korhanyilmaz.com\/wp-content\/uploads\/2009\/03\/fft28_mf1433791.jpeg\" alt=\"\" width=\"314\" height=\"207\" \/><\/p>\n<p style=\"text-align: justify;\"><strong>\u015e\u0131rnak&#8217;\u0131n Cizre \u0130l\u00e7esindeki kemik bulunan kaz\u0131larla ilgili g\u00f6zalt\u0131na al\u0131nan Kayseri \u0130l Jandarma Komutan\u0131 Albay C. T.&#8217;nin ad\u0131, daha \u00f6nce itiraf\u00e7\u0131 Abdulkadir Aygan&#8217;\u0131n itiraflar\u0131nda s\u0131k\u00e7a ge\u00e7iyordu.<\/strong><\/p>\n<p style=\"text-align: justify;\">Aygan&#8217;\u0131n itiraflar\u0131n\u0131 ihbar kabul eden Van Cumhuriyet Ba\u015fsavc\u0131l\u0131\u011f\u0131 J\u0130TEM mensuplar\u0131 hakk\u0131nda su\u00e7 duyurusunda bulunmu\u015f; ad\u0131 ge\u00e7enlerden 18&#8217;i hakk\u0131nda soru\u015fturma ba\u015flat\u0131l\u0131rken, Albay C. T. bu soru\u015fturma kapsam\u0131na al\u0131nmam\u0131\u015ft\u0131.\u00a0Kayseri \u0130l Jandarma Komutan\u0131 Albay C.T tutukland\u0131.<\/p>\n<p style=\"text-align: justify;\">Cizre&#8217;nin Ku\u015ftepe K\u00f6y\u00fc&#8217;nde bir ihbar sonucu yap\u0131lan kaz\u0131larda 20 kemik par\u00e7as\u0131 bulunmu\u015ftu. \u0130hbar\u0131 yapan ki\u015fi eski Cizre Belediye Ba\u015fkan\u0131 ve korucuba\u015f\u0131 Kamil Atak&#8217;\u0131n baz\u0131 ki\u015fileri Hizbullah&#8217;a teslim etti\u011fini ve bu ki\u015filerin \u00f6ld\u00fcr\u00fcld\u00fc\u011f\u00fcn\u00fc anlatm\u0131\u015ft\u0131. Olayla ilgili Kamil Atak&#8217;\u0131n yakalanmas\u0131ndan sonra cinayetlerin i\u015flendi\u011fi \u00f6ne s\u00fcr\u00fclen d\u00f6nemde b\u00f6lgede g\u00f6rev yapan Kayseri \u0130l Jandarma Alay Komutan\u0131 Albay C.T. g\u00f6zalt\u0131na al\u0131nm\u0131\u015ft\u0131.Diyarbak\u0131r Cumhuriyet Ba\u015fsavc\u0131l\u0131\u011f\u0131&#8217;n\u0131n talimat\u0131 do\u011frultusunda g\u00f6zalt\u0131na al\u0131nan C. T., d\u00fcn sabah Kayseri&#8217;den karayoluyla Diyarbak\u0131r&#8217;a g\u00f6nderildi. Ancak C.T&#8217;nin ad\u0131 daha \u00f6nce de faili me\u00e7hul cinayetlerle g\u00fcndeme gelmi\u015f ancak soru\u015fturulmam\u0131\u015ft\u0131. <!--more--><\/p>\n<p style=\"text-align: justify;\"><strong>\u00dc\u00e7 y\u0131ll\u0131k soru\u015fturma <\/strong><\/p>\n<p style=\"text-align: justify;\">Halen \u0130sve\u00e7&#8217;te ya\u015fayan PKK itiraf\u00e7\u0131s\u0131 Abdulkadir Aygan&#8217;\u0131n itiraflar\u0131n\u0131 i\u00e7eren, &#8216;\u0130tiraf\u00e7\u0131-Bir J\u0130TEM&#8217;ci Anlatt\u0131&#8217; adl\u0131 kitab\u0131 ihbar kabul eden Van \u00d6zel yetkili Cumhuriyet Ba\u015fsavc\u0131l\u0131\u011f\u0131, itiraflarda ad\u0131 ge\u00e7en ve aralar\u0131nda halen muvazzaf olan baz\u0131 subay ve astsubaylar ile korucu, itiraf\u00e7\u0131 ve sivil istihbarat elemanlar\u0131n\u0131n bulundu\u011fu J\u0130TEM mensuplar\u0131 hak\u0131nda \u00fc\u00e7 y\u0131l \u00f6nce su\u00e7 duyurusunda bulunmu\u015ftu.<\/p>\n<p style=\"text-align: justify;\">Van Cumhuriyet Ba\u015fsavc\u0131l\u0131\u011f\u0131, su\u00e7 yerlerinin Diyarbak\u0131r ve \u00e7evresi olmas\u0131 nedeniyle, soru\u015fturma yapma yetkisinin Diyarbak\u0131r Ba\u015fsavc\u0131l\u0131\u011f\u0131&#8217;nda olmas\u0131 gerekti\u011fini belirterek evrak\u0131 Diyarbak\u0131r&#8217;a g\u00f6nderdi. Diyarbak\u0131r Cumhuriyet Ba\u015fsavc\u0131l\u0131\u011f\u0131 ise kitapta ad\u0131 ge\u00e7enlerden sadece 18 ki\u015fi hakk\u0131nda &#8216;\u00c7ete kurmak, kasten adam \u00f6ld\u00fcrmek, \u00fclke birli\u011fi ve b\u00fct\u00fcnl\u00fc\u011f\u00fcn\u00fc bozmak&#8217; su\u00e7lar\u0131ndan soru\u015fturma a\u00e7t\u0131, itiraflarda s\u0131k\u00e7a ad\u0131 ge\u00e7en Albay C. T. bu soru\u015fturma kapsam\u0131na al\u0131nmad\u0131. Soru\u015fturma evrak\u0131 daha sonra g\u00f6revsizlik karar\u0131 verilerek 7. Kolordu Komutanl\u0131\u011f\u0131 Askeri Savc\u0131l\u0131\u011f\u0131&#8217;na g\u00f6nderildi.<\/p>\n<p style=\"text-align: justify;\">Albay C. T.&#8217;nin dosyas\u0131 halen askeri savc\u0131l\u0131kta bekletilirken, Diyarbak\u0131r Cumhuriyet Ba\u015fsavc\u0131l\u0131\u011f\u0131&#8217;nca verilen g\u00f6revsizlik karar\u0131nda su\u00e7 \u015f\u00f6yle anlat\u0131l\u0131yordu:?&#8221;&#8216;Kitapta Diyarbak\u0131r Jandarma \u0130stihbarat Grup Komutanl\u0131\u011f\u0131&#8217;nda g\u00f6revli olan \u015f\u00fcphelilerce 1991-96 y\u0131llar\u0131 aras\u0131nda \u00e7ok say\u0131da ki\u015fiyi sorgulay\u0131p \u00f6ld\u00fcrd\u00fckleri iddia edilmi\u015ftir.&#8221; Karar\u0131n devam\u0131nda \u015f\u00fcphelilerin asker olmas\u0131 nedeniyle soru\u015fturman\u0131n 7. Kolordu Komutanl\u0131\u011f\u0131 Askeri Savc\u0131l\u0131\u011f\u0131&#8217;nca y\u00fcr\u00fct\u00fclmesi gerekti\u011fi belirtiliyor. Soru\u015fturmada bir s\u00fcre \u00f6nce intihar eden Abdulkerim K\u0131rca&#8217;n\u0131n da ad\u0131 ge\u00e7iyor.<br \/>\nCizre&#8217;de bulunan kemiklerle ilgili olarak PKK?itiraf\u00e7\u0131s\u0131 ve eski J\u0130TEM&#8217;ci Abd\u00fclhakim G\u00fcven g\u00f6zalt\u0131na al\u0131nd\u0131. G\u00fcven daha sonra tutuksuz yarg\u0131lanmak \u00fczere serbest b\u0131rak\u0131ld\u0131.\n<\/p>\n<p style=\"text-align: justify;\"><span style=\"color: #888888;\">Kaynak : Radikal <\/span><\/p>\n<p style=\"text-align: justify;\">\n","protected":false},"excerpt":{"rendered":"<p style=\"text-align: center;\">\n<p style=\"text-align: justify;\">\u015e\u0131rnak&#8217;\u0131n Cizre \u0130l\u00e7esindeki kemik bulunan kaz\u0131larla ilgili g\u00f6zalt\u0131na al\u0131nan Kayseri \u0130l Jandarma Komutan\u0131 Albay C. T.&#8217;nin ad\u0131, daha \u00f6nce itiraf\u00e7\u0131 Abdulkadir Aygan&#8217;\u0131n itiraflar\u0131nda s\u0131k\u00e7a ge\u00e7iyordu.<\/p>\n<p style=\"text-align: justify;\">Aygan&#8217;\u0131n itiraflar\u0131n\u0131 ihbar kabul eden Van Cumhuriyet Ba\u015fsavc\u0131l\u0131\u011f\u0131 J\u0130TEM mensuplar\u0131 hakk\u0131nda su\u00e7 duyurusunda bulunmu\u015f; ad\u0131 ge\u00e7enlerden 18&#8217;i hakk\u0131nda soru\u015fturma ba\u015flat\u0131l\u0131rken, Albay C. T. <\/p>\n","protected":false},"author":1,"featured_media":0,"comment_status":"open","ping_status":"closed","sticky":false,"template":"","format":"standard","meta":{"footnotes":""},"categories":[105],"tags":[],"class_list":["post-6590","post","type-post","status-publish","format-standard","hentry","category-gundem","odd"],"_links":{"self":[{"href":"http:\/\/www.korhanyilmaz.com\/index.php?rest_route=\/wp\/v2\/posts\/6590","targetHints":{"allow":["GET"]}}],"collection":[{"href":"http:\/\/www.korhanyilmaz.com\/index.php?rest_route=\/wp\/v2\/posts"}],"about":[{"href":"http:\/\/www.korhanyilmaz.com\/index.php?rest_route=\/wp\/v2\/types\/post"}],"author":[{"embeddable":true,"href":"http:\/\/www.korhanyilmaz.com\/index.php?rest_route=\/wp\/v2\/users\/1"}],"replies":[{"embeddable":true,"href":"http:\/\/www.korhanyilmaz.com\/index.php?rest_route=%2Fwp%2Fv2%2Fcomments&post=6590"}],"version-history":[{"count":0,"href":"http:\/\/www.korhanyilmaz.com\/index.php?rest_route=\/wp\/v2\/posts\/6590\/revisions"}],"wp:attachment":[{"href":"http:\/\/www.korhanyilmaz.com\/index.php?rest_route=%2Fwp%2Fv2%2Fmedia&parent=6590"}],"wp:term":[{"taxonomy":"category","embeddable":true,"href":"http:\/\/www.korhanyilmaz.com\/index.php?rest_route=%2Fwp%2Fv2%2Fcategories&post=6590"},{"taxonomy":"post_tag","embeddable":true,"href":"http:\/\/www.korhanyilmaz.com\/index.php?rest_route=%2Fwp%2Fv2%2Ftags&post=6590"}],"curies":[{"name":"wp","href":"https:\/\/api.w.org\/{rel}","templated":true}]}}