{"id":6584,"date":"2009-03-25T12:39:01","date_gmt":"2009-03-25T10:39:01","guid":{"rendered":"http:\/\/www.korhanyilmaz.com\/?p=6584"},"modified":"2009-03-25T12:39:01","modified_gmt":"2009-03-25T10:39:01","slug":"ergenekonda-baykal-gercekten-varmis","status":"publish","type":"post","link":"http:\/\/www.korhanyilmaz.com\/?p=6584","title":{"rendered":"Ergenekon Baykal&#039;\u0131 da devirmek istemi\u015f!"},"content":{"rendered":"<p style=\"text-align: center;\"><img loading=\"lazy\" decoding=\"async\" class=\"aligncenter size-full wp-image-6585\" title=\"Ergenekon'da Baykal ger\u00e7ekten varm\u0131\u015f! \" src=\"http:\/\/www.korhanyilmaz.com\/wp-content\/uploads\/2009\/03\/fft5_mf143486.jpeg\" alt=\"Ergenekon'da Baykal ger\u00e7ekten varm\u0131\u015f! \" width=\"315\" height=\"210\" \/><\/p>\n<p style=\"text-align: center;\">\n<p style=\"text-align: justify;\"><strong><span style=\"font-family: Arial;\">Mahkeme 2. iddianameyi kabul etti! \u0130\u015fte \u015fok b\u00f6l\u00fcmler<\/span><\/strong><\/p>\n<p style=\"text-align: justify;\"><span style=\"font-family: Arial;\">\u0130stanbul 13. A\u011f\u0131r Ceza Mahkemesi, &#8220;Ergenekon&#8221; soru\u015fturmas\u0131n\u0131n 2. iddianamesini kabul edip etmedi\u011fine ili\u015fkin karar\u0131n\u0131 a\u00e7\u0131klad\u0131. Mahkeme iddianameyi kabul etti.<\/span><strong><span style=\"font-family: Arial;\"><br \/>\n<\/span><\/strong>\n<\/p>\n<p style=\"text-align: justify;\">Bu karardan \u00f6nce 2. iddiananameye ili\u015fkin birtak\u0131m bilgilere ula\u015f\u0131ld\u0131. Buna g\u00f6re iddianamede, &#8220;AKP ve MHP&#8217;yi b\u00f6lme planlar\u0131&#8221; ile &#8220;CHP lideri Deniz Baykal&#8217;\u0131 devirme planlar\u0131n\u0131n&#8221; yer ald\u0131\u011f\u0131 belirtiliyor. <!--more--><\/p>\n<p style=\"text-align: justify;\">\u0130ddianamede yer alanlar:<\/p>\n<p style=\"text-align: justify;\"><strong>Siyasi Parti ba\u015fl\u0131klar\u0131: <\/strong><\/p>\n<p style=\"text-align: justify;\">&#8211; Ergenekon AKP ve MHP&#8217;yi b\u00f6lmeye \u00e7al\u0131\u015f\u0131yor.<\/p>\n<p style=\"text-align: justify;\">&#8211; Ergenekon CHP i\u00e7inde \u00e7e\u015fitli operasyonlara gitti. Bunun amac\u0131 Deniz Baykal&#8217;\u0131 devirme planlar\u0131.<\/p>\n<p style=\"text-align: justify;\">&#8211; Ergenekon&#8217;un CHP ve MHP y\u00f6netimini de\u011fi\u015ftirme \u00e7abas\u0131nda oldu\u011fu ifade ediliyor.<\/p>\n<p style=\"text-align: justify;\">&#8211; Ergenekon, Baykal&#8217;a y\u00f6nelik yo\u011fun bir dinleme \u00e7abas\u0131 i\u00e7indeydi<\/p>\n<p style=\"text-align: justify;\">&#8211; &#8220;Eldiven&#8221; kod adl\u0131 darbe plan\u0131 iddianamede yer al\u0131yor.<\/p>\n<p style=\"text-align: justify;\">&#8211; Ergenekon&#8217;un AKP&#8217;yi kapatma davas\u0131na n\u00fcfuz etmeye \u00e7al\u0131\u015ft\u0131\u011f\u0131 \u00f6ne s\u00fcr\u00fcl\u00fcyor.<\/p>\n<p style=\"text-align: justify;\">&#8211; Atat\u00fcrk\u00e7\u00fc D\u00fc\u015f\u00fcnce Derne\u011fi (ADD) mercek alt\u0131nda.<\/p>\n<p style=\"text-align: justify;\">&#8211; Cumhuriyet mitingleri mercek alt\u0131nda.<\/p>\n<p style=\"text-align: justify;\"><strong>Ter\u00f6r ba\u015fl\u0131klar\u0131: <\/strong><\/p>\n<p style=\"text-align: justify;\">&#8211; Karargah evlerinin nas\u0131l \u00f6rg\u00fctlendi\u011fiyle ilgili ayr\u0131nt\u0131l\u0131 anlat\u0131mlar<\/p>\n<p style=\"text-align: justify;\">&#8211; PKK, T\u0130T, Hizbullah, Hizbut Tahrir gibi ter\u00f6r \u00f6rg\u00fctleri de Ergenekon&#8217;a n\u00fcfuz etti<\/p>\n<p style=\"text-align: justify;\">&#8211; \u015eemdin Sak\u0131k&#8217;\u0131n da Ergenekon ile ba\u011flant\u0131s\u0131 ara\u015ft\u0131r\u0131l\u0131yor<\/p>\n<p style=\"text-align: justify;\"><strong>Darbe ba\u015fl\u0131klar\u0131:<\/strong><\/p>\n<p style=\"text-align: justify;\">&#8211; &#8220;Ay\u0131\u015f\u0131\u011f\u0131&#8221; ve &#8220;Sar\u0131k\u0131z&#8221; darbe planlar\u0131 iddianamede, ama soru\u015fturulmuyor.<\/p>\n<p style=\"text-align: justify;\">&#8211; &#8220;Eldiven&#8221; kod adl\u0131 darbe plan\u0131<\/p>\n<p style=\"text-align: justify;\"><strong>San\u0131klar:<\/strong><\/p>\n<p style=\"text-align: justify;\">&#8211; Neriman Ayd\u0131n&#8217;\u0131n Hizbut Tahrir ile ba\u011flant\u0131l\u0131 oldu\u011fu iddia ediliyor<\/p>\n<p style=\"text-align: justify;\"><span style=\"color: #888888;\">(cnnturk)<\/span><\/p>\n","protected":false},"excerpt":{"rendered":"<p style=\"text-align: center;\">\n<p style=\"text-align: center;\">\n<p style=\"text-align: justify;\">Mahkeme 2. iddianameyi kabul etti! \u0130\u015fte \u015fok b\u00f6l\u00fcmler<\/p>\n<p style=\"text-align: justify;\">\u0130stanbul 13. A\u011f\u0131r Ceza Mahkemesi, &#8220;Ergenekon&#8221; soru\u015fturmas\u0131n\u0131n 2. iddianamesini kabul edip etmedi\u011fine ili\u015fkin karar\u0131n\u0131 a\u00e7\u0131klad\u0131. Mahkeme iddianameyi kabul etti. <\/p>\n<p style=\"text-align: justify;\">Bu karardan \u00f6nce 2. iddiananameye ili\u015fkin birtak\u0131m bilgilere ula\u015f\u0131ld\u0131. Buna g\u00f6re iddianamede, &#8220;AKP ve MHP&#8217;yi <\/p>\n","protected":false},"author":1,"featured_media":0,"comment_status":"open","ping_status":"closed","sticky":false,"template":"","format":"standard","meta":{"footnotes":""},"categories":[105],"tags":[],"class_list":["post-6584","post","type-post","status-publish","format-standard","hentry","category-gundem","odd"],"_links":{"self":[{"href":"http:\/\/www.korhanyilmaz.com\/index.php?rest_route=\/wp\/v2\/posts\/6584","targetHints":{"allow":["GET"]}}],"collection":[{"href":"http:\/\/www.korhanyilmaz.com\/index.php?rest_route=\/wp\/v2\/posts"}],"about":[{"href":"http:\/\/www.korhanyilmaz.com\/index.php?rest_route=\/wp\/v2\/types\/post"}],"author":[{"embeddable":true,"href":"http:\/\/www.korhanyilmaz.com\/index.php?rest_route=\/wp\/v2\/users\/1"}],"replies":[{"embeddable":true,"href":"http:\/\/www.korhanyilmaz.com\/index.php?rest_route=%2Fwp%2Fv2%2Fcomments&post=6584"}],"version-history":[{"count":0,"href":"http:\/\/www.korhanyilmaz.com\/index.php?rest_route=\/wp\/v2\/posts\/6584\/revisions"}],"wp:attachment":[{"href":"http:\/\/www.korhanyilmaz.com\/index.php?rest_route=%2Fwp%2Fv2%2Fmedia&parent=6584"}],"wp:term":[{"taxonomy":"category","embeddable":true,"href":"http:\/\/www.korhanyilmaz.com\/index.php?rest_route=%2Fwp%2Fv2%2Fcategories&post=6584"},{"taxonomy":"post_tag","embeddable":true,"href":"http:\/\/www.korhanyilmaz.com\/index.php?rest_route=%2Fwp%2Fv2%2Ftags&post=6584"}],"curies":[{"name":"wp","href":"https:\/\/api.w.org\/{rel}","templated":true}]}}