{"id":6573,"date":"2009-03-25T10:38:25","date_gmt":"2009-03-25T08:38:25","guid":{"rendered":"http:\/\/www.korhanyilmaz.com\/?p=6573"},"modified":"2009-03-25T10:38:25","modified_gmt":"2009-03-25T08:38:25","slug":"kayseri-jandarma-alay-komutani-tutuklandi","status":"publish","type":"post","link":"http:\/\/www.korhanyilmaz.com\/?p=6573","title":{"rendered":"Kayseri Jandarma Alay Komutan\u0131 tutukland\u0131"},"content":{"rendered":"<p><img loading=\"lazy\" decoding=\"async\" class=\"aligncenter size-full wp-image-6574\" title=\"Kayseri Jandarma Alay Komutan\u0131 Albay Cemal Temiz\u00f6z \" src=\"http:\/\/www.korhanyilmaz.com\/wp-content\/uploads\/2009\/03\/7622814.jpg\" alt=\"Kayseri Jandarma Alay Komutan\u0131 Albay Cemal Temiz\u00f6z \" width=\"200\" height=\"200\" \/><\/p>\n<p style=\"text-align: justify;\"><strong>\u015e\u0131rnak&#8217;taki kaz\u0131larla ilgili Cumhuriyet Ba\u015fsavc\u0131l\u0131\u011f\u0131n\u0131n talimat\u0131 do\u011frultusunda g\u00f6zalt\u0131na al\u0131nan Kayseri Jandarma Alay Komutan\u0131 Albay Cemal Temiz\u00f6z &#8220;adam \u00f6ld\u00fcrmeye azmettirmek ve silahl\u0131 \u00f6rg\u00fct \u00fcyesi olmak&#8221; su\u00e7undan tutukland\u0131.<\/strong><\/p>\n<p style=\"text-align: justify;\">Cizre&#8217;de s\u00fcrd\u00fcr\u00fclen kaz\u0131 \u00e7al\u0131\u015fmalar\u0131nda bulunan kemiklerle ilgili Diyarbak\u0131r Cumhuriyet Ba\u015fsavc\u0131l\u0131\u011f\u0131&#8217;n\u0131n talimat\u0131 do\u011frultusunda Kayseri&#8217;de g\u00f6zalt\u0131na al\u0131nan ve d\u00fcn ak\u015fam Diyarbak\u0131r&#8217;a getirilen Albay Temiz\u00f6z&#8217;\u00fcn ifadesi \u00f6zel yetkili Cumhuriyet Savc\u0131s\u0131 taraf\u0131ndan al\u0131nd\u0131.<!--more--><\/p>\n<p style=\"text-align: justify;\">Temiz\u00f6z&#8217;\u00fcn ifadesinin al\u0131nmas\u0131 sabah\u0131n erken saatlerine kadar s\u00fcrd\u00fc.<\/p>\n<p style=\"text-align: justify;\">Cumhuriyet Savc\u0131s\u0131nca tutuklanma talebiyle n\u00f6bet\u00e7i mahkemeye sevk edilen Albay Temiz\u00f6z, &#8220;Adam \u00f6ld\u00fcrmeye azmettirmek ve silahl\u0131 \u00f6rg\u00fct \u00fcyesi olmak&#8221; su\u00e7undan tutuklanarak askeri cezaevine g\u00f6nderildi.<\/p>\n<p style=\"text-align: justify;\">Diyarbak\u0131r Cumhuriyet Ba\u015fsavc\u0131l\u0131\u011f\u0131na iki tan\u0131\u011f\u0131n verdi\u011fi ifadeler do\u011frultusunda g\u00f6zalt\u0131na al\u0131nan Temiz\u00f6z&#8217;\u00fcn \u015e\u0131rnak&#8217;\u0131n Cizre il\u00e7esinde g\u00f6rev yapt\u0131\u011f\u0131 1993-1996 y\u0131llar\u0131 aras\u0131ndaki d\u00f6nemde kaybolan ki\u015filerle ilgili ifadesine ba\u015fvuruldu. Ancak, Temiz\u00f6z&#8217;\u00fcn savc\u0131l\u0131k ve n\u00f6bet\u00e7i mahkemede su\u00e7lamalar\u0131 kabul etmedi\u011fi \u00f6\u011frenildi.<\/p>\n<p style=\"text-align: justify;\">Cizre-\u0130dil kara yolundaki Ku\u015ftepe K\u00f6y\u00fcnde 16 Mart 2009 tarihinde ba\u015flat\u0131lan kaz\u0131 \u00e7al\u0131\u015fmalar\u0131nda 20 kemik par\u00e7as\u0131 bulunmu\u015f ve olayla ilgili olarak 5 ki\u015fi g\u00f6zalt\u0131na al\u0131nm\u0131\u015f, bu ki\u015filerden biri tutuklanm\u0131\u015ft\u0131.<\/p>\n<p style=\"text-align: justify;\">Kemik par\u00e7alar\u0131yla ilgili olarak aranan eski Cizre Belediye Ba\u015fkan\u0131 Kamil Atak da bir s\u00fcre \u00f6nce Mardin&#8217;de yakalanarak Diyarbak\u0131r&#8217;a getirilmi\u015f ve sevk edildi\u011fi adli mercilerce d\u00fcn tutuklanm\u0131\u015ft\u0131.<\/p>\n<p style=\"text-align: justify;\"><span style=\"color: #888888;\"> AA<\/span><\/p>\n","protected":false},"excerpt":{"rendered":"<\/p>\n<p style=\"text-align: justify;\">\u015e\u0131rnak&#8217;taki kaz\u0131larla ilgili Cumhuriyet Ba\u015fsavc\u0131l\u0131\u011f\u0131n\u0131n talimat\u0131 do\u011frultusunda g\u00f6zalt\u0131na al\u0131nan Kayseri Jandarma Alay Komutan\u0131 Albay Cemal Temiz\u00f6z &#8220;adam \u00f6ld\u00fcrmeye azmettirmek ve silahl\u0131 \u00f6rg\u00fct \u00fcyesi olmak&#8221; su\u00e7undan tutukland\u0131.<\/p>\n<p style=\"text-align: justify;\">Cizre&#8217;de s\u00fcrd\u00fcr\u00fclen kaz\u0131 \u00e7al\u0131\u015fmalar\u0131nda bulunan kemiklerle ilgili Diyarbak\u0131r Cumhuriyet Ba\u015fsavc\u0131l\u0131\u011f\u0131&#8217;n\u0131n talimat\u0131 do\u011frultusunda Kayseri&#8217;de g\u00f6zalt\u0131na al\u0131nan ve d\u00fcn ak\u015fam Diyarbak\u0131r&#8217;a getirilen Albay Temiz\u00f6z&#8217;\u00fcn ifadesi \u00f6zel <\/p>\n","protected":false},"author":1,"featured_media":0,"comment_status":"open","ping_status":"closed","sticky":false,"template":"","format":"standard","meta":{"footnotes":""},"categories":[105],"tags":[],"class_list":["post-6573","post","type-post","status-publish","format-standard","hentry","category-gundem","odd"],"_links":{"self":[{"href":"http:\/\/www.korhanyilmaz.com\/index.php?rest_route=\/wp\/v2\/posts\/6573","targetHints":{"allow":["GET"]}}],"collection":[{"href":"http:\/\/www.korhanyilmaz.com\/index.php?rest_route=\/wp\/v2\/posts"}],"about":[{"href":"http:\/\/www.korhanyilmaz.com\/index.php?rest_route=\/wp\/v2\/types\/post"}],"author":[{"embeddable":true,"href":"http:\/\/www.korhanyilmaz.com\/index.php?rest_route=\/wp\/v2\/users\/1"}],"replies":[{"embeddable":true,"href":"http:\/\/www.korhanyilmaz.com\/index.php?rest_route=%2Fwp%2Fv2%2Fcomments&post=6573"}],"version-history":[{"count":0,"href":"http:\/\/www.korhanyilmaz.com\/index.php?rest_route=\/wp\/v2\/posts\/6573\/revisions"}],"wp:attachment":[{"href":"http:\/\/www.korhanyilmaz.com\/index.php?rest_route=%2Fwp%2Fv2%2Fmedia&parent=6573"}],"wp:term":[{"taxonomy":"category","embeddable":true,"href":"http:\/\/www.korhanyilmaz.com\/index.php?rest_route=%2Fwp%2Fv2%2Fcategories&post=6573"},{"taxonomy":"post_tag","embeddable":true,"href":"http:\/\/www.korhanyilmaz.com\/index.php?rest_route=%2Fwp%2Fv2%2Ftags&post=6573"}],"curies":[{"name":"wp","href":"https:\/\/api.w.org\/{rel}","templated":true}]}}